{"id":958,"date":"2015-06-16T11:44:20","date_gmt":"2015-06-16T09:44:20","guid":{"rendered":"http:\/\/fsk-kino.peripherfilm.de\/?p=958"},"modified":"2021-08-31T11:44:13","modified_gmt":"2021-08-31T09:44:13","slug":"worst-case-scenario","status":"publish","type":"post","link":"https:\/\/fsk-kino.peripherfilm.de\/en\/worst-case-scenario\/","title":{"rendered":"Worst Case Scenario"},"content":{"rendered":"<p>Nachdem der urspr\u00fcng\u00adlich geplan\u00adte Dreh in Polen sechs Wochen vor Drehbeginn abge\u00adbla\u00adsen wur\u00adde, trom\u00admel\u00adte Franz M\u00fcller sei\u00adne Freunde zusam\u00admen und dreh\u00adte trotz\u00addem: einen Film \u00fcber ein Filmprojekt in Polen, des\u00adsen Verwirklichung die denk\u00adbar ung\u00fcns\u00adtigs\u00adte Entwicklung nimmt. 25 Freunde von Franz M\u00fcller haben sicht\u00adlich Spa\u00df dabei, dem Regisseur <!--more-->Georg (gespielt von Samuel Finzi) mal behilf\u00adlich, meis\u00adtens jedoch hin\u00adder\u00adlich zu sein. Und womit sich Georg auf gar kei\u00adnen Fall auch noch besch\u00e4f\u00adti\u00adgen m\u00f6ch\u00adte: dass sei\u00adne Ex-Freundin Olga (Eva L\u00f6bau), zun\u00e4chst nur f\u00fcr\u2019s Kost\u00fcmbild, bald aber f\u00fcr wei\u00adte\u00adre Aufgaben vor Ort zust\u00e4n\u00addig, schwan\u00adger ist. <em>Worst Case Scenario<\/em> ist ein Gemeinschaftsprojekt, das den rea\u00adlen Umst\u00e4nden zum Trotz ent\u00adstand und als Film im Film offen\u00adher\u00adzig auf sich selbst verweist.<\/p>\n<figure id=\"attachment_960\" aria-describedby=\"caption-attachment-960\" style=\"width: 400px\" class=\"wp-caption alignright\"><a href=\"http:\/\/fsk-kino.peripherfilm.de\/wp-content\/uploads\/2015\/06\/wcc1.jpg\" data-lbwps-width=\"1024\" data-lbwps-height=\"576\" data-lbwps-srcsmall=\"https:\/\/fsk-kino.peripherfilm.de\/wp-content\/uploads\/2015\/06\/wcc1-400x225.jpg\" data-lbwps-caption=\"Worst Case Scenario\"><img loading=\"lazy\" decoding=\"async\" class=\"wp-image-960 size-medium\" src=\"http:\/\/fsk-kino.peripherfilm.de\/wp-content\/uploads\/2015\/06\/wcc1-400x225.jpg\" alt=\"Worst Case Scenario\" width=\"400\" height=\"225\" srcset=\"https:\/\/fsk-kino.peripherfilm.de\/wp-content\/uploads\/2015\/06\/wcc1-400x225.jpg 400w, https:\/\/fsk-kino.peripherfilm.de\/wp-content\/uploads\/2015\/06\/wcc1-300x169.jpg 300w, https:\/\/fsk-kino.peripherfilm.de\/wp-content\/uploads\/2015\/06\/wcc1-600x338.jpg 600w, https:\/\/fsk-kino.peripherfilm.de\/wp-content\/uploads\/2015\/06\/wcc1.jpg 1024w, https:\/\/fsk-kino.peripherfilm.de\/wp-content\/uploads\/2015\/06\/wcc1-624x351.jpg 624w\" sizes=\"auto, (max-width: 400px) 100vw, 400px\"><\/a><figcaption id=\"caption-attachment-960\" class=\"wp-caption-text\">Worst Case Scenario \u2013 Drehcampergruppe<\/figcaption><\/figure>\n<p>Auf die Frage, ob \u00fcber\u00adhaupt irgend\u00adet\u00adwas erfun\u00adden ist oder alles auf per\u00ads\u00f6n\u00adli\u00adchen Erlebnissen beruht, ant\u00adwor\u00adtet Franz M\u00fcller:<br>\n\u201eIch f\u00fcrch\u00adte, es ist alles genau so pas\u00adsiert. Es ist alles echt, das ist das Schlimme bei Kom\u00f6dien. Je per\u00ads\u00f6n\u00adli\u00adcher man wird, je mehr man von sich preis\u00adgibt und je pein\u00adli\u00adcher es dadurch wird, des\u00adto mehr Leute k\u00f6n\u00adnen sich damit verbinden.\u201d<\/p>\n<p><em>D 2014, 82 Min., deutsch, eng\u00adlisch, pol\u00adnisch mit dt.&nbsp;<span class=\"caps\">UT<\/span><\/em><\/p>\n<p><em>Buch, Regie: Franz M\u00fcller<\/em><br>\n<em> Kamera: Kawe&nbsp;Vakil<\/em><br>\n<em> Schnitt: Andreas Menn, Oliver Held, Stefan Stabenow<\/em><br>\n<em> Mit: Eva L\u00f6bau, Samuel Finzi, Laura&nbsp;Tonke<\/em><\/p>\n<p>[<a href=\"http:\/\/grandfilm.de\/worst-case-scenario\/\">Verleihseite<\/a>]<\/p>\n\n\n<p><iframe loading=\"lazy\" src=\"https:\/\/player.vimeo.com\/video\/125548137\" width=\"500\" height=\"281\" frameborder=\"0\" allowfullscreen=\"allowfullscreen\"><\/iframe><\/p>\n","protected":false},"excerpt":{"rendered":"<p>Nachdem der urspr\u00fcng\u00adlich geplan\u00adte Dreh in Polen sechs Wochen vor Drehbeginn abge\u00adbla\u00adsen wur\u00adde, trom\u00admel\u00adte Franz M\u00fcller sei\u00adne Freunde zusam\u00admen und dreh\u00adte trotz\u00addem: einen Film \u00fcber ein Filmprojekt in Polen, des\u00adsen Verwirklichung die denk\u00adbar ung\u00fcns\u00adtigs\u00adte Entwicklung nimmt. 25 Freunde von Franz M\u00fcller haben sicht\u00adlich Spa\u00df dabei, dem Regisseur&nbsp;<\/p>\n","protected":false},"author":2,"featured_media":959,"comment_status":"closed","ping_status":"open","sticky":false,"template":"","format":"standard","meta":{"_crdt_document":"","wp_typography_post_enhancements_disabled":false,"slim_seo":{"title":"Worst Case Scenario - fsk Kino","description":"Nachdem der urspr\u00fcnglich geplante Dreh in Polen sechs Wochen vor Drehbeginn abgeblasen wurde, trommelte Franz M\u00fcller seine Freunde zusammen und drehte trotzdem:"},"footnotes":""},"categories":[25],"tags":[198],"class_list":["post-958","post","type-post","status-publish","format-standard","has-post-thumbnail","hentry","category-archiv","tag-nocache"],"_links":{"self":[{"href":"https:\/\/fsk-kino.peripherfilm.de\/en\/wp-json\/wp\/v2\/posts\/958","targetHints":{"allow":["GET"]}}],"collection":[{"href":"https:\/\/fsk-kino.peripherfilm.de\/en\/wp-json\/wp\/v2\/posts"}],"about":[{"href":"https:\/\/fsk-kino.peripherfilm.de\/en\/wp-json\/wp\/v2\/types\/post"}],"author":[{"embeddable":true,"href":"https:\/\/fsk-kino.peripherfilm.de\/en\/wp-json\/wp\/v2\/users\/2"}],"replies":[{"embeddable":true,"href":"https:\/\/fsk-kino.peripherfilm.de\/en\/wp-json\/wp\/v2\/comments?post=958"}],"version-history":[{"count":0,"href":"https:\/\/fsk-kino.peripherfilm.de\/en\/wp-json\/wp\/v2\/posts\/958\/revisions"}],"wp:featuredmedia":[{"embeddable":true,"href":"https:\/\/fsk-kino.peripherfilm.de\/en\/wp-json\/wp\/v2\/media\/959"}],"wp:attachment":[{"href":"https:\/\/fsk-kino.peripherfilm.de\/en\/wp-json\/wp\/v2\/media?parent=958"}],"wp:term":[{"taxonomy":"category","embeddable":true,"href":"https:\/\/fsk-kino.peripherfilm.de\/en\/wp-json\/wp\/v2\/categories?post=958"},{"taxonomy":"post_tag","embeddable":true,"href":"https:\/\/fsk-kino.peripherfilm.de\/en\/wp-json\/wp\/v2\/tags?post=958"}],"curies":[{"name":"wp","href":"https:\/\/api.w.org\/{rel}","templated":true}]}}