{"id":9576,"date":"2018-09-06T18:47:28","date_gmt":"2018-09-06T16:47:28","guid":{"rendered":"https:\/\/fsk-kino.peripherfilm.de\/?p=9576"},"modified":"2021-08-31T11:43:26","modified_gmt":"2021-08-31T09:43:26","slug":"utoya-22-juli","status":"publish","type":"post","link":"https:\/\/fsk-kino.peripherfilm.de\/en\/utoya-22-juli\/","title":{"rendered":"Ut\u00f8ya 22.&nbsp;Juli"},"content":{"rendered":"<p class=\"qtranxs-available-languages-message qtranxs-available-languages-message-en\">Sorry, this ent\u00adry is only available in <a href=\"https:\/\/fsk-kino.peripherfilm.de\/de\/wp-json\/wp\/v2\/posts\/9576\" class=\"qtranxs-available-language-link qtranxs-available-language-link-de\" title=\"Deutsch\">Deutsch<\/a>.<\/p><p>Ein Film von Erik Poppe. Ab 20.September im&nbsp;fsk.<\/p>\n<p style=\"text-align: right;\">[<a href=\"#credits\">Credits<\/a>] [<a href=\"#termine\">Termine<\/a>] [<a href=\"#trailer\">Trailer<\/a>]<\/p>\n<p>Neunundsechzig Menschen ermor\u00adde\u00adte der nor\u00adwe\u00adgi\u00adsche Rechtsextremist Breivik auf der Insel Ut\u00f8ya nahe Oslo am 22. Juli 2011. Fast alle waren Jugendliche und jun\u00adge Erwachsene, Teilnehmer eines Feriencamps der sozi\u00adal\u00adde\u00admo\u00adkra\u00adti\u00adschen Partei Norwegens. Die Polizei brauch\u00adte fast 90 Minuten, um den Neonazi zu stel\u00adlen. Er wider\u00adset\u00adze sich der Festnahme nicht.<br>\nErik Poppe l\u00e4\u00dft den Zuschauern durch sei\u00adne radi\u00adkal sub\u00adjek\u00adti\u00adve Herangehensweise die M\u00f6glichkeit, Abstand zum fil\u00admi\u00adschen Geschehen zu neh\u00admen und den Film abzu\u00adleh\u00adnen. Denen, die sich ein\u00adlas\u00adsen, erm\u00f6g\u00adlicht er, sich mit den Opfern emo\u00adtio\u00adnal zu soli\u00adda\u00adri\u00adsie\u00adren, w\u00e4h\u00adrend die\u00adses Albtraums mit ihnen mitzuf\u00fchlen.<br>\nEine wich\u00adti\u00adge Motivation Poppes, den Film zu dre\u00adhen, war die Aussage meh\u00adre\u00adrer \u00dcberlebender, dass es so unend\u00adlich schwie\u00adrig sei, \u00fcber das Erlebte zu spre\u00adchen. Gleichzeitig merk\u00adten vie\u00adle, dass die Erinnerung der Menschen an die Tat ver\u00adblasst. Das Drehbuch wur\u00adde in Gespr\u00e4chen mit Opfern des Massakers ent\u00adwi\u00adckelt. Das Gesicht des T\u00e4ters kennt jeder, sei\u00adne kran\u00adken Ansichten auf 1500 Seiten k\u00f6n\u00adnen im Internet ein\u00adge\u00adse\u00adhen wer\u00adden. \u201aUt\u00f8ya 22. Juli\u2018 gibt den Opfern ein Gesicht.<br>\nJetzt h\u00e4t\u00adten die Hinterbliebenen die\u00adsen Film, sagt eine jun\u00adge Frau, die dem Massaker ent\u00adkam, auf der Berlinale. \u201eIhr wer\u00addet es nie ver\u00adste\u00adhen. Aber schaut zu!\u201d<\/p>\n<p><span class=\"dquo\">\u201e<\/span>Warum \u00fcber\u00adhaupt so ein Film?, wird Poppe gefragt. \u201eAls Teil des Heilungsprozesses\u201c, f\u00fcr die Betroffenen, f\u00fcr Norwegen. Viele h\u00e4t\u00adten ihm berich\u00adtet, sie k\u00f6nn\u00adten das Erlebte bis heu\u00adte kaum erz\u00e4h\u00adlen. Den Film fin\u00adden sie hilf\u00adreich: Jetzt k\u00f6n\u00adnen sie sagen, schau ihn dir an und wir reden danach. Manche mei\u00adnen, es ist zu fr\u00fch. Aber wenn man war\u00adtet, bis ihn nie\u00admand mehr zu fr\u00fch fin\u00addet, kommt der Film zu sp\u00e4t, erg\u00e4nzt Andrea Berntzen, die gro\u00df\u00adar\u00adti\u00adge, muti\u00adge Darstellerin der Kaja. Seine Wahrhaftigkeit ver\u00addankt der Film nicht zuletzt ihr.\u201c (Christiane Peitz, Tagesspiegel)<\/p>\n<p><a href=\"https:\/\/fsk-kino.peripherfilm.de\/wp-content\/uploads\/2018\/09\/utoya.jpg\" data-lbwps-width=\"1280\" data-lbwps-height=\"706\" data-lbwps-srcsmall=\"https:\/\/fsk-kino.peripherfilm.de\/wp-content\/uploads\/2018\/09\/utoya-400x221.jpg\" data-lbwps-description=\"Ut\u00f8ya 22. Juli\"><img loading=\"lazy\" decoding=\"async\" class=\"size-medium wp-image-9578 alignnone\" src=\"https:\/\/fsk-kino.peripherfilm.de\/wp-content\/uploads\/2018\/09\/utoya-400x221.jpg\" alt width=\"400\" height=\"221\" srcset=\"https:\/\/fsk-kino.peripherfilm.de\/wp-content\/uploads\/2018\/09\/utoya-400x221.jpg 400w, https:\/\/fsk-kino.peripherfilm.de\/wp-content\/uploads\/2018\/09\/utoya-300x165.jpg 300w, https:\/\/fsk-kino.peripherfilm.de\/wp-content\/uploads\/2018\/09\/utoya-600x331.jpg 600w, https:\/\/fsk-kino.peripherfilm.de\/wp-content\/uploads\/2018\/09\/utoya-768x424.jpg 768w, https:\/\/fsk-kino.peripherfilm.de\/wp-content\/uploads\/2018\/09\/utoya-1024x565.jpg 1024w, https:\/\/fsk-kino.peripherfilm.de\/wp-content\/uploads\/2018\/09\/utoya-624x344.jpg 624w, https:\/\/fsk-kino.peripherfilm.de\/wp-content\/uploads\/2018\/09\/utoya.jpg 1280w\" sizes=\"auto, (max-width: 400px) 100vw, 400px\"><\/a><br>\n[nbsp]<\/p>\n<p><strong><a name=\"credits\"><\/a>Credits:<\/strong><br>\n<em>U \u2013 July&nbsp;22<\/em><br>\n<em>Norwegen 2018, norw. OmU, 90 Min., frei\u00adge\u00adge\u00adben ab 12 jah\u00adre (<a href=\"http:\/\/www.spio.de\/asp\/fskkarte.asp?pvid=589381\"><span class=\"caps\">FSK<\/span><\/a>)<\/em><br>\n<em>Regie: Erik&nbsp;Poppe<\/em><br>\n<em>Kamera: Martin Otterbeck<\/em><br>\n<em>Schnitt: Einar Egeland<\/em><\/p>\n<p><em>mit: Andrea Berntzen<\/em><br>\n<em>Aleksander Holmen <\/em><br>\n<em>Brede Fristad<\/em><br>\n<em>Elli Rhiannon M\u00fcller Osbourne&nbsp;<\/em><\/p>\n<p><strong><a name=\"termine\"><\/a>Termine:<br>\n<\/strong>\n\n\t<\/p><ul id class=\"eo-events eo-events-shortcode\"> \n\t\t<li class=\"eo-no-events\"> noch kei\u00adne oder kei\u00adne&nbsp;mehr&nbsp;<\/li>\n\t<\/ul>\n\n<strong><br>\n<\/strong>[nbsp]<strong><br>\n<\/strong>\n<p><strong><a name=\"trailer\"><\/a>Trailer:<\/strong><br>\n<\/p><div class=\"lyte-wrapper\" title=\"Ut\u00f8ya 22. Juli | Offizieller Trailer Deutsch HD | Jetzt im Kino\" style=\"width:640px;max-width:100%;margin:5px;\"><div class=\"lyMe\" id=\"WYL_SWwFFgGh6Uw\" itemprop=\"video\" itemscope itemtype=\"https:\/\/schema.org\/VideoObject\"><div><meta itemprop=\"thumbnailUrl\" content=\"https:\/\/fsk-kino.peripherfilm.de\/wp-content\/plugins\/wp-youtube-lyte\/lyteCache.php?origThumbUrl=https%3A%2F%2Fi.ytimg.com%2Fvi%2FSWwFFgGh6Uw%2Fhqdefault.jpg\"><meta itemprop=\"embedURL\" content=\"https:\/\/www.youtube.com\/embed\/SWwFFgGh6Uw\"><meta itemprop=\"duration\" content=\"PT1M45S\"><meta itemprop=\"uploadDate\" content=\"2018-08-06T09:40:07Z\"><\/div><div id=\"lyte_SWwFFgGh6Uw\" data-src=\"https:\/\/fsk-kino.peripherfilm.de\/wp-content\/plugins\/wp-youtube-lyte\/lyteCache.php?origThumbUrl=https%3A%2F%2Fi.ytimg.com%2Fvi%2FSWwFFgGh6Uw%2Fhqdefault.jpg\" class=\"pL\"><div class=\"tC\"><div class=\"tT\" itemprop=\"name\">Ut\u00f8ya 22. Juli | Offizieller Trailer Deutsch <span class=\"caps\">HD<\/span> | Jetzt im&nbsp;Kino<\/div><\/div><div class=\"play\"><\/div><div class=\"ctrl\"><div class=\"Lctrl\"><\/div><div class=\"Rctrl\"><\/div><\/div><\/div><noscript><a href=\"https:\/\/youtu.be\/SWwFFgGh6Uw\" rel=\"nofollow\"><img loading=\"lazy\" decoding=\"async\" src=\"https:\/\/fsk-kino.peripherfilm.de\/wp-content\/plugins\/wp-youtube-lyte\/lyteCache.php?origThumbUrl=https%3A%2F%2Fi.ytimg.com%2Fvi%2FSWwFFgGh6Uw%2F0.jpg\" alt=\"Ut\u00f8ya 22. Juli | Offizieller Trailer Deutsch HD | Jetzt im Kino\" width=\"640\" height=\"340\"><br>Watch this video on YouTube<\/a><\/noscript><meta itemprop=\"description\" content=\"Ein Film gegen das Vergessen und die Sprachlosigkeit. \u27a4 Tickets: https:\/\/deinkinoticket.de\/filme\/utoya22juli\/ \u27a4 Facebook: https:\/\/facebook.com\/Utoya.DerFilm \u201eEin aufw\u00fchlendes Erlebnis, wie man es nur selten im Kino hat.\u201c S\u00fcddeutsche Zeitung Die 18-j\u00e4hrige Kaja verbringt mit ihrer j\u00fcngeren Schwester Emilie ein paar ausgelassene Ferientage in einem Sommercamp auf der norwegischen Insel Ut\u00f8ya. Es gibt Streit zwischen den Schwestern und Kaja geht alleine zu dem geplanten Barbecue. Als pl\u00f6tzlich Sch\u00fcsse fallen, suchen die Jugendlichen Schutz im Wald. Rasend kreisen ihre Gedanken. Was passiert um sie herum und Wer schie\u00dft auf sie? Kein Versteck scheint sicher. Doch die Hoffnung auf Rettung bleibt. Und Kaja setzt alles daran, Emilie zu finden. W\u00e4hrend die Sch\u00fcsse nicht verstummen wollen. Am 22. Juli 2011 werden 500 Jugendliche in einem Sommercamp auf der Insel Ut\u00f8ya von einem schwer bewaffneten Attent\u00e4ter \u00fcberfallen \u2013 ein Trauma, das Norwegen bis heute tief ersch\u00fcttert. Aus der Perspektive der Opfer und in einer einzigen Einstellung gedreht, gelingt Regisseur Erik Poppe eine atemlose Rekonstruktion des Geschehens. UT\u00d8YA 22. JULI bleibt ganz nah bei seiner Hauptfigur Kaja \u2013 grandios verk\u00f6rpert von Nachwuchstalent Andrea Berntzen, deren intensives Spiel uns in den Bann zieht und nicht mehr losl\u00e4sst. #Berlinale2018 #Utoya #ErikPoppe\"><\/div><\/div><div class=\"lL\" style=\"max-width:100%;width:640px;margin:5px;\"><\/div> film by Erik Poppe. Starts September 20th at the&nbsp;fsk.\n<p style=\"text-align: right;\">[<a href=\"#credits\">Credits<\/a>] [<a href=\"#termine\">Termine<\/a>] [<a href=\"#trailer\">Trailer<\/a>]<\/p>\n<p>On 22 July 2011 five hundred young peo\u00adp\u00adle atten\u00adding a sum\u00admer camp on the island of Ut\u00f8ya were atta\u00adcked by a hea\u00advi\u00adly armed right-wing extre\u00admist. The mur\u00adde\u00adrous attack clai\u00admed the lives of 69 vic\u00adtims. It was a trau\u00adma that rocked Norway to the core, and still does to this day. Director Erik Poppe has dared to attempt to turn the events of that sum\u00admer into a film. His dra\u00adma opens with docu\u00admen\u00adta\u00adry foo\u00adta\u00adge of Oslo whe\u00adre, short\u00adly before\u00adhand, the same atta\u00adcker had explo\u00added a car bomb kil\u00adling eight peo\u00adp\u00adle; the sce\u00adne then shifts to the island. The came\u00adra fol\u00adlows 19-year-old Kaja who is spen\u00adding a few days of the holi\u00adday here with her young sis\u00adter Emilie. The two are quar\u00adrel\u00adling becau\u00adse Emilie is in no mood for the camp and has abso\u00adlut\u00ade\u00adly no desi\u00adre to go to the bar\u00adbe\u00adcue. And so Kaja ends up going alo\u00adne. Suddenly, the first gunshot is&nbsp;heard.<br>\nThis first shot marks the begin\u00adning of a breathl\u00adess 72-minu\u00adte-long recon\u00ads\u00adtruc\u00adtion of events, film\u00aded in a sin\u00adgle take, as seen through the eyes of the vic\u00adtims. Kaja\u2019s despe\u00adra\u00adte search for Emilie. The fear in the eyes of the young peo\u00adp\u00adle. Their escape into the forest. Their despe\u00adra\u00adte hope of res\u00adcue. And the unknown ass\u00adas\u00adsin, get\u00adting clo\u00adser and closer.<\/p>\n<p><a href=\"https:\/\/fsk-kino.peripherfilm.de\/wp-content\/uploads\/2018\/09\/utoya.jpg\" data-lbwps-width=\"1280\" data-lbwps-height=\"706\" data-lbwps-srcsmall=\"https:\/\/fsk-kino.peripherfilm.de\/wp-content\/uploads\/2018\/09\/utoya-400x221.jpg\" data-lbwps-description=\"Ut\u00f8ya 22. Juli\"><img loading=\"lazy\" decoding=\"async\" class=\"size-medium wp-image-9578 alignnone\" src=\"https:\/\/fsk-kino.peripherfilm.de\/wp-content\/uploads\/2018\/09\/utoya-400x221.jpg\" alt width=\"400\" height=\"221\" srcset=\"https:\/\/fsk-kino.peripherfilm.de\/wp-content\/uploads\/2018\/09\/utoya-400x221.jpg 400w, https:\/\/fsk-kino.peripherfilm.de\/wp-content\/uploads\/2018\/09\/utoya-300x165.jpg 300w, https:\/\/fsk-kino.peripherfilm.de\/wp-content\/uploads\/2018\/09\/utoya-600x331.jpg 600w, https:\/\/fsk-kino.peripherfilm.de\/wp-content\/uploads\/2018\/09\/utoya-768x424.jpg 768w, https:\/\/fsk-kino.peripherfilm.de\/wp-content\/uploads\/2018\/09\/utoya-1024x565.jpg 1024w, https:\/\/fsk-kino.peripherfilm.de\/wp-content\/uploads\/2018\/09\/utoya-624x344.jpg 624w, https:\/\/fsk-kino.peripherfilm.de\/wp-content\/uploads\/2018\/09\/utoya.jpg 1280w\" sizes=\"auto, (max-width: 400px) 100vw, 400px\"><\/a><br>\n[nbsp]<\/p>\n<p><strong><a name=\"credits\"><\/a>Credits:<\/strong><br>\n<em>U \u2013 July&nbsp;22<\/em><br>\n<em>Norwegen 2018, norw. OmU, 90&nbsp;Min.<\/em><br>\n<em>Regie: Erik&nbsp;Poppe<\/em><br>\n<em>Kamera: Martin Otterbeck<\/em><br>\n<em>Schnitt: Einar Egeland<\/em><\/p>\n<p><em>mit: Andrea Berntzen<\/em><br>\n<em>Aleksander Holmen <\/em><br>\n<em>Brede Fristad<\/em><br>\n<em>Elli Rhiannon M\u00fcller Osbourne&nbsp;<\/em><\/p>\n<p><strong><a name=\"termine\"><\/a>Termine:<br>\n<\/strong>\n\n\t<\/p><ul id class=\"eo-events eo-events-shortcode\"> \n\t\t<li class=\"eo-no-events\"> noch kei\u00adne oder kei\u00adne&nbsp;mehr&nbsp;<\/li>\n\t<\/ul>\n\n<strong><br>\n<\/strong>[nbsp]<strong><br>\n<\/strong>\n<p><strong><a name=\"trailer\"><\/a>Trailer:<\/strong><br>\n<\/p><div class=\"lyte-wrapper\" title=\"Ut\u00f8ya 22. Juli | Offizieller Trailer Deutsch HD | Jetzt im Kino\" style=\"width:640px;max-width:100%;margin:5px;\"><div class=\"lyMe\" id=\"WYL_SWwFFgGh6Uw\" itemprop=\"video\" itemscope itemtype=\"https:\/\/schema.org\/VideoObject\"><div><meta itemprop=\"thumbnailUrl\" content=\"https:\/\/fsk-kino.peripherfilm.de\/wp-content\/plugins\/wp-youtube-lyte\/lyteCache.php?origThumbUrl=https%3A%2F%2Fi.ytimg.com%2Fvi%2FSWwFFgGh6Uw%2Fhqdefault.jpg\"><meta itemprop=\"embedURL\" content=\"https:\/\/www.youtube.com\/embed\/SWwFFgGh6Uw\"><meta itemprop=\"duration\" content=\"PT1M45S\"><meta itemprop=\"uploadDate\" content=\"2018-08-06T09:40:07Z\"><\/div><div id=\"lyte_SWwFFgGh6Uw\" data-src=\"https:\/\/fsk-kino.peripherfilm.de\/wp-content\/plugins\/wp-youtube-lyte\/lyteCache.php?origThumbUrl=https%3A%2F%2Fi.ytimg.com%2Fvi%2FSWwFFgGh6Uw%2Fhqdefault.jpg\" class=\"pL\"><div class=\"tC\"><div class=\"tT\" itemprop=\"name\">Ut\u00f8ya 22. Juli | Offizieller Trailer Deutsch <span class=\"caps\">HD<\/span> | Jetzt im&nbsp;Kino<\/div><\/div><div class=\"play\"><\/div><div class=\"ctrl\"><div class=\"Lctrl\"><\/div><div class=\"Rctrl\"><\/div><\/div><\/div><noscript><a href=\"https:\/\/youtu.be\/SWwFFgGh6Uw\" rel=\"nofollow\"><img loading=\"lazy\" decoding=\"async\" src=\"https:\/\/fsk-kino.peripherfilm.de\/wp-content\/plugins\/wp-youtube-lyte\/lyteCache.php?origThumbUrl=https%3A%2F%2Fi.ytimg.com%2Fvi%2FSWwFFgGh6Uw%2F0.jpg\" alt=\"Ut\u00f8ya 22. Juli | Offizieller Trailer Deutsch HD | Jetzt im Kino\" width=\"640\" height=\"340\"><br>Watch this video on YouTube<\/a><\/noscript><meta itemprop=\"description\" content=\"Ein Film gegen das Vergessen und die Sprachlosigkeit. \u27a4 Tickets: https:\/\/deinkinoticket.de\/filme\/utoya22juli\/ \u27a4 Facebook: https:\/\/facebook.com\/Utoya.DerFilm \u201eEin aufw\u00fchlendes Erlebnis, wie man es nur selten im Kino hat.\u201c S\u00fcddeutsche Zeitung Die 18-j\u00e4hrige Kaja verbringt mit ihrer j\u00fcngeren Schwester Emilie ein paar ausgelassene Ferientage in einem Sommercamp auf der norwegischen Insel Ut\u00f8ya. Es gibt Streit zwischen den Schwestern und Kaja geht alleine zu dem geplanten Barbecue. Als pl\u00f6tzlich Sch\u00fcsse fallen, suchen die Jugendlichen Schutz im Wald. Rasend kreisen ihre Gedanken. Was passiert um sie herum und Wer schie\u00dft auf sie? Kein Versteck scheint sicher. Doch die Hoffnung auf Rettung bleibt. Und Kaja setzt alles daran, Emilie zu finden. W\u00e4hrend die Sch\u00fcsse nicht verstummen wollen. Am 22. Juli 2011 werden 500 Jugendliche in einem Sommercamp auf der Insel Ut\u00f8ya von einem schwer bewaffneten Attent\u00e4ter \u00fcberfallen \u2013 ein Trauma, das Norwegen bis heute tief ersch\u00fcttert. Aus der Perspektive der Opfer und in einer einzigen Einstellung gedreht, gelingt Regisseur Erik Poppe eine atemlose Rekonstruktion des Geschehens. UT\u00d8YA 22. JULI bleibt ganz nah bei seiner Hauptfigur Kaja \u2013 grandios verk\u00f6rpert von Nachwuchstalent Andrea Berntzen, deren intensives Spiel uns in den Bann zieht und nicht mehr losl\u00e4sst. #Berlinale2018 #Utoya #ErikPoppe\"><\/div><\/div><div class=\"lL\" style=\"max-width:100%;width:640px;margin:5px;\"><\/div>","protected":false},"excerpt":{"rendered":"<p>Sorry, this ent\u00adry is only available in Deutsch.Ein Film von Erik Poppe. Ab 20.September im&nbsp;fsk. [Credits] [Termine] [Trailer] Neunundsechzig Menschen ermor\u00adde\u00adte der nor\u00adwe\u00adgi\u00adsche Rechtsextremist Breivik auf der Insel Ut\u00f8ya nahe Oslo am 22. Juli 2011. Fast alle waren Jugendliche und jun\u00adge Erwachsene, Teilnehmer eines Feriencamps der sozi\u00adal\u00adde\u00admo\u00adkra\u00adti\u00adschen Partei Norwegens. Die Polizei brauch\u00adte fast 90 Minuten,&nbsp;[\u2026]<\/p>\n","protected":false},"author":2,"featured_media":9577,"comment_status":"closed","ping_status":"closed","sticky":false,"template":"","format":"standard","meta":{"_crdt_document":"","wp_typography_post_enhancements_disabled":false,"slim_seo":{"title":"Ut\u00f8ya 22. Juli - fsk Kino","description":"[:de]Ein Film von Erik Poppe. Ab 20.September im fsk. [ Credits ] [ Termine ] [ Trailer ] Neunundsechzig Menschen ermordete der norwegische Rechtsextremist Brei"},"footnotes":""},"categories":[25],"tags":[],"class_list":["post-9576","post","type-post","status-publish","format-standard","has-post-thumbnail","hentry","category-archiv"],"_links":{"self":[{"href":"https:\/\/fsk-kino.peripherfilm.de\/en\/wp-json\/wp\/v2\/posts\/9576","targetHints":{"allow":["GET"]}}],"collection":[{"href":"https:\/\/fsk-kino.peripherfilm.de\/en\/wp-json\/wp\/v2\/posts"}],"about":[{"href":"https:\/\/fsk-kino.peripherfilm.de\/en\/wp-json\/wp\/v2\/types\/post"}],"author":[{"embeddable":true,"href":"https:\/\/fsk-kino.peripherfilm.de\/en\/wp-json\/wp\/v2\/users\/2"}],"replies":[{"embeddable":true,"href":"https:\/\/fsk-kino.peripherfilm.de\/en\/wp-json\/wp\/v2\/comments?post=9576"}],"version-history":[{"count":0,"href":"https:\/\/fsk-kino.peripherfilm.de\/en\/wp-json\/wp\/v2\/posts\/9576\/revisions"}],"wp:featuredmedia":[{"embeddable":true,"href":"https:\/\/fsk-kino.peripherfilm.de\/en\/wp-json\/wp\/v2\/media\/9577"}],"wp:attachment":[{"href":"https:\/\/fsk-kino.peripherfilm.de\/en\/wp-json\/wp\/v2\/media?parent=9576"}],"wp:term":[{"taxonomy":"category","embeddable":true,"href":"https:\/\/fsk-kino.peripherfilm.de\/en\/wp-json\/wp\/v2\/categories?post=9576"},{"taxonomy":"post_tag","embeddable":true,"href":"https:\/\/fsk-kino.peripherfilm.de\/en\/wp-json\/wp\/v2\/tags?post=9576"}],"curies":[{"name":"wp","href":"https:\/\/api.w.org\/{rel}","templated":true}]}}