{"id":887,"date":"2015-06-01T13:23:24","date_gmt":"2015-06-01T11:23:24","guid":{"rendered":"http:\/\/fsk-kino.peripherfilm.de\/?p=887"},"modified":"2021-08-31T11:44:30","modified_gmt":"2021-08-31T09:44:30","slug":"was-heisst-hier-ende","status":"publish","type":"post","link":"https:\/\/fsk-kino.peripherfilm.de\/en\/was-heisst-hier-ende\/","title":{"rendered":"Was hei\u00dft hier&nbsp;Ende?"},"content":{"rendered":"<p>Gleicherma\u00dfen Hommage an einen Freund und kul\u00adtur\u00adkri\u00adti\u00adsche Dokumentation \u00fcber den Zustand der deut\u00adschen Filmkritik ist \u201eWas hei\u00dft hier Ende? Der Filmkritiker Michael Althen\u201c, der neue Film von Dominik Graf. Besonders der zwei\u00adte Aspekt macht den Film auch f\u00fcr die\u00adje\u00adni\u00adgen inter\u00ades\u00adsant, denen der Kritiker Althen eher unbe\u00adkannt ist. (Michael Meyns)<!--more--><\/p>\n<p><span class=\"dquo\">\u201e<\/span>Ich mag den Film genau des\u00adwe\u00adgen sehr, weil er nicht repr\u00e4\u00adsen\u00adtiert, weil die fal\u00adschen T\u00f6ne, der pri\u00adva\u00adte Blick, die Umkreisungen eines Ph\u00e4nomens kaum kana\u00adli\u00adsiert wer\u00adden. Weil Dominik Graf kei\u00adne Dokumentation gemacht hat, son\u00addern eine Hommage. Sie ist z\u00e4rt\u00adlich, ein biss\u00adchen weh\u00adlei\u00addig, so wie sie sein muss, als pure Parteinahme.\u201c (Fr\u00e9d\u00e9ric Jaeger)<\/p>\n<figure id=\"attachment_888\" aria-describedby=\"caption-attachment-888\" style=\"width: 400px\" class=\"wp-caption alignright\"><a href=\"http:\/\/fsk-kino.peripherfilm.de\/wp-content\/uploads\/2015\/06\/washeissthierende.jpg\" data-lbwps-width=\"1024\" data-lbwps-height=\"576\" data-lbwps-srcsmall=\"https:\/\/fsk-kino.peripherfilm.de\/wp-content\/uploads\/2015\/06\/washeissthierende-400x225.jpg\" data-lbwps-caption=\"Was hei\u00dft hier Ende?\"><img loading=\"lazy\" decoding=\"async\" class=\"size-medium wp-image-888\" src=\"http:\/\/fsk-kino.peripherfilm.de\/wp-content\/uploads\/2015\/06\/washeissthierende-400x225.jpg\" alt=\"Was hei\u00dft hier Ende?\" width=\"400\" height=\"225\" srcset=\"https:\/\/fsk-kino.peripherfilm.de\/wp-content\/uploads\/2015\/06\/washeissthierende-400x225.jpg 400w, https:\/\/fsk-kino.peripherfilm.de\/wp-content\/uploads\/2015\/06\/washeissthierende-300x169.jpg 300w, https:\/\/fsk-kino.peripherfilm.de\/wp-content\/uploads\/2015\/06\/washeissthierende-600x338.jpg 600w, https:\/\/fsk-kino.peripherfilm.de\/wp-content\/uploads\/2015\/06\/washeissthierende.jpg 1024w, https:\/\/fsk-kino.peripherfilm.de\/wp-content\/uploads\/2015\/06\/washeissthierende-624x351.jpg 624w\" sizes=\"auto, (max-width: 400px) 100vw, 400px\"><\/a><figcaption id=\"caption-attachment-888\" class=\"wp-caption-text\">Was hei\u00dft hier&nbsp;Ende?<\/figcaption><\/figure>\n<p><em>D 2014, 120&nbsp;Min.,&nbsp;<\/em><\/p>\n<p><em>Regie <span class=\"amp\">&amp;<\/span> Buch: Dominik Graf<\/em><\/p>\n<p><em> mit&nbsp;Michael Althen sowie Adolf Althen, Artur Althen, Hannelore Althen, Nikolaus Althen, Teresa Althen, Beatrix Althen- Schnippenkoetter, Wolfgang H\u00f6bel, Christoph Huber, Romuald Karmakar, Ulrich Khuon, Andreas Kilb, Tobias Kniebe, Peter K\u00f6rte, Doris Kuhn, Stephan Lebert, Caroline Link, Olaf M\u00f6ller, Harald Pauli, Milan Pavlovic, Christian Petzold, Hans Helmut Prinzler, Evelyn Roll, Charles Schumann, Claudius Seidl, Anke Sterneborg, Tom Tykwer, Moritz von Uslar und Wim Wenders<\/em><\/p>\n<p><a href=\"http:\/\/www.zorrofilm.de\/index.php?id=154\">Verleihwebseite<\/a><\/p>\n\n\n<p><iframe loading=\"lazy\" src=\"https:\/\/player.vimeo.com\/video\/128128051\" width=\"500\" height=\"281\" frameborder=\"0\" allowfullscreen=\"allowfullscreen\"><\/iframe><\/p>\n","protected":false},"excerpt":{"rendered":"<p>Gleicherma\u00dfen Hommage an einen Freund und kul\u00adtur\u00adkri\u00adti\u00adsche Dokumentation \u00fcber den Zustand der deut\u00adschen Filmkritik ist \u201eWas hei\u00dft hier Ende? Der Filmkritiker Michael Althen\u201c, der neue Film von Dominik Graf. Besonders der zwei\u00adte Aspekt macht den Film auch f\u00fcr die\u00adje\u00adni\u00adgen inter\u00ades\u00adsant, denen der Kritiker Althen eher unbe\u00adkannt ist. (Michael Meyns)<\/p>\n","protected":false},"author":2,"featured_media":889,"comment_status":"closed","ping_status":"open","sticky":false,"template":"","format":"standard","meta":{"_crdt_document":"","wp_typography_post_enhancements_disabled":false,"slim_seo":{"title":"Was hei\u00dft hier Ende? - fsk Kino","description":"Gleicherma\u00dfen Hommage an einen Freund und kulturkritische Dokumentation \u00fcber den Zustand der deutschen Filmkritik ist \u201eWas hei\u00dft hier Ende? Der Filmkritiker Mic"},"footnotes":""},"categories":[25],"tags":[198],"class_list":["post-887","post","type-post","status-publish","format-standard","has-post-thumbnail","hentry","category-archiv","tag-nocache"],"_links":{"self":[{"href":"https:\/\/fsk-kino.peripherfilm.de\/en\/wp-json\/wp\/v2\/posts\/887","targetHints":{"allow":["GET"]}}],"collection":[{"href":"https:\/\/fsk-kino.peripherfilm.de\/en\/wp-json\/wp\/v2\/posts"}],"about":[{"href":"https:\/\/fsk-kino.peripherfilm.de\/en\/wp-json\/wp\/v2\/types\/post"}],"author":[{"embeddable":true,"href":"https:\/\/fsk-kino.peripherfilm.de\/en\/wp-json\/wp\/v2\/users\/2"}],"replies":[{"embeddable":true,"href":"https:\/\/fsk-kino.peripherfilm.de\/en\/wp-json\/wp\/v2\/comments?post=887"}],"version-history":[{"count":0,"href":"https:\/\/fsk-kino.peripherfilm.de\/en\/wp-json\/wp\/v2\/posts\/887\/revisions"}],"wp:featuredmedia":[{"embeddable":true,"href":"https:\/\/fsk-kino.peripherfilm.de\/en\/wp-json\/wp\/v2\/media\/889"}],"wp:attachment":[{"href":"https:\/\/fsk-kino.peripherfilm.de\/en\/wp-json\/wp\/v2\/media?parent=887"}],"wp:term":[{"taxonomy":"category","embeddable":true,"href":"https:\/\/fsk-kino.peripherfilm.de\/en\/wp-json\/wp\/v2\/categories?post=887"},{"taxonomy":"post_tag","embeddable":true,"href":"https:\/\/fsk-kino.peripherfilm.de\/en\/wp-json\/wp\/v2\/tags?post=887"}],"curies":[{"name":"wp","href":"https:\/\/api.w.org\/{rel}","templated":true}]}}