{"id":805,"date":"2015-05-18T15:14:00","date_gmt":"2015-05-18T13:14:00","guid":{"rendered":"http:\/\/fsk-kino.peripherfilm.de\/?p=805"},"modified":"2021-08-31T11:44:30","modified_gmt":"2021-08-31T09:44:30","slug":"ein-papagei-im-eiscafe","status":"publish","type":"post","link":"https:\/\/fsk-kino.peripherfilm.de\/en\/ein-papagei-im-eiscafe\/","title":{"rendered":"Ein Papagei im Eiscaf\u00e9"},"content":{"rendered":"<p><span class=\"dquo\">\u201e<\/span>Ertrinkende gehen in ein Land, wo sie noch mehr ertrin\u00adken\u2019 sagt der aus Marokko ein\u00adge\u00adwan\u00adder\u00adte Barbier. Unter Rasiermessern und Trockenhauben wer\u00adden klei\u00adne Bemerkungen f\u00fcr uns zu gro\u00ad\u00dfen Weisheiten. Ines Thomsen erz\u00e4hlt uns ein St\u00fcck Neues Europa. Von der Mobilit\u00e4t des \u201afle\u00adxi\u00adblen Menschen\u2019, von der Suche nach Gl\u00fcck und <!--more-->Auskommen fern ab von Heimat und Familie, von Zuflucht in neu\u00adem Gefilde. Aber auch von sozia\u00adlem Leben mit gewach\u00adse\u00adnen Ritualen in einem alten Kiez. In vier klei\u00adnen Frisiersalons mit\u00adten in Barcelonas Krisen- gesch\u00fct\u00adtel\u00adtem Migrantenviertel El Ravel macht uns der Film mit gro\u00ad\u00dfer Lust, Respekt und Leichtigkeit in sei\u00adne Protagonisten ver\u00adliebt. Sie haben es alle\u00adsamt nicht leicht, aber es scheint, dass sie es genau hier, in die\u00adsem Mikrokosmos <span class=\"caps\">FRIS\u00d6R<\/span>, ein\u00adfach mal leicht neh\u00admen k\u00f6n\u00adnen. Es wird gere\u00addet und es gibt Ber\u00fchrung. Ob es der Barbier mit sei\u00adnem Kunden ist, der Lehrling mit sei\u00adnem Meister oder die Stammkunden unter&nbsp;sich.<\/p>\n<p>Ohne die Kamera zu sp\u00fcr<a href=\"http:\/\/fsk-kino.peripherfilm.de\/wp-content\/uploads\/2015\/05\/papagei1.jpg\" data-lbwps-width=\"900\" data-lbwps-height=\"506\" data-lbwps-srcsmall=\"https:\/\/fsk-kino.peripherfilm.de\/wp-content\/uploads\/2015\/05\/papagei1-400x225.jpg\"><img loading=\"lazy\" decoding=\"async\" class=\"alignright size-medium wp-image-807\" src=\"http:\/\/fsk-kino.peripherfilm.de\/wp-content\/uploads\/2015\/05\/papagei1-400x225.jpg\" alt=\"papagei1\" width=\"400\" height=\"225\" srcset=\"https:\/\/fsk-kino.peripherfilm.de\/wp-content\/uploads\/2015\/05\/papagei1-400x225.jpg 400w, https:\/\/fsk-kino.peripherfilm.de\/wp-content\/uploads\/2015\/05\/papagei1-300x169.jpg 300w, https:\/\/fsk-kino.peripherfilm.de\/wp-content\/uploads\/2015\/05\/papagei1-600x337.jpg 600w, https:\/\/fsk-kino.peripherfilm.de\/wp-content\/uploads\/2015\/05\/papagei1-624x351.jpg 624w, https:\/\/fsk-kino.peripherfilm.de\/wp-content\/uploads\/2015\/05\/papagei1.jpg 900w\" sizes=\"auto, (max-width: 400px) 100vw, 400px\"><\/a>en, l\u00e4sst uns die Filmemacherin 80 Minuten mit\u00adla\u00adchen, mit\u00adwei\u00adnen, mit\u00adf\u00fch\u00adlen und mit\u00adden\u00adken. Ein char\u00adman\u00adter Film, der uns, obwohl auch hier Skype und Mobiltelefone benutzt wer\u00adden, nach W\u00e4rme und Gemeinschaft seh\u00adnen l\u00e4sst. So lapi\u00addar wie der Titel klingt \u2013 <span class=\"caps\">EIN<\/span> <span class=\"caps\">PAPAGEI<\/span> <span class=\"caps\">IM<\/span> <span class=\"caps\">EISCAF\u00c9<\/span> \u2013 hallt die\u00adser Film aus einer Gasse Barcelonas hier in uns nach und wir w\u00fcn\u00adschen ihm dem\u00adn\u00e4chst ein gro\u00ad\u00dfes, lie\u00adbe\u00advol\u00adles Publikum im Deutschen Kino.\u201c<br>\nBegr\u00fcndung der Jury Dokumentarfilm zum<em> new ber\u00adlin film award<\/em> in der Kategorie Bester Dokumentarfilm 2015<\/p>\n<p><em>D\/Spanien 2014, 83 Min.,&nbsp;OmU<\/em><br>\n<em>Buch, Regie, Kamera: Ines Thomsen<\/em><br>\n<em>Schnitt: Franziska von Berlepsch<\/em><\/p>\n<p><a href=\"http:\/\/www.filmtank.de\/p\/einpapageiimeiscafe\/\">Produktionswebseite<\/a><\/p>\n\n\n<p><iframe loading=\"lazy\" src=\"https:\/\/player.vimeo.com\/video\/123640360\" width=\"500\" height=\"281\" frameborder=\"0\" allowfullscreen=\"allowfullscreen\"><\/iframe><\/p>\n","protected":false},"excerpt":{"rendered":"<p><span class=\"dquo\">\u201e<\/span>Ertrinkende gehen in ein Land, wo sie noch mehr ertrin\u00adken\u2019 sagt der aus Marokko ein\u00adge\u00adwan\u00adder\u00adte Barbier. Unter Rasiermessern und Trockenhauben wer\u00adden klei\u00adne Bemerkungen f\u00fcr uns zu gro\u00ad\u00dfen Weisheiten. Ines Thomsen erz\u00e4hlt uns ein St\u00fcck Neues Europa. Von der Mobilit\u00e4t des \u201afle\u00adxi\u00adblen Menschen\u2019, von der Suche nach Gl\u00fcck&nbsp;und&nbsp;<\/p>\n","protected":false},"author":2,"featured_media":806,"comment_status":"closed","ping_status":"open","sticky":false,"template":"","format":"standard","meta":{"_crdt_document":"","wp_typography_post_enhancements_disabled":false,"slim_seo":{"title":"Ein Papagei im Eiscaf\u00e9 - fsk Kino","description":"\u201eErtrinkende gehen in ein Land, wo sie noch mehr ertrinken\u2019 sagt der aus Marokko eingewanderte Barbier. Unter Rasiermessern und Trockenhauben werden kleine Beme"},"footnotes":""},"categories":[25],"tags":[198],"class_list":["post-805","post","type-post","status-publish","format-standard","has-post-thumbnail","hentry","category-archiv","tag-nocache"],"_links":{"self":[{"href":"https:\/\/fsk-kino.peripherfilm.de\/en\/wp-json\/wp\/v2\/posts\/805","targetHints":{"allow":["GET"]}}],"collection":[{"href":"https:\/\/fsk-kino.peripherfilm.de\/en\/wp-json\/wp\/v2\/posts"}],"about":[{"href":"https:\/\/fsk-kino.peripherfilm.de\/en\/wp-json\/wp\/v2\/types\/post"}],"author":[{"embeddable":true,"href":"https:\/\/fsk-kino.peripherfilm.de\/en\/wp-json\/wp\/v2\/users\/2"}],"replies":[{"embeddable":true,"href":"https:\/\/fsk-kino.peripherfilm.de\/en\/wp-json\/wp\/v2\/comments?post=805"}],"version-history":[{"count":0,"href":"https:\/\/fsk-kino.peripherfilm.de\/en\/wp-json\/wp\/v2\/posts\/805\/revisions"}],"wp:featuredmedia":[{"embeddable":true,"href":"https:\/\/fsk-kino.peripherfilm.de\/en\/wp-json\/wp\/v2\/media\/806"}],"wp:attachment":[{"href":"https:\/\/fsk-kino.peripherfilm.de\/en\/wp-json\/wp\/v2\/media?parent=805"}],"wp:term":[{"taxonomy":"category","embeddable":true,"href":"https:\/\/fsk-kino.peripherfilm.de\/en\/wp-json\/wp\/v2\/categories?post=805"},{"taxonomy":"post_tag","embeddable":true,"href":"https:\/\/fsk-kino.peripherfilm.de\/en\/wp-json\/wp\/v2\/tags?post=805"}],"curies":[{"name":"wp","href":"https:\/\/api.w.org\/{rel}","templated":true}]}}