{"id":5804,"date":"2017-03-22T09:05:28","date_gmt":"2017-03-22T08:05:28","guid":{"rendered":"https:\/\/fsk-kino.peripherfilm.de\/?p=5804"},"modified":"2021-08-31T11:43:55","modified_gmt":"2021-08-31T09:43:55","slug":"nordlichter-2017","status":"publish","type":"post","link":"https:\/\/fsk-kino.peripherfilm.de\/en\/nordlichter-2017\/","title":{"rendered":"Nordlichter 2017"},"content":{"rendered":"<p class=\"qtranxs-available-languages-message qtranxs-available-languages-message-en\">Sorry, this ent\u00adry is only available in <a href=\"https:\/\/fsk-kino.peripherfilm.de\/de\/wp-json\/wp\/v2\/posts\/5804\" class=\"qtranxs-available-language-link qtranxs-available-language-link-de\" title=\"Deutsch\">Deutsch<\/a>.<\/p><p><span class=\"caps\">NORDLICHTER<\/span>, das mobi\u00adle <b>skan\u00addi\u00adna\u00advi\u00adsche Filmfestiva<\/b><b>l<\/b> hat (in Zusammenarbeit mit den Nordischen Filmtagen L\u00fcbeck) in sei\u00adner 3. Ausgabe wie\u00adder eine abwechs\u00adlungs\u00adrei\u00adche Mischung von neu\u00aden Filmen aus Island, D\u00e4nemark, Schweden, Finnland und Norwegen zusam\u00admen\u00adge\u00adstellt (alle Filme lau\u00adfen nat\u00fcr\u00adlich in der Originalfassung mit deut\u00adschen Untertiteln). So gibt es ein fin\u00adni\u00adsches Roadmovie von der im Land \u00fcber\u00adaus popu\u00adl\u00e4\u00adren Schauspielerin Tiina Lymi, das Spielfilmdebut des preis\u00adge\u00adkr\u00f6n\u00adten Drehbuchautors Rasmus Heisterberg (K\u00f6nigin und der Leibarzt \/ Stig Larsons Sch\u00e4ndung, Verblendung), einen neu\u00aden Film von Arild Fr\u00f6hlich, das Spielfilmdebut der isl\u00e4n\u00addi\u00adschen Kino- und Filmlegende \u00c1sgr\u00edmur Sverrisson und der sehr unge\u00adw\u00f6hn\u00adli\u00adchen und ver\u00adspiel\u00adten Kleinstadt-Familiengeschichte des Schweden Johan L\u00f6fstedt<strong>:<\/strong><\/p>\n<p><strong><br>\n<\/strong><\/p>\n<p><a href=\"https:\/\/fsk-kino.peripherfilm.de\/wp-content\/uploads\/2017\/03\/nordichter1.jpg\" data-lbwps-width=\"1275.4982415006\" data-lbwps-height=\"850\" data-lbwps-srcsmall=\"https:\/\/fsk-kino.peripherfilm.de\/wp-content\/uploads\/2017\/03\/nordichter1-400x267.jpg\"><img loading=\"lazy\" decoding=\"async\" class=\"alignright wp-image-5809 size-medium\" src=\"https:\/\/fsk-kino.peripherfilm.de\/wp-content\/uploads\/2017\/03\/nordichter1-400x267.jpg\" alt=\"\u00c4KKIL\u00c4HT\u00d6 \/ OFF THE MAP\" width=\"400\" height=\"267\" srcset=\"https:\/\/fsk-kino.peripherfilm.de\/wp-content\/uploads\/2017\/03\/nordichter1-400x267.jpg 400w, https:\/\/fsk-kino.peripherfilm.de\/wp-content\/uploads\/2017\/03\/nordichter1-300x200.jpg 300w, https:\/\/fsk-kino.peripherfilm.de\/wp-content\/uploads\/2017\/03\/nordichter1-600x400.jpg 600w, https:\/\/fsk-kino.peripherfilm.de\/wp-content\/uploads\/2017\/03\/nordichter1-768x512.jpg 768w, https:\/\/fsk-kino.peripherfilm.de\/wp-content\/uploads\/2017\/03\/nordichter1-1024x682.jpg 1024w, https:\/\/fsk-kino.peripherfilm.de\/wp-content\/uploads\/2017\/03\/nordichter1-624x416.jpg 624w, https:\/\/fsk-kino.peripherfilm.de\/wp-content\/uploads\/2017\/03\/nordichter1.jpg 1280w\" sizes=\"auto, (max-width: 400px) 100vw, 400px\"><\/a><\/p>\n<p><strong><span class=\"caps\">\u00c4KKIL\u00c4HT\u00d6<\/span> \/ <span class=\"caps\">OFF<\/span> <span class=\"caps\">THE<\/span>&nbsp;<span class=\"caps\">MAP<\/span><br>\nFinnland 2016&nbsp; 98 Min.&nbsp; fin\u00adni\u00adsche&nbsp;OmU<\/strong><\/p>\n<p>Katri, eine jun\u00adge Immobilienmaklerin flieht mit einer ihr unbe\u00adkann\u00adten G\u00f6re namens Anna und einer Tasche vol\u00adler unrecht\u00adm\u00e4\u00ad\u00dfig erwor\u00adbe\u00adnem Geldes in die fin\u00adni\u00adsche Pampa, zur wehr\u00adhaf\u00adten Gro\u00dfmutter des M\u00e4dchens. Ihnen auf der Spur sind ihr (Ex-)Freund und Annas Stiefvater. Spannend, komisch und ein wenig roman\u00adtisch ist das Spielfilmdebut der bekann\u00adten Schauspielerin <b>Tiina Lymi<\/b>.<\/p>\n<p>mit&nbsp; Lotta Kaihua (Katri), Jussi Vatanen (Johannes), Antti Holma (Mikko), Eedit Patrakka (Anna), Ville Tiihonnen (Tero), Maja Packalen (Gro\u00dfmutter) u.a.<\/p>\n<p>I <span class=\"caps\">BLODET<\/span> | <span class=\"caps\">IN<\/span> <span class=\"caps\">THE<\/span>&nbsp;<span class=\"caps\">BLOOD<\/span><a href=\"https:\/\/fsk-kino.peripherfilm.de\/wp-content\/uploads\/2017\/03\/nordichter3.jpg\" data-lbwps-width=\"1275.4982415006\" data-lbwps-height=\"850\" data-lbwps-srcsmall=\"https:\/\/fsk-kino.peripherfilm.de\/wp-content\/uploads\/2017\/03\/nordichter3-400x267.jpg\"><img loading=\"lazy\" decoding=\"async\" class=\"alignleft wp-image-5807 size-medium\" src=\"https:\/\/fsk-kino.peripherfilm.de\/wp-content\/uploads\/2017\/03\/nordichter3-400x267.jpg\" alt=\"I Blodet (In the blood)\" width=\"400\" height=\"267\" srcset=\"https:\/\/fsk-kino.peripherfilm.de\/wp-content\/uploads\/2017\/03\/nordichter3-400x267.jpg 400w, https:\/\/fsk-kino.peripherfilm.de\/wp-content\/uploads\/2017\/03\/nordichter3-300x200.jpg 300w, https:\/\/fsk-kino.peripherfilm.de\/wp-content\/uploads\/2017\/03\/nordichter3-600x400.jpg 600w, https:\/\/fsk-kino.peripherfilm.de\/wp-content\/uploads\/2017\/03\/nordichter3-768x512.jpg 768w, https:\/\/fsk-kino.peripherfilm.de\/wp-content\/uploads\/2017\/03\/nordichter3-1024x682.jpg 1024w, https:\/\/fsk-kino.peripherfilm.de\/wp-content\/uploads\/2017\/03\/nordichter3-624x416.jpg 624w, https:\/\/fsk-kino.peripherfilm.de\/wp-content\/uploads\/2017\/03\/nordichter3.jpg 1280w\" sizes=\"auto, (max-width: 400px) 100vw, 400px\"><\/a><br>\nD\u00e4nemark 2016&nbsp; 104 Min.&nbsp; d\u00e4ni\u00adsche&nbsp;OmU<\/p>\n<p>Simon (23) stu\u00addiert zusam\u00admen mit sei\u00adnem bes\u00adten Kumpel Knud Medizin in Kopenhagen. Zwischen Uni und Klausuren fei\u00adern sie mit ihrer 4er-M\u00e4nner-WG rau\u00adschen\u00adde Parties. Das tol\u00adle Gemeinschaftsgef\u00fchl der <span class=\"caps\">WG<\/span> droht jedoch nach und nach an der Zukunftsplanung der ande\u00adren zu zer\u00adbre\u00adchen. Simon mag jedoch noch nicht an ein Leben in geord\u00adne\u00adten Bahnen den\u00adken. Gef\u00fchlt allein gelas\u00adsen fl\u00fcch\u00adtet er sich in exzes\u00adsi\u00adve Alkohol- und Drogenn\u00e4chte. Dabei lernt er Emilie ken\u00adnen, die auch nicht auf eine Beziehung aus ist. Es ist der Beginn eines tur\u00adbu\u00adlen\u00adten Sommers&nbsp; vol\u00adler Auf- und Umbr\u00fcche, in dem das Gef\u00fchl gren\u00adzen\u00adlo\u00adser Freiheit, Verlust und Unsicherheit nah bei\u00adein\u00adan\u00adder lie\u00adgen\u2026 Visuell bemer\u00adkens-wer\u00adter Deb\u00fctfilm von <b>Rasmus Heisterberg<\/b> mit tol\u00adlem Soundtrack (Daft Punk uvm.), der sei\u00adne Premiere beim Filmfest in in Toronto hatte.<\/p>\n<p>mit&nbsp;&nbsp; Esben Dalgaard Andersen (Rune), Julie Andresen (Cecilie), Aske Bang (S\u00f8ren), Louise Katrine Bartholin (Festdeltager), Kristoffer Bech (Simon), Gerard Bidstrup (Kirurg), u.a.<\/p>\n<p><a href=\"https:\/\/fsk-kino.peripherfilm.de\/wp-content\/uploads\/2017\/03\/nordichter4.jpg\" data-lbwps-width=\"1275.4982415006\" data-lbwps-height=\"850\" data-lbwps-srcsmall=\"https:\/\/fsk-kino.peripherfilm.de\/wp-content\/uploads\/2017\/03\/nordichter4-400x267.jpg\"><img loading=\"lazy\" decoding=\"async\" class=\"size-medium wp-image-5806 alignright\" src=\"https:\/\/fsk-kino.peripherfilm.de\/wp-content\/uploads\/2017\/03\/nordichter4-400x267.jpg\" alt=\"REYKJAV\u00cdK\" width=\"400\" height=\"267\" srcset=\"https:\/\/fsk-kino.peripherfilm.de\/wp-content\/uploads\/2017\/03\/nordichter4-400x267.jpg 400w, https:\/\/fsk-kino.peripherfilm.de\/wp-content\/uploads\/2017\/03\/nordichter4-300x200.jpg 300w, https:\/\/fsk-kino.peripherfilm.de\/wp-content\/uploads\/2017\/03\/nordichter4-600x400.jpg 600w, https:\/\/fsk-kino.peripherfilm.de\/wp-content\/uploads\/2017\/03\/nordichter4-768x512.jpg 768w, https:\/\/fsk-kino.peripherfilm.de\/wp-content\/uploads\/2017\/03\/nordichter4-1024x682.jpg 1024w, https:\/\/fsk-kino.peripherfilm.de\/wp-content\/uploads\/2017\/03\/nordichter4-624x416.jpg 624w, https:\/\/fsk-kino.peripherfilm.de\/wp-content\/uploads\/2017\/03\/nordichter4.jpg 1280w\" sizes=\"auto, (max-width: 400px) 100vw, 400px\"><\/a><span class=\"caps\">REYKJAV\u00cdK<\/span><br>\nIsland 2016&nbsp;&nbsp; 92 Min. &nbsp; <strong>isl\u00e4n\u00addi\u00adsche&nbsp;OmU<\/strong><\/p>\n<p>Kaum noch jemand besucht Hringur (Atli Rafn Sigur\u00f0sson) in sei\u00adner Videothek \u201eDie Amerikanische Nacht\u201d, um, wie einst bei den Buchhandlungen, mit \u00e4u\u00dferst vagen Angaben und weni\u00adgen S\u00e4tzen \u00fcber Inhalte, zu einem Titel und damit einer <span class=\"caps\">DVD<\/span> zu gelan\u00adgen. Nur noch die weni\u00adgen fr\u00fc\u00adher Cineasten, heu\u00adte Film-Nerds Genannten kom\u00admen noch, aber von den paar kann der Film-Enthusiast nicht leben. Hringur ist schlicht plei\u00adte. Gerade woll\u00adte er sich gemein\u00adsam mit Gattin Elsa, einer Stewardess der Fluggesellschaft Icelandair, noch ein sch\u00f6\u00adnes gro\u00ad\u00dfes Haus kau\u00adfen, da soll ihnen auch schon die Wohnung weg\u00adge\u00adpf\u00e4n\u00addet wer\u00adden. Da hat Elsa, einst von sei\u00adner Nat\u00fcrlichkeit bezau\u00adbert, genug. Sie will ein moder\u00adnes und vor allem \u201enor\u00adma\u00adles\u201d Leben. Hringur muss aus\u00adzie\u00adhen, das Sorgerecht f\u00fcr die Tochter wird auf\u00adge\u00adteilt. Er nimmt es gelas\u00adsen und zieht auf sein Ladensofa. Aber das Leben geht wei\u00adter und h\u00e4lt noch eini\u00adge unvor\u00adher\u00adseh\u00adba\u00adre Wendungen f\u00fcr alle Beteiligten bereit.<br>\nDer Regisseur <b>\u00c1sgr\u00edmur Sverrisson<\/b> hat auf der Insel eine Art isl\u00e4n\u00addi\u00adsches <i>Cahier du Cin\u00e9ma <\/i>auf\u00adge\u00adbaut, das Filmmagazin Land <span class=\"amp\">&amp;<\/span> syn\u00adir, hat den isl\u00e4n\u00addi\u00adschen Film- und Fernsehpreis Edda-Awards gegr\u00fcn\u00addet sowie das ers\u00adte Kunst-Kino Reykjav\u00edks er\u00f6ff\u00adnet. Er unter\u00adrich\u00adtet an der dor\u00adti\u00adgen Filmhochschule, mode\u00adriert im Fernsehen, schreibt Drehb\u00fccher und hat mehr\u00adfach Regie gef\u00fchrt bei Kurzfilmen. <span class=\"caps\">REYKIAV\u00cdK<\/span> ist auch ein lako\u00adni\u00adscher Abgesang aufs Cineastentum, und hat wahr\u00adschein\u00adlich viel mit sei\u00adnem Sch\u00f6pfer zu&nbsp;tun.<\/p>\n<p>mit&nbsp; Atli Rafn Sigurdarson (Hringur), Nanna Krist\u00edn Magn\u00fasd\u00f3ttir, Gudmundur Ingi Thorvaldsson, Gr\u00edma Kristj\u00e1nsd\u00f3ttir, u.a.<\/p>\n<p><a href=\"https:\/\/fsk-kino.peripherfilm.de\/wp-content\/uploads\/2017\/03\/nordichter2.jpg\" data-lbwps-width=\"1275.4982415006\" data-lbwps-height=\"850\" data-lbwps-srcsmall=\"https:\/\/fsk-kino.peripherfilm.de\/wp-content\/uploads\/2017\/03\/nordichter2-400x267.jpg\"><img loading=\"lazy\" decoding=\"async\" class=\"alignleft size-medium wp-image-5808\" src=\"https:\/\/fsk-kino.peripherfilm.de\/wp-content\/uploads\/2017\/03\/nordichter2-400x267.jpg\" alt=\"Grand Hotel\" width=\"400\" height=\"267\" srcset=\"https:\/\/fsk-kino.peripherfilm.de\/wp-content\/uploads\/2017\/03\/nordichter2-400x267.jpg 400w, https:\/\/fsk-kino.peripherfilm.de\/wp-content\/uploads\/2017\/03\/nordichter2-300x200.jpg 300w, https:\/\/fsk-kino.peripherfilm.de\/wp-content\/uploads\/2017\/03\/nordichter2-600x400.jpg 600w, https:\/\/fsk-kino.peripherfilm.de\/wp-content\/uploads\/2017\/03\/nordichter2-768x512.jpg 768w, https:\/\/fsk-kino.peripherfilm.de\/wp-content\/uploads\/2017\/03\/nordichter2-1024x682.jpg 1024w, https:\/\/fsk-kino.peripherfilm.de\/wp-content\/uploads\/2017\/03\/nordichter2-624x416.jpg 624w, https:\/\/fsk-kino.peripherfilm.de\/wp-content\/uploads\/2017\/03\/nordichter2.jpg 1280w\" sizes=\"auto, (max-width: 400px) 100vw, 400px\"><\/a><span class=\"caps\">GRAND<\/span> <span class=\"caps\">HOTEL<\/span><br>\nNorwegen 2016&nbsp; 95 Min. nor\u00adwe\u00adgi\u00adsche&nbsp;OmU<\/p>\n<p>Im <span class=\"caps\">GRAND<\/span> <span class=\"caps\">HOTEL<\/span> tref\u00adfen sich der eit\u00adle und hoch\u00adn\u00e4\u00adsi\u00adge Schriftsteller Axel und der 10j\u00e4hrige Noah \u2013 der eine hat ein Alkoholproblem, der ande\u00adre ein l\u00e4s\u00adti\u00adges Tourette-Syndrom. Es eint sie die Tatsache, dass \u201edie Anderen\u201c da drau\u00ad\u00dfen sie schein\u00adbar nicht m\u00f6gen und um so inter\u00ades\u00adsan\u00adter ist der Prozess der Ann\u00e4herung die\u00adses sehr unglei\u00adchen Paares.<br>\nDie drit\u00adte Regiearbeit von <b>Arild Fr\u00f6hlich<\/b>, die nach den bei\u00adden <span class=\"caps\">DOKTOR<\/span> <span class=\"caps\">PROKTOR<\/span> Kinderfilmen in Deutschland ins Kino kommt, ist ein wun\u00adder\u00adsch\u00f6\u00adner und teil\u00adwei\u00adse anr\u00fch\u00adren\u00adder Film \u00fcber zwei gesell\u00adschaft\u00adli\u00adche Au\u00dfenseiter, die gemein\u00adsam den Versuch unter\u00adneh\u00admen (m\u00fcs\u00adsen), sich zu helfen.<\/p>\n<p>mit&nbsp; Atle Antonsen (Axel Farstad), Vera Vitali (Hannah), H\u00e5kon B\u00f8hmer (Noah), u.a.<\/p>\n<p><a href=\"https:\/\/fsk-kino.peripherfilm.de\/wp-content\/uploads\/2017\/03\/nordichter5.jpg\" data-lbwps-width=\"1275.4982415006\" data-lbwps-height=\"850\" data-lbwps-srcsmall=\"https:\/\/fsk-kino.peripherfilm.de\/wp-content\/uploads\/2017\/03\/nordichter5-400x267.jpg\"><img loading=\"lazy\" decoding=\"async\" class=\"size-medium wp-image-5805 alignright\" src=\"https:\/\/fsk-kino.peripherfilm.de\/wp-content\/uploads\/2017\/03\/nordichter5-400x267.jpg\" alt=\"Sm\u00e5stad (Small town curtains)\" width=\"400\" height=\"267\" srcset=\"https:\/\/fsk-kino.peripherfilm.de\/wp-content\/uploads\/2017\/03\/nordichter5-400x267.jpg 400w, https:\/\/fsk-kino.peripherfilm.de\/wp-content\/uploads\/2017\/03\/nordichter5-300x200.jpg 300w, https:\/\/fsk-kino.peripherfilm.de\/wp-content\/uploads\/2017\/03\/nordichter5-600x400.jpg 600w, https:\/\/fsk-kino.peripherfilm.de\/wp-content\/uploads\/2017\/03\/nordichter5-768x512.jpg 768w, https:\/\/fsk-kino.peripherfilm.de\/wp-content\/uploads\/2017\/03\/nordichter5-1024x682.jpg 1024w, https:\/\/fsk-kino.peripherfilm.de\/wp-content\/uploads\/2017\/03\/nordichter5-624x416.jpg 624w, https:\/\/fsk-kino.peripherfilm.de\/wp-content\/uploads\/2017\/03\/nordichter5.jpg 1280w\" sizes=\"auto, (max-width: 400px) 100vw, 400px\"><\/a><span class=\"caps\">SM\u00c5STAD<\/span> \/ <span class=\"caps\">SMALL<\/span> <span class=\"caps\">TOWN<\/span> <span class=\"caps\">CURTAINS<\/span><br>\nSchweden 2016&nbsp; 91 Min. schwe\u00addi\u00adsche&nbsp;OmU<\/p>\n<p>Eine Beerdigung in der Kleinstadt: Bj\u00f6rn, der Sohn des Verstorbenen, soll eine Rede auf sei\u00adnen Vater hal\u00adten, bringt aber kein Wort her\u00adaus. Seit sei\u00adner Kindheit ist der Bruder von vier Schwestern ein sch\u00fcch\u00adter\u00adner und zur\u00fcck\u00adhal\u00adten\u00adder Mensch. Die letz\u00adte Botschaft sei\u00adnes Vaters aber gibt den Ansto\u00df, das eige\u00adne Leben noch ein\u00admal zu \u00e4ndern und Bj\u00f6rn beginnt, sich f\u00fcr das Theater zu begeis\u00adtern. Auch sei\u00adne Schwestern erhal\u00adten Videonachrichten und den\u00adken noch ein\u00admal neu \u00fcber ihre Arbeit und das Verh\u00e4ltnis zu ihren Liebsten nach.<br>\nEingeschnitten in den ver\u00adspiel\u00adten Plot sind alte Familien-Homevideos, die dem Ganzen eine unheim\u00adli\u00adche Authentizit\u00e4t ver\u00adlei\u00adhen. Ist es wohl Zufall, dass fast alle Darsteller auch Verwandte des Regisseurs<b> Johan L\u00f6fstedt<\/b> sind?<\/p>\n<p>mit&nbsp; Bj\u00f6rn L\u00f6fstedt, Pelle L\u00f6fstedt, Anna L\u00f6fstedt, Bengt Sturzenbecker, Anders Carls\u00e9n, Maja L\u00f6fstedt, Ludvig Carls\u00e9n u.a.<\/p>\n<p>Die Webseite zur Reihe ist <a class=\"moz-txt-link-abbreviated\" href=\"http:\/\/www.nordlichter-film.de\">www.nordlichter-film.de<\/a>.<\/p>\n<p><strong>Termine:<\/strong><\/p>\n<p>\n<\/p>","protected":false},"excerpt":{"rendered":"<p>Sorry, this ent\u00adry is only available in Deutsch.<span class=\"caps\">NORDLICHTER<\/span>, das mobi\u00adle skan\u00addi\u00adna\u00advi\u00adsche Filmfestival hat (in Zusammenarbeit mit den Nordischen Filmtagen L\u00fcbeck) in sei\u00adner 3. Ausgabe wie\u00adder eine abwechs\u00adlungs\u00adrei\u00adche Mischung von neu\u00aden Filmen aus Island, D\u00e4nemark, Schweden, Finnland und Norwegen zusam\u00admen\u00adge\u00adstellt (alle Filme lau\u00adfen nat\u00fcr\u00adlich in der Originalfassung mit deut\u00adschen Untertiteln). So gibt es ein fin\u00adni\u00adsches Roadmovie&nbsp;[\u2026]<\/p>\n","protected":false},"author":2,"featured_media":5812,"comment_status":"closed","ping_status":"open","sticky":false,"template":"","format":"standard","meta":{"_crdt_document":"","wp_typography_post_enhancements_disabled":false,"slim_seo":{"title":"[:de]Nordlichter 2017[:] - fsk Kino","description":"[:de]NORDLICHTER, das mobile skandinavische Filmfestiva l hat (in Zusammenarbeit mit den Nordischen Filmtagen L\u00fcbeck) in seiner 3. Ausgabe wieder eine abwechslu"},"footnotes":""},"categories":[25],"tags":[],"class_list":["post-5804","post","type-post","status-publish","format-standard","has-post-thumbnail","hentry","category-archiv"],"_links":{"self":[{"href":"https:\/\/fsk-kino.peripherfilm.de\/en\/wp-json\/wp\/v2\/posts\/5804","targetHints":{"allow":["GET"]}}],"collection":[{"href":"https:\/\/fsk-kino.peripherfilm.de\/en\/wp-json\/wp\/v2\/posts"}],"about":[{"href":"https:\/\/fsk-kino.peripherfilm.de\/en\/wp-json\/wp\/v2\/types\/post"}],"author":[{"embeddable":true,"href":"https:\/\/fsk-kino.peripherfilm.de\/en\/wp-json\/wp\/v2\/users\/2"}],"replies":[{"embeddable":true,"href":"https:\/\/fsk-kino.peripherfilm.de\/en\/wp-json\/wp\/v2\/comments?post=5804"}],"version-history":[{"count":0,"href":"https:\/\/fsk-kino.peripherfilm.de\/en\/wp-json\/wp\/v2\/posts\/5804\/revisions"}],"wp:featuredmedia":[{"embeddable":true,"href":"https:\/\/fsk-kino.peripherfilm.de\/en\/wp-json\/wp\/v2\/media\/5812"}],"wp:attachment":[{"href":"https:\/\/fsk-kino.peripherfilm.de\/en\/wp-json\/wp\/v2\/media?parent=5804"}],"wp:term":[{"taxonomy":"category","embeddable":true,"href":"https:\/\/fsk-kino.peripherfilm.de\/en\/wp-json\/wp\/v2\/categories?post=5804"},{"taxonomy":"post_tag","embeddable":true,"href":"https:\/\/fsk-kino.peripherfilm.de\/en\/wp-json\/wp\/v2\/tags?post=5804"}],"curies":[{"name":"wp","href":"https:\/\/api.w.org\/{rel}","templated":true}]}}