{"id":3893,"date":"2016-08-24T23:59:27","date_gmt":"2016-08-24T21:59:27","guid":{"rendered":"http:\/\/fsk-kino.peripherfilm.de\/?p=3893"},"modified":"2021-08-31T11:43:57","modified_gmt":"2021-08-31T09:43:57","slug":"dokfilmwoche-2016","status":"publish","type":"post","link":"https:\/\/fsk-kino.peripherfilm.de\/en\/dokfilmwoche-2016\/","title":{"rendered":"dokfilmwoche 2016"},"content":{"rendered":"<p>Vom 1. bis zum 7.9. fin\u00addet die vier\u00adte Ausgabe der <strong><a href=\"http:\/\/dokfilmwoche.peripherfilm.de\/\">dok\u00adfilm\u00adwo\u00adche<\/a> <\/strong>statt, wie in den letz\u00adten Jahren wie\u00adder in Zusammenarbeit mit dem <a href=\"http:\/\/dokfilmwoche.peripherfilm.de\/?page_id=259\">Sputnik Kino<\/a>.&nbsp;&nbsp;&nbsp; \u2013&nbsp;&nbsp;&nbsp; <strong><a href=\"#zeiten\">Timetable<\/a> <a href=\"#zeiten\">\u2193<\/a><\/strong><!--more--><\/p>\n<p><span style=\"font-family: Arial,sans-serif;\"><span lang=\"de-DE\"><a href=\"https:\/\/fsk-kino.peripherfilm.de\/wp-content\/uploads\/2016\/08\/cover_programmheft_hoch.png\" data-lbwps-width=\"400.89856230032\" data-lbwps-height=\"850\" data-lbwps-srcsmall=\"https:\/\/fsk-kino.peripherfilm.de\/wp-content\/uploads\/2016\/08\/cover_programmheft_hoch-141x300.png\"><img loading=\"lazy\" decoding=\"async\" class=\"alignleft wp-image-3946 size-medium\" src=\"https:\/\/fsk-kino.peripherfilm.de\/wp-content\/uploads\/2016\/08\/cover_programmheft_hoch-141x300.png\" width=\"141\" height=\"300\" srcset=\"https:\/\/fsk-kino.peripherfilm.de\/wp-content\/uploads\/2016\/08\/cover_programmheft_hoch-141x300.png 141w, https:\/\/fsk-kino.peripherfilm.de\/wp-content\/uploads\/2016\/08\/cover_programmheft_hoch-300x636.png 300w, https:\/\/fsk-kino.peripherfilm.de\/wp-content\/uploads\/2016\/08\/cover_programmheft_hoch-600x1272.png 600w, https:\/\/fsk-kino.peripherfilm.de\/wp-content\/uploads\/2016\/08\/cover_programmheft_hoch-768x1628.png 768w, https:\/\/fsk-kino.peripherfilm.de\/wp-content\/uploads\/2016\/08\/cover_programmheft_hoch-483x1024.png 483w, https:\/\/fsk-kino.peripherfilm.de\/wp-content\/uploads\/2016\/08\/cover_programmheft_hoch-624x1323.png 624w, https:\/\/fsk-kino.peripherfilm.de\/wp-content\/uploads\/2016\/08\/cover_programmheft_hoch.png 1181w\" sizes=\"auto, (max-width: 141px) 100vw, 141px\"><\/a>Vier Bilder von den Gespenstern euro\u00adp\u00e4i\u00adscher Kriege macht sich Isabelle Tollenares: ein Nachleben in zweck\u00adent\u00adfrem\u00adde\u00adten Bunkern, Erfahrungstourismus, Zur\u00fcstungen f\u00fcr Kommendes und Bomben, die noch nicht explo\u00addiert sind: <a href=\"https:\/\/fsk-kino.peripherfilm.de\/events\/event\/battles-omeu\/\"><span class=\"caps\">BATTLES<\/span><\/a>. Florian Hoffmann portr<\/span><span lang=\"de-DE\">\u00e4<\/span><span lang=\"de-DE\">tiert eine jun\u00adge Frau aus der Zentralafrikanischen Republik, die in Deutschland einen Umgang mit dem Schmerz sucht, dem der medi\u00adzi\u00adni\u00adschen Verfahren offen steht, und dem der das nicht tut, in einem Krieg, der nicht vor\u00ad\u00fcber ist: <a href=\"https:\/\/fsk-kino.peripherfilm.de\/events\/event\/arlette-mut-ist-ein-muskel\/\"><span class=\"caps\">ARLETTE<\/span><\/a>. Mit Anwohner*innen dis\u00adku\u00adtie\u00adren, mit staat\u00adli\u00adchen Stellen strei\u00adten, in Anh\u00f6rungen argu\u00admen\u00adtie\u00adren \u2013 Silvina Landsmann beglei\u00adtet eine israe\u00adli\u00adsche Initiative, die f\u00fcr die Rechte von Asylsuchenden k\u00e4mpft, Reden gegen den Zustand der Welt: <a href=\"https:\/\/fsk-kino.peripherfilm.de\/events\/event\/hotline-omeu\/\"><span class=\"caps\">HOTLINE<\/span><\/a>. Junge Frauen erz\u00e4h\u00adlen Mehrdad Oskouei von wid\u00adrigs\u00adten Kindheiten, in einer ira\u00adni\u00adschen Institution, die von sich behaup\u00adtet \u201cKorrektur und Rehabilitation\u201d zu die\u00adnen und doch das Hoffen und Tr\u00e4umen der M\u00e4dchen nicht ganz aus\u00adl\u00f6\u00adschen kann: <a href=\"https:\/\/fsk-kino.peripherfilm.de\/events\/event\/starless-dreams\/\"><span class=\"caps\">STARLESS<\/span> <span class=\"caps\">DREAMS<\/span><\/a>. Im Off des media\u00adlen Schlaglicht-Fokus ver\u00adbringt Jakob Brossmann viel Zeit in der Gesellschaft einer klei\u00adnen Insel, die unfrei\u00adwil\u00adlig zu einem Kristallisationspunkt des euro\u00adp\u00e4i\u00adschen Grenz- und Migrationsregimes gewor\u00adden ist: <a href=\"https:\/\/fsk-kino.peripherfilm.de\/events\/event\/lampedusa-im-winter\/\"><span class=\"caps\">LAMPEDUSA<\/span> <span class=\"caps\">IM<\/span> <span class=\"caps\">WINTER<\/span><\/a>. Am Kottbusser Tor fin\u00addet Angelika Levi Anwohner*innen, die sich zusam\u00admen\u00adschlie\u00ad\u00dfen, und beob\u00adach\u00adtet, wie sich eine Gemeinschaft jen\u00adseits sozia\u00adler und kul\u00adtu\u00adrel\u00adler Verwerfungen zu for\u00admie\u00adren sucht, w\u00e4h\u00adrend ein Chor klagt und kom\u00admen\u00adtiert: <a href=\"https:\/\/fsk-kino.peripherfilm.de\/events\/event\/miete-essen-seele-auf\/\"><span class=\"caps\">MIETE<\/span> <span class=\"caps\">ESSEN<\/span> <span class=\"caps\">SEELE<\/span> <span class=\"caps\">AUF<\/span><\/a>. Friederike G\u00fcssefeld h\u00f6rt Geschichten von Tod, Tragik, Trauer, Mysterium und Groteske: in einem Dorf in der Provinz wur\u00adde viel erlebt, wird viel gestor\u00adben und irgend\u00adwie ver\u00adsucht, sich eine Reim drauf zu machen: <a href=\"https:\/\/fsk-kino.peripherfilm.de\/events\/event\/wenn-man-sie-bedauert-koennen-sie-schlecht-sterben\/\"><span class=\"caps\">WENN<\/span> <span class=\"caps\">MAN<\/span> <span class=\"caps\">SIE<\/span> <span class=\"caps\">BEDAUERT<\/span>, <span class=\"caps\">K\u00d6NNEN<\/span> <span class=\"caps\">SIE<\/span> <span class=\"caps\">SCHLECHT<\/span> <span class=\"caps\">STERBEN<\/span>.<\/a><br>\n<\/span><\/span><\/p>\n<p><span lang=\"de-DE\">Briefe, die Ingeborg Bachmann und Paul Celan ein\u00adan\u00adder schrie\u00adben, l\u00e4sst Ruth Beckermann zwei jun\u00adge Menschen in einem Wiener Tonstudio lesen, beob\u00adach\u00adtet sie im Umgang mit den Texten, zeich\u00adnet das Portrait einer unm\u00f6g\u00adli\u00adchen Liebe im Schatten der Shoah und ver\u00admisst im Abstand ein Jahrhundert: <a href=\"https:\/\/fsk-kino.peripherfilm.de\/events\/event\/die-getraeumten\/\"><span class=\"caps\">DIE<\/span> <span class=\"caps\">GETR\u00c4UMTEN<\/span><\/a>.<\/span><\/p>\n<p><span lang=\"de-DE\">Aus pri\u00adva\u00adten und inti\u00admen Momenten, Gespr\u00e4chen zwi\u00adschen einer Tochter und einer Mutter, zwi\u00adschen einer femi\u00adnis\u00adti\u00adschen Filmemacherin und einer Frau, die Auschwitz \u00fcber\u00adlebt hat, mon\u00adtiert Chantal Akerman ihren letz\u00adten Film, der eine Arbeit der Liebe ist und zugleich alles Private \u00fcber\u00adsteigt: <a href=\"https:\/\/fsk-kino.peripherfilm.de\/events\/event\/no-home-movie\/\"><span class=\"caps\">NO<\/span> <span class=\"caps\">HOME<\/span> <span class=\"caps\">MOVIE<\/span><\/a>. Eine Reise auf einem pol\u00adni\u00adschen Kohlenschlepper <span class=\"amp\">&amp;<\/span> das gr\u00f6\u00df\u00adte Kohlekraftwerk der Welt \u2013 zwei distink\u00adte Bilderwelten ver\u00adwebt Georg Tiller zu einer Studie, die selbst am Tagbau der Bilder des (doch nicht?) aus\u00adge\u00adhen\u00adden Industriezeitalters sch\u00fcrft: <a href=\"https:\/\/fsk-kino.peripherfilm.de\/events\/event\/white-coal-omeu\/\"><span class=\"caps\">WHITE<\/span> <span class=\"caps\">COAL<\/span><\/a>. Im ruhi\u00adgen doku\u00admen\u00adta\u00adri\u00adschen Sehen auf auf\u00adge\u00adlas\u00adse\u00adne, ver\u00adlas\u00adse\u00adne, still\u00adge\u00adleg\u00adte, rui\u00adnier\u00adte Orte fin\u00addet Nikolaus Geyrhalter eine fas\u00adzi\u00adnie\u00adren\u00adde und zugleich zutiefst beun\u00adru\u00adhi\u00adgen\u00adde Vision einer post\u00adhu\u00adma\u00adnen Zukunft <a href=\"https:\/\/fsk-kino.peripherfilm.de\/events\/event\/homo-sapiens\/\"><span class=\"caps\">HOMO<\/span> <span class=\"caps\">SAPIENS<\/span><\/a>. Melanie Jilg beglei\u00adtet eine Frau, einen Hund und einen Ochsen auf einer Reise durch \u00e4u\u00dfe\u00adre und inne\u00adre Landschaften und fin\u00addet Bilder f\u00fcr bei\u00adde: <a href=\"https:\/\/fsk-kino.peripherfilm.de\/events\/event\/eva\/\"><span class=\"caps\">EVA<\/span><\/a>. Vom Verfertigen von Waren und dem Schaffen von Kunst aus den\u00adsel\u00adben H\u00e4nden erz\u00e4hlt Sabine Herpich: <a href=\"https:\/\/fsk-kino.peripherfilm.de\/events\/event\/david\/\"><span class=\"caps\">DAVID<\/span><\/a>. Serpil Turhan zeigt ein Portrait von Rudolf Thome, das auch ein Blick in eine lan\u00adge Arbeits- und Freundschaftsbeziehung ist, und zusieht, wie Kino und Leben zusam\u00admen\u00adgeht, oder nicht: <a href=\"https:\/\/fsk-kino.peripherfilm.de\/events\/event\/rudolph-thome-ueberall-blumen\/\"><span class=\"caps\">\u00dcBERALL<\/span> <span class=\"caps\">BLUMEN<\/span><\/a>.<\/span><\/p>\n<p><span lang=\"de-DE\">14<\/span><span lang=\"de-DE\"> Filme, die ver\u00adsu\u00adchen die Gegenwart in ihrem Werden zu ver\u00adste\u00adhen, gro\u00ad\u00dfen Fragen nicht aus\u00adwei\u00adchen und sich ger\u00adne von dem nur ver\u00admeint\u00adlich Nebens\u00e4chlichen lei\u00adten las\u00adsen, regis\u00adtrie\u00adren was ist und was w\u00e4re, Filme \u00fcber Realit\u00e4ten und gegen sie. Zu sehen in der vier\u00adten Kreuzberger Dokfilmwoche, im <\/span><span lang=\"de-DE\">fsk<\/span><span lang=\"de-DE\">- und Sputnik-Kino, zwi\u00adschen 1. und 7. September 2016.<\/span><\/p>\n<p>mit Unterst\u00fctzung der:<a href=\"http:\/\/www.rosalux.de\/\"><br>\n<\/a><a href=\"http:\/\/www.rosalux.de\/\"><img loading=\"lazy\" decoding=\"async\" class=\"alignnone wp-image-973\" src=\"https:\/\/fsk-kino.peripherfilm.de\/wp-content\/uploads\/2016\/07\/RLS_Export-Logo_de.jpg\" alt=\"RLS_Export-Logo_de\" width=\"180\" height=\"127\"><\/a><\/p>\n<p>Hier der Trailer:<\/p>\n<p><iframe loading=\"lazy\" src=\"https:\/\/player.vimeo.com\/video\/177434841\" width=\"800\" height=\"450\" frameborder=\"0\" allowfullscreen=\"allowfullscreen\"><\/iframe><br>\n<a href=\"https:\/\/vimeo.com\/177434841\">dok\u00adfilm\u00adwo\u00adche 2016 \/ fsk Kino + Sputnik Kino<\/a> from <a href=\"https:\/\/vimeo.com\/sabineherpich\">Sabine Herpich<\/a> on <a href=\"https:\/\/vimeo.com\">Vimeo<\/a>.<\/p>\n<p><a name=\"zeiten\"><\/a> <strong>Termine und Zeiten:<\/strong><\/p>\n<p>Do 01.09.<br>\n18:00&nbsp;&nbsp; &nbsp;fsk&nbsp;&nbsp;&nbsp; <a href=\"http:\/\/dokfilmwoche.peripherfilm.de\/die-getraeumten\/\">Die Getr\u00e4umten <\/a><br>\n18:00&nbsp;&nbsp; &nbsp;Sputnik&nbsp;&nbsp;&nbsp; <a href=\"http:\/\/dokfilmwoche.peripherfilm.de\/white-coal\/\">White Coal <\/a><br>\n20:00&nbsp;&nbsp; &nbsp;fsk&nbsp;&nbsp; <a href=\"http:\/\/dokfilmwoche.peripherfilm.de\/homo-sapiens\/\">Homo Sapiens <\/a><br>\n20:00&nbsp;&nbsp; &nbsp;Sputnik&nbsp;&nbsp; &nbsp;<a href=\"http:\/\/dokfilmwoche.peripherfilm.de\/miete-essen-seele-auf\/\">Miete essen Seele auf<\/a>&nbsp; (mit Gast)<\/p>\n<p>Fr 02.09.<br>\n18:00&nbsp;&nbsp; &nbsp;fsk&nbsp;&nbsp;&nbsp; <a href=\"http:\/\/Lampedusa%20im%20Winter\">Lampedusa im Winter<\/a><br>\n18:00&nbsp;&nbsp; &nbsp;Sputnik&nbsp;&nbsp; <a href=\"http:\/\/%C3%9Cberall%20Blumen\">\u00dcberall Blumen<\/a><br>\n20:00&nbsp;&nbsp; &nbsp;fsk&nbsp;&nbsp; <a href=\"http:\/\/dokfilmwoche.peripherfilm.de\/arlette\/\">Arlette<\/a> (mit&nbsp;Gast)<br>\n20:00&nbsp;&nbsp; &nbsp;Sputnik&nbsp;&nbsp;&nbsp; <a href=\"http:\/\/dokfilmwoche.peripherfilm.de\/wenn-man-sie-bedauert-koennen-sie-schlecht-sterben\/\">Wenn man sie bedauert&nbsp;\u2026<\/a><\/p>\n<p>Sa 03.09.<br>\n18:00&nbsp;&nbsp; &nbsp;fsk&nbsp;&nbsp;&nbsp; <a href=\"http:\/\/dokfilmwoche.peripherfilm.de\/starless-dreams\/\">Starless Dreams<\/a><br>\n18:00&nbsp;&nbsp; &nbsp;Sputnik&nbsp;&nbsp; &nbsp;<a href=\"http:\/\/dokfilmwoche.peripherfilm.de\/arlette\/\">Arlette<\/a>&nbsp; (mit Gast)<br>\n20:00&nbsp;&nbsp; &nbsp;fsk&nbsp;&nbsp;&nbsp; <a href=\"http:\/\/dokfilmwoche.peripherfilm.de\/no-home-movie\/\">No Home&nbsp;Movie&nbsp;<\/a><br>\n20:00&nbsp;&nbsp; &nbsp;Sputnik&nbsp;&nbsp; &nbsp;<a href=\"http:\/\/Lampedusa%20im%20Winter\">Lampedusa im Winter<\/a><\/p>\n<p>So 04.09.<br>\n18:00&nbsp;&nbsp; &nbsp;fsk&nbsp;&nbsp; &nbsp;<a href=\"http:\/\/dokfilmwoche.peripherfilm.de\/miete-essen-seele-auf\/\">Miete essen Seele auf<\/a>&nbsp; (mit Gast)<br>\n18:00&nbsp;&nbsp; &nbsp;Sputnik&nbsp;&nbsp; &nbsp;<a href=\"http:\/\/dokfilmwoche.peripherfilm.de\/die-getraeumten\/\">Die Getr\u00e4umten <\/a><br>\n20:00&nbsp;&nbsp; &nbsp;fsk&nbsp;&nbsp; &nbsp;<a href=\"http:\/\/dokfilmwoche.peripherfilm.de\/white-coal\/\">White Coal <\/a><br>\n20:00&nbsp;&nbsp; &nbsp;Sputnik&nbsp;&nbsp; &nbsp;<a href=\"http:\/\/dokfilmwoche.peripherfilm.de\/no-home-movie\/\">No Home&nbsp;Movie&nbsp;<\/a><\/p>\n<p>Mo 05.09.<br>\n18:00&nbsp;&nbsp; &nbsp;fsk&nbsp;&nbsp; <a href=\"http:\/\/dokfilmwoche.peripherfilm.de\/battles\/\">Battles<\/a><br>\n18:00&nbsp;&nbsp; &nbsp;Sputnik&nbsp;&nbsp; &nbsp;<a href=\"http:\/\/dokfilmwoche.peripherfilm.de\/david\/\">David<\/a> (mit&nbsp;Gast)<br>\n20:00&nbsp;&nbsp; &nbsp;fsk&nbsp;&nbsp; &nbsp;<a href=\"http:\/\/dokfilmwoche.peripherfilm.de\/wenn-man-sie-bedauert-koennen-sie-schlecht-sterben\/\">Wenn man sie bedauert&nbsp;\u2026<\/a><br>\n20:00&nbsp;&nbsp; &nbsp;Sputnik&nbsp;&nbsp;&nbsp;<a href=\"http:\/\/dokfilmwoche.peripherfilm.de\/hotline\/\">Hotline <\/a><\/p>\n<p>Di 06.09.<br>\n18:00&nbsp;&nbsp; &nbsp;fsk&nbsp;&nbsp; &nbsp;<a href=\"http:\/\/dokfilmwoche.peripherfilm.de\/hotline\/\">Hotline <\/a><br>\n18:00&nbsp;&nbsp; &nbsp;Sputnik&nbsp;&nbsp; &nbsp;<a href=\"http:\/\/dokfilmwoche.peripherfilm.de\/homo-sapiens\/\">Homo Sapiens <\/a><br>\n20:00&nbsp;&nbsp; &nbsp;fsk&nbsp;&nbsp; <a href=\"http:\/\/dokfilmwoche.peripherfilm.de\/eva\/\">Eva<\/a><br>\n20:00&nbsp;&nbsp;&nbsp; Sputnik&nbsp;&nbsp; &nbsp;<a href=\"http:\/\/dokfilmwoche.peripherfilm.de\/battles\/\">Battles<\/a><\/p>\n<p>Mi 07.09.<br>\n18:00&nbsp;&nbsp; &nbsp;fsk&nbsp;&nbsp; &nbsp;<a href=\"http:\/\/%C3%9Cberall%20Blumen\">\u00dcberall Blumen<\/a>&nbsp; (mit Gast)<br>\n18:00&nbsp;&nbsp; &nbsp;Sputnik&nbsp;&nbsp; &nbsp;<a href=\"http:\/\/dokfilmwoche.peripherfilm.de\/eva\/\">Eva <\/a><br>\n20:15&nbsp;&nbsp; &nbsp;fsk&nbsp;&nbsp; &nbsp;<a href=\"http:\/\/dokfilmwoche.peripherfilm.de\/david\/\">David<\/a>&nbsp; (mit Gast)<br>\n20:00&nbsp;&nbsp; &nbsp;Sputnik&nbsp;&nbsp; &nbsp;<a href=\"http:\/\/dokfilmwoche.peripherfilm.de\/starless-dreams\/\">Starless Dreams<\/a><\/p>\n","protected":false},"excerpt":{"rendered":"<p>Vom 1. bis zum 7.9. fin\u00addet die vier\u00adte Ausgabe der dok\u00adfilm\u00adwo\u00adche statt, wie in den letz\u00adten Jahren wie\u00adder in Zusammenarbeit mit dem Sputnik Kino.&nbsp;&nbsp;&nbsp; \u2013&nbsp;&nbsp;&nbsp; Timetable&nbsp;\u2193<\/p>\n","protected":false},"author":2,"featured_media":3894,"comment_status":"closed","ping_status":"open","sticky":false,"template":"","format":"standard","meta":{"_crdt_document":"","wp_typography_post_enhancements_disabled":false,"slim_seo":{"title":"dokfilmwoche 2016 - fsk Kino","description":"Vom 1. bis zum 7.9. findet die vierte Ausgabe der dokfilmwoche statt, wie in den letzten Jahren wieder in Zusammenarbeit mit dem Sputnik Kino .\u00a0\u00a0\u00a0 -\u00a0\u00a0\u00a0 Timetabl"},"footnotes":""},"categories":[25],"tags":[198],"class_list":["post-3893","post","type-post","status-publish","format-standard","has-post-thumbnail","hentry","category-archiv","tag-nocache"],"_links":{"self":[{"href":"https:\/\/fsk-kino.peripherfilm.de\/en\/wp-json\/wp\/v2\/posts\/3893","targetHints":{"allow":["GET"]}}],"collection":[{"href":"https:\/\/fsk-kino.peripherfilm.de\/en\/wp-json\/wp\/v2\/posts"}],"about":[{"href":"https:\/\/fsk-kino.peripherfilm.de\/en\/wp-json\/wp\/v2\/types\/post"}],"author":[{"embeddable":true,"href":"https:\/\/fsk-kino.peripherfilm.de\/en\/wp-json\/wp\/v2\/users\/2"}],"replies":[{"embeddable":true,"href":"https:\/\/fsk-kino.peripherfilm.de\/en\/wp-json\/wp\/v2\/comments?post=3893"}],"version-history":[{"count":0,"href":"https:\/\/fsk-kino.peripherfilm.de\/en\/wp-json\/wp\/v2\/posts\/3893\/revisions"}],"wp:featuredmedia":[{"embeddable":true,"href":"https:\/\/fsk-kino.peripherfilm.de\/en\/wp-json\/wp\/v2\/media\/3894"}],"wp:attachment":[{"href":"https:\/\/fsk-kino.peripherfilm.de\/en\/wp-json\/wp\/v2\/media?parent=3893"}],"wp:term":[{"taxonomy":"category","embeddable":true,"href":"https:\/\/fsk-kino.peripherfilm.de\/en\/wp-json\/wp\/v2\/categories?post=3893"},{"taxonomy":"post_tag","embeddable":true,"href":"https:\/\/fsk-kino.peripherfilm.de\/en\/wp-json\/wp\/v2\/tags?post=3893"}],"curies":[{"name":"wp","href":"https:\/\/api.w.org\/{rel}","templated":true}]}}