{"id":29839,"date":"2025-12-01T14:13:09","date_gmt":"2025-12-01T13:13:09","guid":{"rendered":"https:\/\/fsk-kino.peripherfilm.de\/?p=29839"},"modified":"2026-02-16T07:36:47","modified_gmt":"2026-02-16T06:36:47","slug":"der-fremde","status":"publish","type":"post","link":"https:\/\/fsk-kino.peripherfilm.de\/en\/der-fremde\/","title":{"rendered":"Der Fremde"},"content":{"rendered":"<p class=\"wp-block-paragraph\">A film by Fran\u00e7ois Ozon. In French with German subtitles.<\/p>\n\n\n\n<p class=\"has-text-align-right wp-block-paragraph\">[<a href=\"#credits\">Credits<\/a>] [<a href=\"https:\/\/booking.cinetixx.de\/frontend\/#\/movie\/2278359999\/3330234450\">Tickets <span class=\"amp\">&amp;<\/span> Termine<\/a>] [<a href=\"#trailer\">Trailer<\/a>]<\/p>\n\n\n\n<p class=\"wp-block-paragraph\">Algiers, 1938. Meursault, a quiet and unas\u00adsum\u00ading employee in his ear\u00adly thir\u00adties, attends his mother\u2019s fun\u00ade\u00adral wit\u00adhout shed\u00adding a tear. The next day, he beg\u00adins a casu\u00adal affair with Marie, a work col\u00adle\u00adague, and quick\u00adly slips back into his usu\u00adal rou\u00adti\u00adne.<br>However, his dai\u00adly life is soon dis\u00adrupt\u00aded by his neigh\u00adbour, Raymond Sint\u00e8s, who draws Meursault into his shady dealings \u2014 until, on one blis\u00adte\u00adrin\u00adgly hot day, a tra\u00adgic event occurs on a&nbsp;beach.<\/p>\n\n\n\n<figure class=\"wp-block-gallery has-nested-images columns-default is-cropped wp-block-gallery-2 is-layout-flex wp-block-gallery-is-layout-flex\">\n<figure class=\"wp-block-image size-large\"><a href=\"https:\/\/fsk-kino.peripherfilm.de\/wp-content\/uploads\/2025\/12\/derfremde6.webp\" data-lbwps-width=\"1490\" data-lbwps-height=\"838.18663136995\" data-lbwps-srcsmall=\"https:\/\/fsk-kino.peripherfilm.de\/wp-content\/uploads\/2025\/12\/derfremde6-400x225.webp\"><img loading=\"lazy\" decoding=\"async\" width=\"1511\" height=\"850\" data-id=\"29841\" src=\"https:\/\/fsk-kino.peripherfilm.de\/wp-content\/uploads\/2025\/12\/derfremde6.webp\" alt=\"Der Fremde\" class=\"wp-image-29841\" srcset=\"https:\/\/fsk-kino.peripherfilm.de\/wp-content\/uploads\/2025\/12\/derfremde6.webp 1511w, https:\/\/fsk-kino.peripherfilm.de\/wp-content\/uploads\/2025\/12\/derfremde6-300x169.webp 300w, https:\/\/fsk-kino.peripherfilm.de\/wp-content\/uploads\/2025\/12\/derfremde6-600x338.webp 600w, https:\/\/fsk-kino.peripherfilm.de\/wp-content\/uploads\/2025\/12\/derfremde6-624x351.webp 624w, https:\/\/fsk-kino.peripherfilm.de\/wp-content\/uploads\/2025\/12\/derfremde6-400x225.webp 400w\" sizes=\"auto, (max-width: 1511px) 100vw, 1511px\"><\/a><\/figure>\n\n\n\n<figure class=\"wp-block-image size-large\"><a href=\"https:\/\/fsk-kino.peripherfilm.de\/wp-content\/uploads\/2025\/12\/derfremde1.webp\" data-lbwps-width=\"1490\" data-lbwps-height=\"838.18663136995\" data-lbwps-srcsmall=\"https:\/\/fsk-kino.peripherfilm.de\/wp-content\/uploads\/2025\/12\/derfremde1-400x225.webp\"><img loading=\"lazy\" decoding=\"async\" width=\"1024\" height=\"576\" data-id=\"29843\" src=\"https:\/\/fsk-kino.peripherfilm.de\/wp-content\/uploads\/2025\/12\/derfremde1-1024x576.webp\" alt=\"Der Fremde\" class=\"wp-image-29843\" srcset=\"https:\/\/fsk-kino.peripherfilm.de\/wp-content\/uploads\/2025\/12\/derfremde1-1024x576.webp 1024w, https:\/\/fsk-kino.peripherfilm.de\/wp-content\/uploads\/2025\/12\/derfremde1-300x169.webp 300w, https:\/\/fsk-kino.peripherfilm.de\/wp-content\/uploads\/2025\/12\/derfremde1-600x338.webp 600w, https:\/\/fsk-kino.peripherfilm.de\/wp-content\/uploads\/2025\/12\/derfremde1-624x351.webp 624w, https:\/\/fsk-kino.peripherfilm.de\/wp-content\/uploads\/2025\/12\/derfremde1-400x225.webp 400w, https:\/\/fsk-kino.peripherfilm.de\/wp-content\/uploads\/2025\/12\/derfremde1.webp 1511w\" sizes=\"auto, (max-width: 1024px) 100vw, 1024px\"><\/a><\/figure>\n\n\n\n<figure class=\"wp-block-image size-large\"><a href=\"https:\/\/fsk-kino.peripherfilm.de\/wp-content\/uploads\/2025\/12\/derfremde3.webp\" data-lbwps-width=\"1490\" data-lbwps-height=\"838.18663136995\" data-lbwps-srcsmall=\"https:\/\/fsk-kino.peripherfilm.de\/wp-content\/uploads\/2025\/12\/derfremde3-400x225.webp\"><img loading=\"lazy\" decoding=\"async\" width=\"1511\" height=\"850\" data-id=\"29842\" src=\"https:\/\/fsk-kino.peripherfilm.de\/wp-content\/uploads\/2025\/12\/derfremde3.webp\" alt=\"Der Fremde\" class=\"wp-image-29842\" srcset=\"https:\/\/fsk-kino.peripherfilm.de\/wp-content\/uploads\/2025\/12\/derfremde3.webp 1511w, https:\/\/fsk-kino.peripherfilm.de\/wp-content\/uploads\/2025\/12\/derfremde3-300x169.webp 300w, https:\/\/fsk-kino.peripherfilm.de\/wp-content\/uploads\/2025\/12\/derfremde3-600x338.webp 600w, https:\/\/fsk-kino.peripherfilm.de\/wp-content\/uploads\/2025\/12\/derfremde3-624x351.webp 624w, https:\/\/fsk-kino.peripherfilm.de\/wp-content\/uploads\/2025\/12\/derfremde3-400x225.webp 400w\" sizes=\"auto, (max-width: 1511px) 100vw, 1511px\"><\/a><\/figure>\n\n\n\n<figure class=\"wp-block-image size-large\"><a href=\"https:\/\/fsk-kino.peripherfilm.de\/wp-content\/uploads\/2025\/12\/derfremde4.webp\" data-lbwps-width=\"1490\" data-lbwps-height=\"838.18663136995\" data-lbwps-srcsmall=\"https:\/\/fsk-kino.peripherfilm.de\/wp-content\/uploads\/2025\/12\/derfremde4-400x225.webp\"><img loading=\"lazy\" decoding=\"async\" width=\"1511\" height=\"850\" data-id=\"29844\" src=\"https:\/\/fsk-kino.peripherfilm.de\/wp-content\/uploads\/2025\/12\/derfremde4.webp\" alt=\"Der Fremde\" class=\"wp-image-29844\" srcset=\"https:\/\/fsk-kino.peripherfilm.de\/wp-content\/uploads\/2025\/12\/derfremde4.webp 1511w, https:\/\/fsk-kino.peripherfilm.de\/wp-content\/uploads\/2025\/12\/derfremde4-300x169.webp 300w, https:\/\/fsk-kino.peripherfilm.de\/wp-content\/uploads\/2025\/12\/derfremde4-600x338.webp 600w, https:\/\/fsk-kino.peripherfilm.de\/wp-content\/uploads\/2025\/12\/derfremde4-624x351.webp 624w, https:\/\/fsk-kino.peripherfilm.de\/wp-content\/uploads\/2025\/12\/derfremde4-400x225.webp 400w\" sizes=\"auto, (max-width: 1511px) 100vw, 1511px\"><\/a><\/figure>\n<\/figure>\n\n\n\n<pre class=\"wp-block-code\"><code><a name=\"credits\"><\/a><strong>Credits<\/strong>:<\/code><\/pre>\n\n\n\n<p class=\"wp-block-paragraph\"><em>L\u2019\u00c9tranger<br><span class=\"caps\">FR<\/span> 2025, 120 Min., fran\u00adz\u00f6\u00adsi\u00adsche OmU<br>Regie: Fran\u00e7ois Ozon<br>Kamera: Manu Dacosse<br>Schnitt: Cl\u00e9ment Selitzki<br>mit: Benjamin Voisin, Rebecca Marder, Pierre Lottin, Denis Lavant, Swann Arlaud<\/em><\/p>\n\n\n\n<pre class=\"wp-block-code\"><code><a name=\"trailer\"><\/a><strong>Trailer<\/strong>:<\/code><\/pre>\n\n\n<figure class=\"wp-block-embed-youtube wp-block-embed is-type-video is-provider-youtube wp-embed-aspect-16-9 wp-has-aspect-ratio\"><div class=\"lyte-wrapper\" title=\"Der Fremde - Trailer OmU\" style=\"width:640px;max-width:100%;margin:5px;\"><div class=\"lyMe\" id=\"WYL_6qHWbS8Kww0\" itemprop=\"video\" itemscope itemtype=\"https:\/\/schema.org\/VideoObject\"><div><meta itemprop=\"thumbnailUrl\" content=\"https:\/\/fsk-kino.peripherfilm.de\/wp-content\/plugins\/wp-youtube-lyte\/lyteCache.php?origThumbUrl=https%3A%2F%2Fi.ytimg.com%2Fvi%2F6qHWbS8Kww0%2Fhqdefault.jpg\"><meta itemprop=\"embedURL\" content=\"https:\/\/www.youtube.com\/embed\/6qHWbS8Kww0\"><meta itemprop=\"duration\" content=\"PT1M58S\"><meta itemprop=\"uploadDate\" content=\"2025-10-07T12:23:41Z\"><\/div><div id=\"lyte_6qHWbS8Kww0\" data-src=\"https:\/\/fsk-kino.peripherfilm.de\/wp-content\/plugins\/wp-youtube-lyte\/lyteCache.php?origThumbUrl=https%3A%2F%2Fi.ytimg.com%2Fvi%2F6qHWbS8Kww0%2Fhqdefault.jpg\" class=\"pL\"><div class=\"tC\"><div class=\"tT\" itemprop=\"name\">Der Fremde \u2013 Trailer OmU<\/div><\/div><div class=\"play\"><\/div><div class=\"ctrl\"><div class=\"Lctrl\"><\/div><div class=\"Rctrl\"><\/div><\/div><\/div><noscript><a href=\"https:\/\/youtu.be\/6qHWbS8Kww0\" rel=\"nofollow\"><img loading=\"lazy\" decoding=\"async\" src=\"https:\/\/fsk-kino.peripherfilm.de\/wp-content\/plugins\/wp-youtube-lyte\/lyteCache.php?origThumbUrl=https%3A%2F%2Fi.ytimg.com%2Fvi%2F6qHWbS8Kww0%2F0.jpg\" alt=\"Der Fremde - Trailer OmU\" width=\"640\" height=\"340\"><br>Watch this video on YouTube<\/a><\/noscript><meta itemprop=\"description\" content=\"Mit seiner meisterlichen Neuinterpretation von Albert Camus\u2019 gleichnamigen Literaturklassiker gelingt Fran\u00e7ois Ozon ein virtuoses Werk von zeitloser Relevanz. Der Fremde [L'\u00c9tranger] Filmstart: 09.01.2026 Regie: Fran\u00e7ois Ozon Mit: Benjamin Voisin, Denis Lavant, Pierre Lottin, Swann Arlaud Zum Film: Algier, 1938. Meursault, ein stiller, unauff\u00e4lliger Angestellter Anfang drei\u00dfig, nimmt ohne sichtbare Gef\u00fchlsregung an der Beerdigung seiner Mutter teil. Am n\u00e4chsten Tag beginnt er eine Aff\u00e4re mit seiner fr\u00fcheren Kollegin Marie und kehrt in seinen gewohnten Alltag zur\u00fcck. Dieser wird jedoch bald durch seinen Nachbarn Raymond gest\u00f6rt, der Meursault in seine zwielichtigen Machenschaften hineinzieht \u2013 bis es an einem gl\u00fchend hei\u00dfen Tag am Strand zu einem schicksalhaften Ereignis kommt. In bet\u00f6renden Schwarzwei\u00dfbildern erz\u00e4hlt und getragen von einem erlesenen Ensemble um Benjamin Voisin, Rebecca Marder und Pierre Lottin, markiert der Film einen k\u00fcnstlerischen H\u00f6hepunkt in Ozons vielschichtigem \u0152uvre. DER FREMDE feierte seine umjubelte Weltpremiere im Wettbewerb der 82. Internationalen Filmfestspiele von Venedig. Regie: Fran\u00e7ois Ozon \/ Drehbuch: Fran\u00e7ois Ozon \/ Kamera: Manuel Dacosse \/ Schnitt: Cl\u00e9ment Selitzki \/ Musik: Fatima Al Qadiri \/ Ton: Dominique Eyraud, Emmanuelle Villard \/ Produktion: FOZ, Gaumant \/ Produzenten: Fran\u00e7ois Ozon, Marie-Jeanne Pascal \/ Mit: Benjamin Voisin, Denis Lavant, Pierre Lottin, Swann Arlaud, Rebecca Marder, Jean-Charles Clichet, Benjamin Hicquel, Jean-Beno\u00eet Ugeux Frankreich 2025 \/ 120 Minuten Mit der Unterst\u00fctzung des Creative Europe Programms MEDIA der Europ\u00e4ischen Union \ud83c\uddea\ud83c\uddfa #creativeeuropemedia Folge uns auf: https:\/\/www.facebook.com\/filmladen Instagram: @filmladen_lunafilm\"><\/div><\/div><div class=\"lL\" style=\"max-width:100%;width:640px;margin:5px;\"><\/div><figcaption><\/figcaption><\/figure>\n\n\n<pre class=\"wp-block-code\"><code><a href=\"#oben\" data-type=\"internal\" data-id=\"#oben\">nach oben<\/a><\/code><\/pre>","protected":false},"excerpt":{"rendered":"<p>A film by Fran\u00e7ois Ozon. In French with German sub\u00adtit\u00adles. [Credits] [Tickets <span class=\"amp\">&amp;<\/span> Termine] [Trailer] Algiers, 1938. Meursault, a quiet and unas\u00adsum\u00ading employee in his ear\u00adly thir\u00adties, attends his mother\u2019s fun\u00ade\u00adral wit\u00adhout shed\u00adding a tear. The next day, he beg\u00adins a casu\u00adal affair with Marie, a work col\u00adle\u00adague, and quick\u00adly slips back into his&nbsp;usual&nbsp;[\u2026]<\/p>\n","protected":false},"author":2,"featured_media":29845,"comment_status":"closed","ping_status":"closed","sticky":false,"template":"","format":"standard","meta":{"_crdt_document":"","wp_typography_post_enhancements_disabled":false,"slim_seo":{"title":"[:de]Der Fremde[:] - fsk Kino","description":"[:de] Ein Film von Fran\u00e7ois Ozon. [ Credits ] [ Tickets &amp; Termine ] [ Trailer ] Fran\u00e7ois Ozon greift einen Stoff aus den 1940er-Jahren auf: den existenziali"},"footnotes":""},"categories":[25],"tags":[],"class_list":["post-29839","post","type-post","status-publish","format-standard","has-post-thumbnail","hentry","category-archiv"],"_links":{"self":[{"href":"https:\/\/fsk-kino.peripherfilm.de\/en\/wp-json\/wp\/v2\/posts\/29839","targetHints":{"allow":["GET"]}}],"collection":[{"href":"https:\/\/fsk-kino.peripherfilm.de\/en\/wp-json\/wp\/v2\/posts"}],"about":[{"href":"https:\/\/fsk-kino.peripherfilm.de\/en\/wp-json\/wp\/v2\/types\/post"}],"author":[{"embeddable":true,"href":"https:\/\/fsk-kino.peripherfilm.de\/en\/wp-json\/wp\/v2\/users\/2"}],"replies":[{"embeddable":true,"href":"https:\/\/fsk-kino.peripherfilm.de\/en\/wp-json\/wp\/v2\/comments?post=29839"}],"version-history":[{"count":2,"href":"https:\/\/fsk-kino.peripherfilm.de\/en\/wp-json\/wp\/v2\/posts\/29839\/revisions"}],"predecessor-version":[{"id":30926,"href":"https:\/\/fsk-kino.peripherfilm.de\/en\/wp-json\/wp\/v2\/posts\/29839\/revisions\/30926"}],"wp:featuredmedia":[{"embeddable":true,"href":"https:\/\/fsk-kino.peripherfilm.de\/en\/wp-json\/wp\/v2\/media\/29845"}],"wp:attachment":[{"href":"https:\/\/fsk-kino.peripherfilm.de\/en\/wp-json\/wp\/v2\/media?parent=29839"}],"wp:term":[{"taxonomy":"category","embeddable":true,"href":"https:\/\/fsk-kino.peripherfilm.de\/en\/wp-json\/wp\/v2\/categories?post=29839"},{"taxonomy":"post_tag","embeddable":true,"href":"https:\/\/fsk-kino.peripherfilm.de\/en\/wp-json\/wp\/v2\/tags?post=29839"}],"curies":[{"name":"wp","href":"https:\/\/api.w.org\/{rel}","templated":true}]}}