{"id":29,"date":"2015-03-24T22:06:01","date_gmt":"2015-03-24T21:06:01","guid":{"rendered":"http:\/\/fsk-kino.peripherfilm.de\/?post_type=event&#038;p=29"},"modified":"2021-08-31T11:44:31","modified_gmt":"2021-08-31T09:44:31","slug":"183-tage-der-auschwitz-prozess","status":"publish","type":"post","link":"https:\/\/fsk-kino.peripherfilm.de\/en\/183-tage-der-auschwitz-prozess\/","title":{"rendered":"183 Tage \u2013 Der Auschwitz-Prozess"},"content":{"rendered":"<p><a href=\"http:\/\/fsk-kino.peripherfilm.de\/wp-content\/uploads\/2015\/03\/auschwitz.jpg\" data-lbwps-width=\"383\" data-lbwps-height=\"255\" data-lbwps-srcsmall=\"https:\/\/fsk-kino.peripherfilm.de\/wp-content\/uploads\/2015\/03\/auschwitz.jpg\"><img loading=\"lazy\" decoding=\"async\" class=\"alignleft size-medium wp-image-149\" src=\"http:\/\/fsk-kino.peripherfilm.de\/wp-content\/uploads\/2015\/03\/auschwitz-300x200.jpg\" alt=\"auschwitz\" width=\"300\" height=\"200\" srcset=\"https:\/\/fsk-kino.peripherfilm.de\/wp-content\/uploads\/2015\/03\/auschwitz-300x200.jpg 300w, https:\/\/fsk-kino.peripherfilm.de\/wp-content\/uploads\/2015\/03\/auschwitz.jpg 383w\" sizes=\"auto, (max-width: 300px) 100vw, 300px\"><\/a>183 Tage \u2013 Der Auschwitz-Proze\u00df&nbsp; In einer Zeit, wo nur noch weni\u00adge \u00dcberlebende und Zeugen von den Machenschaften der Nationalsozialisten berich\u00adten k\u00f6n\u00adnen, gewin\u00adnen Bild- und Tondokumente immer mehr an Bedeutung: Dieser Film ist ein Beispiel daf\u00fcr, wie die\u00adse Dokumente genutzt wer\u00adden k\u00f6n\u00adnen, um Zusammenh\u00e4nge auf\u00adzu\u00adzei\u00adgen, aber auch wei\u00adter\u00adhin die <!--more-->Erinnerung wach\u00adzu\u00adhal\u00adten und immer wie\u00adder zu sen\u00adsi\u00adbi\u00adli\u00adsie\u00adren, jen\u00adseits aller not\u00adwen\u00addi\u00adgen Aufkl\u00e4rung. \u201eF\u00fcnfzehn Jahre gin\u00adgen ins Land der T\u00e4ter, bis eine deut\u00adsche Staatsanwaltschaft erst\u00admals sys\u00adte\u00adma\u00adti\u00adsche Ermittlungen gegen Angeh\u00f6rige der Lager-SS von Auschwitz ein\u00adlei\u00adte\u00adte. Obschon die Strafverfolgungsbeh\u00f6rden von Amts wegen ver\u00adpflich\u00adtet waren, die von Deutschen began\u00adge\u00adnen Verbrechen auf\u00adzu\u00adkl\u00e4\u00adren, blie\u00adben die im Konzentrations- und Vernichtungslager Auschwitz (1940\u20131945) ver\u00ad\u00fcb\u00adten Massenmorde weit\u00adge\u00adhend ohne Verfolgung. Am 20. Dezember 1963 wur\u00adde der gr\u00f6\u00df\u00adte Strafprozess der deut\u00adschen Nachkriegsgeschichte auf\u00adge\u00adnom\u00admen. Der vom hes\u00adsi\u00adschen Generalstaatsanwalt Fritz Bauer initi\u00adier\u00adte Prozess, der 183 Verhandlungstage andau\u00ader\u00adte, hat f\u00fcr die \u00d6ffentlichkeit eine \u00fcber\u00adra\u00adgen\u00adde Bedeutung erlangt. In dem Verfahren kam die Stimme der Opfer zu Geh\u00f6r. 211 Auschwitz-\u00dcberlebende sag\u00adten in Frankfurt am Main aus. Was nun das Konzept des Films betrifft, so ist dies ein Mikrokosmos im gro\u00ad\u00dfen Makrokosmos anhand von vier Angeklagten und die dazu\u00adge\u00adh\u00f6\u00adri\u00adgen Zeugenaussagen, Er\u00f6ffnungsbeschl\u00fcsse und Urteilsverk\u00fcndungen. Wir gehen sozu\u00adsa\u00adgen mit einer Lupe auf das Handeln von vier Menschen ein, von 8.000 M\u00e4nnern und Frauen des Wachpersonals von Auschwitz, die zu einem sehr gro\u00ad\u00dfen Teil f\u00fcr all das was in Auschwitz geschah, stell\u00adver\u00adtre\u00adtend ver\u00adant\u00adwort\u00adlich waren.\u201c (Produktion\/Verleih)<\/p>\n<p>D 2014,&nbsp; 174 Min.<\/p>\n<p><strong>Buch <span class=\"amp\">&amp;<\/span> Regie:<\/strong> Janusch Kozminski,<\/p>\n<p><strong>Kamera:<\/strong> Angelika Weber Janusz Potowski, <strong>Schnitt:<\/strong> Valentin Metz<\/p>\n<p><a href=\"http:\/\/www.183tage-film.de\/\">Webseite<\/a><\/p>\n","protected":false},"excerpt":{"rendered":"<p>183 Tage \u2013 Der Auschwitz-Proze\u00df&nbsp; In einer Zeit, wo nur noch weni\u00adge \u00dcberlebende und Zeugen von den Machenschaften der Nationalsozialisten berich\u00adten k\u00f6n\u00adnen, gewin\u00adnen Bild- und Tondokumente immer mehr an Bedeutung: Dieser Film ist ein Beispiel daf\u00fcr, wie die\u00adse Dokumente genutzt wer\u00adden k\u00f6n\u00adnen, um Zusammenh\u00e4nge auf\u00adzu\u00adzei\u00adgen, aber auch wei\u00adter\u00adhin&nbsp;die&nbsp;<\/p>\n","protected":false},"author":2,"featured_media":0,"comment_status":"closed","ping_status":"closed","sticky":false,"template":"","format":"standard","meta":{"_crdt_document":"","wp_typography_post_enhancements_disabled":false,"slim_seo":{"title":"183 Tage - Der Auschwitz-Prozess - fsk Kino","description":"183 Tage - Der Auschwitz-Proze\u00df\u00a0 In einer Zeit, wo nur noch wenige \u00dcberlebende und Zeugen von den Machenschaften der Nationalsozialisten berichten k\u00f6nnen, gewin"},"footnotes":""},"categories":[25],"tags":[17,198],"class_list":["post-29","post","type-post","status-publish","format-standard","hentry","category-archiv","tag-archiv","tag-nocache"],"_links":{"self":[{"href":"https:\/\/fsk-kino.peripherfilm.de\/en\/wp-json\/wp\/v2\/posts\/29","targetHints":{"allow":["GET"]}}],"collection":[{"href":"https:\/\/fsk-kino.peripherfilm.de\/en\/wp-json\/wp\/v2\/posts"}],"about":[{"href":"https:\/\/fsk-kino.peripherfilm.de\/en\/wp-json\/wp\/v2\/types\/post"}],"author":[{"embeddable":true,"href":"https:\/\/fsk-kino.peripherfilm.de\/en\/wp-json\/wp\/v2\/users\/2"}],"replies":[{"embeddable":true,"href":"https:\/\/fsk-kino.peripherfilm.de\/en\/wp-json\/wp\/v2\/comments?post=29"}],"version-history":[{"count":0,"href":"https:\/\/fsk-kino.peripherfilm.de\/en\/wp-json\/wp\/v2\/posts\/29\/revisions"}],"wp:attachment":[{"href":"https:\/\/fsk-kino.peripherfilm.de\/en\/wp-json\/wp\/v2\/media?parent=29"}],"wp:term":[{"taxonomy":"category","embeddable":true,"href":"https:\/\/fsk-kino.peripherfilm.de\/en\/wp-json\/wp\/v2\/categories?post=29"},{"taxonomy":"post_tag","embeddable":true,"href":"https:\/\/fsk-kino.peripherfilm.de\/en\/wp-json\/wp\/v2\/tags?post=29"}],"curies":[{"name":"wp","href":"https:\/\/api.w.org\/{rel}","templated":true}]}}