{"id":28921,"date":"2025-08-28T18:59:17","date_gmt":"2025-08-28T16:59:17","guid":{"rendered":"https:\/\/fsk-kino.peripherfilm.de\/?p=28921"},"modified":"2025-10-16T15:50:28","modified_gmt":"2025-10-16T13:50:28","slug":"wenn-du-angst-hast-nimmst-du-dein-herz-in-den-mund-und-laechelst","status":"publish","type":"post","link":"https:\/\/fsk-kino.peripherfilm.de\/en\/wenn-du-angst-hast-nimmst-du-dein-herz-in-den-mund-und-laechelst\/","title":{"rendered":"Wenn du Angst hast nimmst du dein Herz in den Mund und l\u00e4chelst"},"content":{"rendered":"<p class=\"wp-block-paragraph\">A film by Marie Luise Lehner. Starts October 2nd at the fsk. In German, German Sign Language <span class=\"amp\">&amp;<\/span> English with German subtitles.<\/p>\n\n\n\n<p class=\"has-text-align-right wp-block-paragraph\">[<a href=\"#credits\">Credits<\/a>] [<a href=\"https:\/\/booking.cinetixx.de\/frontend\/#\/movie\/2278359999\/3291841994\">Tickets <span class=\"amp\">&amp;<\/span> Termine<\/a>] [<a href=\"#trailer\">Trailer<\/a>]<\/p>\n\n\n\n<p class=\"has-drop-cap wp-block-paragraph\">Slowly, 12-year-old Anna and her deaf mum are start\u00ading to feel a bit cram\u00adped in their flat. It\u2019s not just the lack of pri\u00adva\u00adcy that\u2019s caus\u00ading fric\u00adtion \u2013 Anna has just star\u00adted secon\u00adda\u00adry school and quick\u00adly rea\u00adli\u00adses what\u2019s important now: brand-name clo\u00adthes and a sen\u00adse of belon\u00adging. She quick\u00adly gets hold of a fake Ralph Lauren jum\u00adper, but money\u2019s still tight. In her debut, direc\u00adtor and aut\u00adhor Marie Luise Lehner stages a con\u00adfron\u00adta\u00adti\u00adon with clas\u00adsist struc\u00adtures, which Anna tack\u00adles with a mix\u00adtu\u00adre of shame and grit. She finds an ally in Mara, who chal\u00adlenges others with femi\u00adnist issues and who also lives alo\u00adne with her que\u00ader father. Lehner stands by her heroes uncon\u00addi\u00adtio\u00adnal\u00adly, giving them space for intro\u00ads\u00adpec\u00adtion and out\u00adbursts, allo\u00adwing them to row back and recon\u00adci\u00adle. Not fit\u00adting in allows them to get to know and app\u00adre\u00adcia\u00adte who they are. Lehner flies the flag of soli\u00adda\u00adri\u00adty, quite natu\u00adral\u00adly and with ple\u00adnty of refe\u00adren\u00adces to pop cul\u00adtu\u00adre. And clo\u00adses with a libe\u00adra\u00adting \u201cFuck you, Vienna\u201d, high abo\u00adve the city\u2019s rooftops.<\/p>\n\n\n\n<figure class=\"wp-block-gallery has-nested-images columns-2 is-cropped wp-block-gallery-2 is-layout-flex wp-block-gallery-is-layout-flex\">\n<figure class=\"wp-block-image size-large\"><a href=\"https:\/\/fsk-kino.peripherfilm.de\/wp-content\/uploads\/2025\/08\/WennduAngsthast4.jpg\" data-lbwps-width=\"1490\" data-lbwps-height=\"805.66157760814\" data-lbwps-srcsmall=\"https:\/\/fsk-kino.peripherfilm.de\/wp-content\/uploads\/2025\/08\/WennduAngsthast4-400x216.jpg\"><img loading=\"lazy\" decoding=\"async\" width=\"1024\" height=\"554\" data-id=\"28924\" src=\"https:\/\/fsk-kino.peripherfilm.de\/wp-content\/uploads\/2025\/08\/WennduAngsthast4-1024x554.jpg\" alt=\"Wenn du Angst hast nimmst du dein Herz in den Mund und l\u00e4chelst 87\u2018\" class=\"wp-image-28924\" srcset=\"https:\/\/fsk-kino.peripherfilm.de\/wp-content\/uploads\/2025\/08\/WennduAngsthast4-1024x554.jpg 1024w, https:\/\/fsk-kino.peripherfilm.de\/wp-content\/uploads\/2025\/08\/WennduAngsthast4-300x162.jpg 300w, https:\/\/fsk-kino.peripherfilm.de\/wp-content\/uploads\/2025\/08\/WennduAngsthast4-600x324.jpg 600w, https:\/\/fsk-kino.peripherfilm.de\/wp-content\/uploads\/2025\/08\/WennduAngsthast4-1536x831.jpg 1536w, https:\/\/fsk-kino.peripherfilm.de\/wp-content\/uploads\/2025\/08\/WennduAngsthast4-624x337.jpg 624w, https:\/\/fsk-kino.peripherfilm.de\/wp-content\/uploads\/2025\/08\/WennduAngsthast4-400x216.jpg 400w, https:\/\/fsk-kino.peripherfilm.de\/wp-content\/uploads\/2025\/08\/WennduAngsthast4-768x415.jpg 768w, https:\/\/fsk-kino.peripherfilm.de\/wp-content\/uploads\/2025\/08\/WennduAngsthast4.jpg 1572w\" sizes=\"auto, (max-width: 1024px) 100vw, 1024px\"><\/a><\/figure>\n\n\n\n<figure class=\"wp-block-image size-large\"><a href=\"https:\/\/fsk-kino.peripherfilm.de\/wp-content\/uploads\/2025\/08\/WennduAngsthast1.jpg\" data-lbwps-width=\"1490\" data-lbwps-height=\"805.66157760814\" data-lbwps-srcsmall=\"https:\/\/fsk-kino.peripherfilm.de\/wp-content\/uploads\/2025\/08\/WennduAngsthast1-400x216.jpg\"><img loading=\"lazy\" decoding=\"async\" width=\"1024\" height=\"554\" data-id=\"28925\" src=\"https:\/\/fsk-kino.peripherfilm.de\/wp-content\/uploads\/2025\/08\/WennduAngsthast1-1024x554.jpg\" alt=\"Wenn du Angst hast nimmst du dein Herz in den Mund und l\u00e4chelst 87\u2018\" class=\"wp-image-28925\" srcset=\"https:\/\/fsk-kino.peripherfilm.de\/wp-content\/uploads\/2025\/08\/WennduAngsthast1-1024x554.jpg 1024w, https:\/\/fsk-kino.peripherfilm.de\/wp-content\/uploads\/2025\/08\/WennduAngsthast1-300x162.jpg 300w, https:\/\/fsk-kino.peripherfilm.de\/wp-content\/uploads\/2025\/08\/WennduAngsthast1-600x324.jpg 600w, https:\/\/fsk-kino.peripherfilm.de\/wp-content\/uploads\/2025\/08\/WennduAngsthast1-1536x831.jpg 1536w, https:\/\/fsk-kino.peripherfilm.de\/wp-content\/uploads\/2025\/08\/WennduAngsthast1-624x337.jpg 624w, https:\/\/fsk-kino.peripherfilm.de\/wp-content\/uploads\/2025\/08\/WennduAngsthast1-400x216.jpg 400w, https:\/\/fsk-kino.peripherfilm.de\/wp-content\/uploads\/2025\/08\/WennduAngsthast1-768x415.jpg 768w, https:\/\/fsk-kino.peripherfilm.de\/wp-content\/uploads\/2025\/08\/WennduAngsthast1.jpg 1572w\" sizes=\"auto, (max-width: 1024px) 100vw, 1024px\"><\/a><\/figure>\n\n\n\n<figure class=\"wp-block-image size-large\"><a href=\"https:\/\/fsk-kino.peripherfilm.de\/wp-content\/uploads\/2025\/08\/WennduAngsthast2.jpg\" data-lbwps-width=\"1490\" data-lbwps-height=\"805.66157760814\" data-lbwps-srcsmall=\"https:\/\/fsk-kino.peripherfilm.de\/wp-content\/uploads\/2025\/08\/WennduAngsthast2-400x216.jpg\"><img loading=\"lazy\" decoding=\"async\" width=\"1024\" height=\"554\" data-id=\"28922\" src=\"https:\/\/fsk-kino.peripherfilm.de\/wp-content\/uploads\/2025\/08\/WennduAngsthast2-1024x554.jpg\" alt=\"Wenn du Angst hast nimmst du dein Herz in den Mund und l\u00e4chelst 87\u2018\" class=\"wp-image-28922\" srcset=\"https:\/\/fsk-kino.peripherfilm.de\/wp-content\/uploads\/2025\/08\/WennduAngsthast2-1024x554.jpg 1024w, https:\/\/fsk-kino.peripherfilm.de\/wp-content\/uploads\/2025\/08\/WennduAngsthast2-300x162.jpg 300w, https:\/\/fsk-kino.peripherfilm.de\/wp-content\/uploads\/2025\/08\/WennduAngsthast2-600x324.jpg 600w, https:\/\/fsk-kino.peripherfilm.de\/wp-content\/uploads\/2025\/08\/WennduAngsthast2-1536x831.jpg 1536w, https:\/\/fsk-kino.peripherfilm.de\/wp-content\/uploads\/2025\/08\/WennduAngsthast2-624x337.jpg 624w, https:\/\/fsk-kino.peripherfilm.de\/wp-content\/uploads\/2025\/08\/WennduAngsthast2-400x216.jpg 400w, https:\/\/fsk-kino.peripherfilm.de\/wp-content\/uploads\/2025\/08\/WennduAngsthast2-768x415.jpg 768w, https:\/\/fsk-kino.peripherfilm.de\/wp-content\/uploads\/2025\/08\/WennduAngsthast2.jpg 1572w\" sizes=\"auto, (max-width: 1024px) 100vw, 1024px\"><\/a><\/figure>\n<\/figure>\n\n\n\n<pre class=\"wp-block-code\"><code><a name=\"credits\"><\/a><strong>Credits<\/strong>:<\/code><\/pre>\n\n\n\n<p class=\"wp-block-paragraph\"><em><span class=\"caps\">AT<\/span> 2025, 87 Min., Deutsch, Deutsche Geb\u00e4rdensprache, Englisch OmU<br>Regie: Marie Luise Lehner<br>Kamera: <\/em>Simone Hart<br>Schnitt: Jana Libnik, Joana Scrinzi, Alexandra Schneider<br>mit: Siena Popovi\u0107, Mariya Menner, Jessica Paar, Daniel Sea<\/p>\n\n\n\n<pre class=\"wp-block-code\"><code><a name=\"trailer\"><\/a><strong>Trailer<\/strong>:<\/code><\/pre>\n\n\n\n<figure class=\"wp-block-embed is-type-video is-provider-vimeo wp-block-embed-vimeo wp-embed-aspect-16-9 wp-has-aspect-ratio\"><div class=\"wp-block-embed__wrapper\">\n<iframe loading=\"lazy\" title=\"WENN DU ANGST HAST NIMMST DU DEIN HERZ IN DEN MUND UND L\u00c4CHELST Trailer\" src=\"https:\/\/player.vimeo.com\/video\/1112318838?dnt=1&amp;app_id=122963\" width=\"500\" height=\"270\" frameborder=\"0\" allow=\"autoplay; fullscreen; picture-in-picture; clipboard-write; encrypted-media; web-share\" referrerpolicy=\"strict-origin-when-cross-origin\"><\/iframe>\n<\/div><\/figure>\n\n\n\n<pre class=\"wp-block-code\"><code><a href=\"#oben\" data-type=\"internal\" data-id=\"#oben\">nach oben<\/a><\/code><\/pre>","protected":false},"excerpt":{"rendered":"<p>A film by Marie Luise Lehner. Starts October 2nd at the fsk. In German, German Sign Language <span class=\"amp\">&amp;<\/span> English with German sub\u00adtit\u00adles. [Credits] [Tickets <span class=\"amp\">&amp;<\/span> Termine] [Trailer] Slowly, 12-year-old Anna and her deaf mum are start\u00ading to feel a bit cram\u00adped in their flat. It\u2019s not just the lack of pri\u00adva\u00adcy that\u2019s caus\u00ading friction&nbsp;\u2013&nbsp;[\u2026]<\/p>\n","protected":false},"author":2,"featured_media":28923,"comment_status":"closed","ping_status":"closed","sticky":false,"template":"","format":"standard","meta":{"_crdt_document":"","wp_typography_post_enhancements_disabled":false,"slim_seo":{"title":"[:de]Wenn du Angst hast nimmst du dein Herz in den Mund und l\u00e4chelst[:] - fsk Kino","description":"[:de] Ein Film von Marie Luise Lehner. Ab 2.10. im fsk. Am 4.10. mit anschlie\u00dfendem Filmgespr\u00e4ch. [ Credits ] [ Tickets &amp; Termine ] [ Trailer ] Sp\u00e4tsommer i"},"footnotes":""},"categories":[25],"tags":[],"class_list":["post-28921","post","type-post","status-publish","format-standard","has-post-thumbnail","hentry","category-archiv"],"_links":{"self":[{"href":"https:\/\/fsk-kino.peripherfilm.de\/en\/wp-json\/wp\/v2\/posts\/28921","targetHints":{"allow":["GET"]}}],"collection":[{"href":"https:\/\/fsk-kino.peripherfilm.de\/en\/wp-json\/wp\/v2\/posts"}],"about":[{"href":"https:\/\/fsk-kino.peripherfilm.de\/en\/wp-json\/wp\/v2\/types\/post"}],"author":[{"embeddable":true,"href":"https:\/\/fsk-kino.peripherfilm.de\/en\/wp-json\/wp\/v2\/users\/2"}],"replies":[{"embeddable":true,"href":"https:\/\/fsk-kino.peripherfilm.de\/en\/wp-json\/wp\/v2\/comments?post=28921"}],"version-history":[{"count":0,"href":"https:\/\/fsk-kino.peripherfilm.de\/en\/wp-json\/wp\/v2\/posts\/28921\/revisions"}],"wp:featuredmedia":[{"embeddable":true,"href":"https:\/\/fsk-kino.peripherfilm.de\/en\/wp-json\/wp\/v2\/media\/28923"}],"wp:attachment":[{"href":"https:\/\/fsk-kino.peripherfilm.de\/en\/wp-json\/wp\/v2\/media?parent=28921"}],"wp:term":[{"taxonomy":"category","embeddable":true,"href":"https:\/\/fsk-kino.peripherfilm.de\/en\/wp-json\/wp\/v2\/categories?post=28921"},{"taxonomy":"post_tag","embeddable":true,"href":"https:\/\/fsk-kino.peripherfilm.de\/en\/wp-json\/wp\/v2\/tags?post=28921"}],"curies":[{"name":"wp","href":"https:\/\/api.w.org\/{rel}","templated":true}]}}