{"id":28546,"date":"2025-07-15T11:22:14","date_gmt":"2025-07-15T09:22:14","guid":{"rendered":"https:\/\/fsk-kino.peripherfilm.de\/?p=28546"},"modified":"2025-09-05T09:24:13","modified_gmt":"2025-09-05T07:24:13","slug":"die-farben-der-zeit","status":"publish","type":"post","link":"https:\/\/fsk-kino.peripherfilm.de\/en\/die-farben-der-zeit\/","title":{"rendered":"Die Farben der&nbsp;Zeit"},"content":{"rendered":"<p class=\"wp-block-paragraph\">A film by C\u00e9dric Klapisch. In French with German subtitles.<\/p>\n\n\n\n<p class=\"has-text-align-right wp-block-paragraph\">[<a href=\"#credits\">Credits<\/a>] [<a href=\"https:\/\/booking.cinetixx.de\/frontend\/#\/movie\/2278359999\/3235979387\">Tickets <span class=\"amp\">&amp;<\/span> Termine<\/a>] [<a href=\"#trailer\">Trailer<\/a>]<\/p>\n\n\n\n<p class=\"has-drop-cap wp-block-paragraph\">United by the unex\u00adpec\u00adted inhe\u00adri\u00adtance of a house in Normandy, four estran\u00adged cou\u00adsins dis\u00adco\u00adver their fami\u00adly histo\u00adry. While explo\u00adring the house, left untouch\u00aded sin\u00adce the 1940s, they excava\u00adte the life of their ances\u00adtor, Ad\u00e8le Vermillard, a 20 year old woman who lived the\u00adre in 1895. The end of the 19th cen\u00adtu\u00adry saw the birth of both pho\u00adto\u00adgra\u00adphy and the Impressionist move\u00adment, which pro\u00adfound\u00adly chan\u00adged pain\u00adting.<br>Through back-and-forth jour\u00adneys bet\u00adween 1895 and 2025, they find in the relics of the past what will help them bet\u00adter envi\u00adsi\u00adon their own future.<\/p>\n\n\n\n<figure class=\"wp-block-gallery has-nested-images columns-default is-cropped wp-block-gallery-2 is-layout-flex wp-block-gallery-is-layout-flex\">\n<figure class=\"wp-block-image size-large\"><a href=\"https:\/\/fsk-kino.peripherfilm.de\/wp-content\/uploads\/2025\/07\/diefarbenderzeit4.jpg\" data-lbwps-width=\"1275.4279959718\" data-lbwps-height=\"850\" data-lbwps-srcsmall=\"https:\/\/fsk-kino.peripherfilm.de\/wp-content\/uploads\/2025\/07\/diefarbenderzeit4-400x267.jpg\"><img loading=\"lazy\" decoding=\"async\" width=\"1024\" height=\"682\" data-id=\"28551\" src=\"https:\/\/fsk-kino.peripherfilm.de\/wp-content\/uploads\/2025\/07\/diefarbenderzeit4-1024x682.jpg\" alt=\"Die Farben der Zeit\" class=\"wp-image-28551\" srcset=\"https:\/\/fsk-kino.peripherfilm.de\/wp-content\/uploads\/2025\/07\/diefarbenderzeit4-1024x682.jpg 1024w, https:\/\/fsk-kino.peripherfilm.de\/wp-content\/uploads\/2025\/07\/diefarbenderzeit4-300x200.jpg 300w, https:\/\/fsk-kino.peripherfilm.de\/wp-content\/uploads\/2025\/07\/diefarbenderzeit4-600x400.jpg 600w, https:\/\/fsk-kino.peripherfilm.de\/wp-content\/uploads\/2025\/07\/diefarbenderzeit4-624x416.jpg 624w, https:\/\/fsk-kino.peripherfilm.de\/wp-content\/uploads\/2025\/07\/diefarbenderzeit4-400x267.jpg 400w, https:\/\/fsk-kino.peripherfilm.de\/wp-content\/uploads\/2025\/07\/diefarbenderzeit4-768x512.jpg 768w, https:\/\/fsk-kino.peripherfilm.de\/wp-content\/uploads\/2025\/07\/diefarbenderzeit4.jpg 1490w\" sizes=\"auto, (max-width: 1024px) 100vw, 1024px\"><\/a><\/figure>\n\n\n\n<figure class=\"wp-block-image size-large\"><a href=\"https:\/\/fsk-kino.peripherfilm.de\/wp-content\/uploads\/2025\/07\/diefarbenderzeit3.jpg\" data-lbwps-width=\"1275.4279959718\" data-lbwps-height=\"850\" data-lbwps-srcsmall=\"https:\/\/fsk-kino.peripherfilm.de\/wp-content\/uploads\/2025\/07\/diefarbenderzeit3-400x267.jpg\"><img loading=\"lazy\" decoding=\"async\" width=\"1024\" height=\"682\" data-id=\"28547\" src=\"https:\/\/fsk-kino.peripherfilm.de\/wp-content\/uploads\/2025\/07\/diefarbenderzeit3-1024x682.jpg\" alt=\"Die Farben der Zeit\" class=\"wp-image-28547\" srcset=\"https:\/\/fsk-kino.peripherfilm.de\/wp-content\/uploads\/2025\/07\/diefarbenderzeit3-1024x682.jpg 1024w, https:\/\/fsk-kino.peripherfilm.de\/wp-content\/uploads\/2025\/07\/diefarbenderzeit3-300x200.jpg 300w, https:\/\/fsk-kino.peripherfilm.de\/wp-content\/uploads\/2025\/07\/diefarbenderzeit3-600x400.jpg 600w, https:\/\/fsk-kino.peripherfilm.de\/wp-content\/uploads\/2025\/07\/diefarbenderzeit3-624x416.jpg 624w, https:\/\/fsk-kino.peripherfilm.de\/wp-content\/uploads\/2025\/07\/diefarbenderzeit3-400x267.jpg 400w, https:\/\/fsk-kino.peripherfilm.de\/wp-content\/uploads\/2025\/07\/diefarbenderzeit3-768x512.jpg 768w, https:\/\/fsk-kino.peripherfilm.de\/wp-content\/uploads\/2025\/07\/diefarbenderzeit3.jpg 1490w\" sizes=\"auto, (max-width: 1024px) 100vw, 1024px\"><\/a><\/figure>\n\n\n\n<figure class=\"wp-block-image size-large\"><a href=\"https:\/\/fsk-kino.peripherfilm.de\/wp-content\/uploads\/2025\/07\/diefarbenderzeit2.jpg\" data-lbwps-width=\"1275.4279959718\" data-lbwps-height=\"850\" data-lbwps-srcsmall=\"https:\/\/fsk-kino.peripherfilm.de\/wp-content\/uploads\/2025\/07\/diefarbenderzeit2-400x267.jpg\"><img loading=\"lazy\" decoding=\"async\" width=\"1024\" height=\"682\" data-id=\"28549\" src=\"https:\/\/fsk-kino.peripherfilm.de\/wp-content\/uploads\/2025\/07\/diefarbenderzeit2-1024x682.jpg\" alt=\"Die Farben der Zeit\" class=\"wp-image-28549\" srcset=\"https:\/\/fsk-kino.peripherfilm.de\/wp-content\/uploads\/2025\/07\/diefarbenderzeit2-1024x682.jpg 1024w, https:\/\/fsk-kino.peripherfilm.de\/wp-content\/uploads\/2025\/07\/diefarbenderzeit2-300x200.jpg 300w, https:\/\/fsk-kino.peripherfilm.de\/wp-content\/uploads\/2025\/07\/diefarbenderzeit2-600x400.jpg 600w, https:\/\/fsk-kino.peripherfilm.de\/wp-content\/uploads\/2025\/07\/diefarbenderzeit2-624x416.jpg 624w, https:\/\/fsk-kino.peripherfilm.de\/wp-content\/uploads\/2025\/07\/diefarbenderzeit2-400x267.jpg 400w, https:\/\/fsk-kino.peripherfilm.de\/wp-content\/uploads\/2025\/07\/diefarbenderzeit2-768x512.jpg 768w, https:\/\/fsk-kino.peripherfilm.de\/wp-content\/uploads\/2025\/07\/diefarbenderzeit2.jpg 1490w\" sizes=\"auto, (max-width: 1024px) 100vw, 1024px\"><\/a><\/figure>\n\n\n\n<figure class=\"wp-block-image size-large\"><a href=\"https:\/\/fsk-kino.peripherfilm.de\/wp-content\/uploads\/2025\/07\/diefarbenderzeit1.jpg\" data-lbwps-width=\"1275.4279959718\" data-lbwps-height=\"850\" data-lbwps-srcsmall=\"https:\/\/fsk-kino.peripherfilm.de\/wp-content\/uploads\/2025\/07\/diefarbenderzeit1-400x267.jpg\"><img loading=\"lazy\" decoding=\"async\" width=\"1490\" height=\"993\" data-id=\"28550\" src=\"https:\/\/fsk-kino.peripherfilm.de\/wp-content\/uploads\/2025\/07\/diefarbenderzeit1.jpg\" alt=\"Die Farben der Zeit\" class=\"wp-image-28550\" srcset=\"https:\/\/fsk-kino.peripherfilm.de\/wp-content\/uploads\/2025\/07\/diefarbenderzeit1.jpg 1490w, https:\/\/fsk-kino.peripherfilm.de\/wp-content\/uploads\/2025\/07\/diefarbenderzeit1-300x200.jpg 300w, https:\/\/fsk-kino.peripherfilm.de\/wp-content\/uploads\/2025\/07\/diefarbenderzeit1-600x400.jpg 600w, https:\/\/fsk-kino.peripherfilm.de\/wp-content\/uploads\/2025\/07\/diefarbenderzeit1-624x416.jpg 624w, https:\/\/fsk-kino.peripherfilm.de\/wp-content\/uploads\/2025\/07\/diefarbenderzeit1-400x267.jpg 400w\" sizes=\"auto, (max-width: 1490px) 100vw, 1490px\"><\/a><\/figure>\n<\/figure>\n\n\n\n<pre class=\"wp-block-code\"><code><a name=\"credits\"><\/a><strong>Credits<\/strong>:<\/code><\/pre>\n\n\n\n<p class=\"wp-block-paragraph\">La venue de l\u2019a\u00adve\u00adnir<br><em><span class=\"caps\">FR<\/span> 2024, 124 Min., fran\u00adz\u00f6\u00adsi\u00adsche OmU<br>Regie: C\u00e9dric Klapisch<br>Kamera: Alexis Kavyrchine<br>Schnitt: Anne-Sophie Bion<br>mit: Suzanne Lindon, Vincent Macaigne, C\u00e9cile de France, Paul Kircher, Julia Piaton, Vassili Schneider, Vincent Perez&nbsp;<\/em><\/p>\n\n\n\n<pre class=\"wp-block-code\"><code><a name=\"trailer\"><\/a><strong>Trailer<\/strong>:<\/code><\/pre>\n\n\n\n<figure class=\"wp-block-video\"><video controls src=\"https:\/\/peripherfilm.de\/Trailer\/diefarbenderzeit.mp4\"><\/video><\/figure>\n\n\n\n<pre class=\"wp-block-code\"><code><a href=\"#oben\" data-type=\"internal\" data-id=\"#oben\">nach oben<\/a><\/code><\/pre>","protected":false},"excerpt":{"rendered":"<p>A film by C\u00e9dric Klapisch. In French with German sub\u00adtit\u00adles. [Credits] [Tickets <span class=\"amp\">&amp;<\/span> Termine] [Trailer] United by the unex\u00adpec\u00adted inhe\u00adri\u00adtance of a house in Normandy, four estran\u00adged cou\u00adsins dis\u00adco\u00adver their fami\u00adly histo\u00adry. While explo\u00adring the house, left untouch\u00aded sin\u00adce the 1940s, they excava\u00adte the life of their ances\u00adtor, Ad\u00e8le Vermillard, a 20 year old&nbsp;woman&nbsp;[\u2026]<\/p>\n","protected":false},"author":2,"featured_media":28548,"comment_status":"closed","ping_status":"closed","sticky":false,"template":"","format":"standard","meta":{"_crdt_document":"","wp_typography_post_enhancements_disabled":false,"slim_seo":{"title":"[:de]Die Farben der Zeit[:] - fsk Kino","description":"[:de] Ein Film von C\u00e9dric Klapisch. [ Credits ] [ Tickets &amp; Termine ] [ Trailer ] IDas Grundst\u00fcck eines verlassenen Bauernhofes in der N\u00e4he von Le Havre sol"},"footnotes":""},"categories":[25],"tags":[],"class_list":["post-28546","post","type-post","status-publish","format-standard","has-post-thumbnail","hentry","category-archiv"],"_links":{"self":[{"href":"https:\/\/fsk-kino.peripherfilm.de\/en\/wp-json\/wp\/v2\/posts\/28546","targetHints":{"allow":["GET"]}}],"collection":[{"href":"https:\/\/fsk-kino.peripherfilm.de\/en\/wp-json\/wp\/v2\/posts"}],"about":[{"href":"https:\/\/fsk-kino.peripherfilm.de\/en\/wp-json\/wp\/v2\/types\/post"}],"author":[{"embeddable":true,"href":"https:\/\/fsk-kino.peripherfilm.de\/en\/wp-json\/wp\/v2\/users\/2"}],"replies":[{"embeddable":true,"href":"https:\/\/fsk-kino.peripherfilm.de\/en\/wp-json\/wp\/v2\/comments?post=28546"}],"version-history":[{"count":0,"href":"https:\/\/fsk-kino.peripherfilm.de\/en\/wp-json\/wp\/v2\/posts\/28546\/revisions"}],"wp:featuredmedia":[{"embeddable":true,"href":"https:\/\/fsk-kino.peripherfilm.de\/en\/wp-json\/wp\/v2\/media\/28548"}],"wp:attachment":[{"href":"https:\/\/fsk-kino.peripherfilm.de\/en\/wp-json\/wp\/v2\/media?parent=28546"}],"wp:term":[{"taxonomy":"category","embeddable":true,"href":"https:\/\/fsk-kino.peripherfilm.de\/en\/wp-json\/wp\/v2\/categories?post=28546"},{"taxonomy":"post_tag","embeddable":true,"href":"https:\/\/fsk-kino.peripherfilm.de\/en\/wp-json\/wp\/v2\/tags?post=28546"}],"curies":[{"name":"wp","href":"https:\/\/api.w.org\/{rel}","templated":true}]}}