{"id":27801,"date":"2025-04-15T19:15:10","date_gmt":"2025-04-15T17:15:10","guid":{"rendered":"https:\/\/fsk-kino.peripherfilm.de\/?p=27801"},"modified":"2025-07-20T22:54:14","modified_gmt":"2025-07-20T20:54:14","slug":"das-fest-geht-weiter","status":"publish","type":"post","link":"https:\/\/fsk-kino.peripherfilm.de\/en\/das-fest-geht-weiter\/","title":{"rendered":"Das Fest geht weiter!"},"content":{"rendered":"<p class=\"wp-block-paragraph\">A film by Robert Gu\u00e9diguian. In French with German subtitles.<\/p>\n\n\n\n<p class=\"has-text-align-right wp-block-paragraph\">[<a href=\"#credits\">Credits<\/a>] [<a href=\"https:\/\/booking.cinetixx.de\/frontend\/#\/movie\/2278359999\/3103848575\">Tickets <span class=\"amp\">&amp;<\/span> Termine<\/a>] [<a href=\"#trailer\">Trailer<\/a>]<\/p>\n\n\n\n<p class=\"wp-block-paragraph\">In the working-class dis\u00adtrict of old Marseilles, Rosa is the heart and soul of her com\u00admu\u00adni\u00adty, a nur\u00adse and the matri\u00adarch of a lar\u00adge and clo\u00adse-knit fami\u00adly. But approa\u00adching reti\u00adre\u00adment and sur\u00adroun\u00added by poli\u00adti\u00adcal iner\u00adtia, she is fee\u00adling dis\u00adil\u00adlu\u00adsio\u00adned. Until she meets Henri and rea\u00adli\u00adses it is never too late to ful\u00adfil her own poli\u00adti\u00adcal and per\u00adso\u00adnal dreams.<\/p>\n\n\n\n<figure class=\"wp-block-gallery has-nested-images columns-default is-cropped wp-block-gallery-2 is-layout-flex wp-block-gallery-is-layout-flex\">\n<figure class=\"wp-block-image size-large\"><a href=\"https:\/\/fsk-kino.peripherfilm.de\/wp-content\/uploads\/2025\/04\/unddasfestgehtweiter3.jpg\" data-lbwps-width=\"1490\" data-lbwps-height=\"785.6699751861\" data-lbwps-srcsmall=\"https:\/\/fsk-kino.peripherfilm.de\/wp-content\/uploads\/2025\/04\/unddasfestgehtweiter3-400x211.jpg\"><img loading=\"lazy\" decoding=\"async\" width=\"1024\" height=\"540\" data-id=\"27806\" src=\"https:\/\/fsk-kino.peripherfilm.de\/wp-content\/uploads\/2025\/04\/unddasfestgehtweiter3-1024x540.jpg\" alt=\"Das Fest geht weiter!\" class=\"wp-image-27806\" srcset=\"https:\/\/fsk-kino.peripherfilm.de\/wp-content\/uploads\/2025\/04\/unddasfestgehtweiter3-1024x540.jpg 1024w, https:\/\/fsk-kino.peripherfilm.de\/wp-content\/uploads\/2025\/04\/unddasfestgehtweiter3-300x158.jpg 300w, https:\/\/fsk-kino.peripherfilm.de\/wp-content\/uploads\/2025\/04\/unddasfestgehtweiter3-600x316.jpg 600w, https:\/\/fsk-kino.peripherfilm.de\/wp-content\/uploads\/2025\/04\/unddasfestgehtweiter3-1536x810.jpg 1536w, https:\/\/fsk-kino.peripherfilm.de\/wp-content\/uploads\/2025\/04\/unddasfestgehtweiter3-624x329.jpg 624w, https:\/\/fsk-kino.peripherfilm.de\/wp-content\/uploads\/2025\/04\/unddasfestgehtweiter3-400x211.jpg 400w, https:\/\/fsk-kino.peripherfilm.de\/wp-content\/uploads\/2025\/04\/unddasfestgehtweiter3-768x405.jpg 768w, https:\/\/fsk-kino.peripherfilm.de\/wp-content\/uploads\/2025\/04\/unddasfestgehtweiter3.jpg 1612w\" sizes=\"auto, (max-width: 1024px) 100vw, 1024px\"><\/a><\/figure>\n\n\n\n<figure class=\"wp-block-image size-large\"><a href=\"https:\/\/fsk-kino.peripherfilm.de\/wp-content\/uploads\/2025\/04\/unddasfestgehtweiter2.jpg\" data-lbwps-width=\"1490\" data-lbwps-height=\"785.6699751861\" data-lbwps-srcsmall=\"https:\/\/fsk-kino.peripherfilm.de\/wp-content\/uploads\/2025\/04\/unddasfestgehtweiter2-400x211.jpg\"><img loading=\"lazy\" decoding=\"async\" width=\"1024\" height=\"540\" data-id=\"27802\" src=\"https:\/\/fsk-kino.peripherfilm.de\/wp-content\/uploads\/2025\/04\/unddasfestgehtweiter2-1024x540.jpg\" alt=\"Das Fest geht weiter!\" class=\"wp-image-27802\" srcset=\"https:\/\/fsk-kino.peripherfilm.de\/wp-content\/uploads\/2025\/04\/unddasfestgehtweiter2-1024x540.jpg 1024w, https:\/\/fsk-kino.peripherfilm.de\/wp-content\/uploads\/2025\/04\/unddasfestgehtweiter2-300x158.jpg 300w, https:\/\/fsk-kino.peripherfilm.de\/wp-content\/uploads\/2025\/04\/unddasfestgehtweiter2-600x316.jpg 600w, https:\/\/fsk-kino.peripherfilm.de\/wp-content\/uploads\/2025\/04\/unddasfestgehtweiter2-1536x810.jpg 1536w, https:\/\/fsk-kino.peripherfilm.de\/wp-content\/uploads\/2025\/04\/unddasfestgehtweiter2-624x329.jpg 624w, https:\/\/fsk-kino.peripherfilm.de\/wp-content\/uploads\/2025\/04\/unddasfestgehtweiter2-400x211.jpg 400w, https:\/\/fsk-kino.peripherfilm.de\/wp-content\/uploads\/2025\/04\/unddasfestgehtweiter2-768x405.jpg 768w, https:\/\/fsk-kino.peripherfilm.de\/wp-content\/uploads\/2025\/04\/unddasfestgehtweiter2.jpg 1612w\" sizes=\"auto, (max-width: 1024px) 100vw, 1024px\"><\/a><\/figure>\n\n\n\n<figure class=\"wp-block-image size-large\"><a href=\"https:\/\/fsk-kino.peripherfilm.de\/wp-content\/uploads\/2025\/04\/unddasfestgehtweiter.jpg\" data-lbwps-width=\"1490\" data-lbwps-height=\"785.6699751861\" data-lbwps-srcsmall=\"https:\/\/fsk-kino.peripherfilm.de\/wp-content\/uploads\/2025\/04\/unddasfestgehtweiter-400x211.jpg\"><img loading=\"lazy\" decoding=\"async\" width=\"1024\" height=\"540\" data-id=\"27805\" src=\"https:\/\/fsk-kino.peripherfilm.de\/wp-content\/uploads\/2025\/04\/unddasfestgehtweiter-1024x540.jpg\" alt=\"Das Fest geht weiter!\" class=\"wp-image-27805\" srcset=\"https:\/\/fsk-kino.peripherfilm.de\/wp-content\/uploads\/2025\/04\/unddasfestgehtweiter-1024x540.jpg 1024w, https:\/\/fsk-kino.peripherfilm.de\/wp-content\/uploads\/2025\/04\/unddasfestgehtweiter-300x158.jpg 300w, https:\/\/fsk-kino.peripherfilm.de\/wp-content\/uploads\/2025\/04\/unddasfestgehtweiter-600x316.jpg 600w, https:\/\/fsk-kino.peripherfilm.de\/wp-content\/uploads\/2025\/04\/unddasfestgehtweiter-1536x810.jpg 1536w, https:\/\/fsk-kino.peripherfilm.de\/wp-content\/uploads\/2025\/04\/unddasfestgehtweiter-624x329.jpg 624w, https:\/\/fsk-kino.peripherfilm.de\/wp-content\/uploads\/2025\/04\/unddasfestgehtweiter-400x211.jpg 400w, https:\/\/fsk-kino.peripherfilm.de\/wp-content\/uploads\/2025\/04\/unddasfestgehtweiter-768x405.jpg 768w, https:\/\/fsk-kino.peripherfilm.de\/wp-content\/uploads\/2025\/04\/unddasfestgehtweiter.jpg 1612w\" sizes=\"auto, (max-width: 1024px) 100vw, 1024px\"><\/a><\/figure>\n\n\n\n<figure class=\"wp-block-image size-large\"><a href=\"https:\/\/fsk-kino.peripherfilm.de\/wp-content\/uploads\/2025\/04\/unddasfestgehtweiter1.jpg\" data-lbwps-width=\"1490\" data-lbwps-height=\"785.6699751861\" data-lbwps-srcsmall=\"https:\/\/fsk-kino.peripherfilm.de\/wp-content\/uploads\/2025\/04\/unddasfestgehtweiter1-400x211.jpg\"><img loading=\"lazy\" decoding=\"async\" width=\"1612\" height=\"850\" data-id=\"27804\" src=\"https:\/\/fsk-kino.peripherfilm.de\/wp-content\/uploads\/2025\/04\/unddasfestgehtweiter1.jpg\" alt=\"Das Fest geht weiter!\" class=\"wp-image-27804\" srcset=\"https:\/\/fsk-kino.peripherfilm.de\/wp-content\/uploads\/2025\/04\/unddasfestgehtweiter1.jpg 1612w, https:\/\/fsk-kino.peripherfilm.de\/wp-content\/uploads\/2025\/04\/unddasfestgehtweiter1-300x158.jpg 300w, https:\/\/fsk-kino.peripherfilm.de\/wp-content\/uploads\/2025\/04\/unddasfestgehtweiter1-600x316.jpg 600w, https:\/\/fsk-kino.peripherfilm.de\/wp-content\/uploads\/2025\/04\/unddasfestgehtweiter1-1536x810.jpg 1536w, https:\/\/fsk-kino.peripherfilm.de\/wp-content\/uploads\/2025\/04\/unddasfestgehtweiter1-624x329.jpg 624w, https:\/\/fsk-kino.peripherfilm.de\/wp-content\/uploads\/2025\/04\/unddasfestgehtweiter1-400x211.jpg 400w\" sizes=\"auto, (max-width: 1612px) 100vw, 1612px\"><\/a><\/figure>\n<\/figure>\n\n\n\n<pre class=\"wp-block-code\"><code><a name=\"credits\"><\/a><strong>Credits<\/strong>:<\/code><\/pre>\n\n\n\n<p class=\"wp-block-paragraph\"><em>Et la f\u00eate con\u00adti\u00adnue !&nbsp;<\/em><br><em><span class=\"caps\">FR<\/span>\/<span class=\"caps\">IT<\/span> 2023, 106 Min., frz. OmU<br>Regie: Robert Gu\u00e9diguian<br>Kamera: Pierre Milon<br>Schnitt: Bernard Sasia<br>mit: Ariane Ascaride, Jean-Pierre Darroussin, G\u00e9rard Meylan, Lola Naymark, Gr\u00e9goire Leprince-Ringuet, Robinson St\u00e9venin.<\/em><\/p>\n\n\n\n<pre class=\"wp-block-code\"><code><a name=\"trailer\"><\/a><strong>Trailer<\/strong>:<\/code><\/pre>\n\n\n<figure class=\"wp-block-embed-youtube wp-block-embed is-type-video is-provider-youtube wp-embed-aspect-16-9 wp-has-aspect-ratio\"><div class=\"lyte-wrapper\" title=\"And the Party Goes on \/ Et la f\u00eate continue ! (2023) - Trailer (English Subs)\" style=\"width:640px;max-width:100%;margin:5px;\"><div class=\"lyMe\" id=\"WYL_ZcbWl2uBLEw\" itemprop=\"video\" itemscope itemtype=\"https:\/\/schema.org\/VideoObject\"><div><meta itemprop=\"thumbnailUrl\" content=\"https:\/\/fsk-kino.peripherfilm.de\/wp-content\/plugins\/wp-youtube-lyte\/lyteCache.php?origThumbUrl=https%3A%2F%2Fi.ytimg.com%2Fvi%2FZcbWl2uBLEw%2Fhqdefault.jpg\"><meta itemprop=\"embedURL\" content=\"https:\/\/www.youtube.com\/embed\/ZcbWl2uBLEw\"><meta itemprop=\"duration\" content=\"PT1M38S\"><meta itemprop=\"uploadDate\" content=\"2023-11-22T10:58:31Z\"><\/div><div id=\"lyte_ZcbWl2uBLEw\" data-src=\"https:\/\/fsk-kino.peripherfilm.de\/wp-content\/plugins\/wp-youtube-lyte\/lyteCache.php?origThumbUrl=https%3A%2F%2Fi.ytimg.com%2Fvi%2FZcbWl2uBLEw%2Fhqdefault.jpg\" class=\"pL\"><div class=\"tC\"><div class=\"tT\" itemprop=\"name\">And the Party Goes on \/ Et la f\u00eate con\u00adti\u00adnue ! (2023) \u2013 Trailer (English Subs)<\/div><\/div><div class=\"play\"><\/div><div class=\"ctrl\"><div class=\"Lctrl\"><\/div><div class=\"Rctrl\"><\/div><\/div><\/div><noscript><a href=\"https:\/\/youtu.be\/ZcbWl2uBLEw\" rel=\"nofollow\"><img loading=\"lazy\" decoding=\"async\" src=\"https:\/\/fsk-kino.peripherfilm.de\/wp-content\/plugins\/wp-youtube-lyte\/lyteCache.php?origThumbUrl=https%3A%2F%2Fi.ytimg.com%2Fvi%2FZcbWl2uBLEw%2F0.jpg\" alt=\"And the Party Goes on \/ Et la f\u00eate continue ! (2023) - Trailer (English Subs)\" width=\"640\" height=\"340\"><br>Watch this video on YouTube<\/a><\/noscript><meta itemprop=\"description\" content=\"Directed by : Robert Gu\u00e9diguian Produced by : Agat Films - Ex nihilo Genre: Fiction - Runtime: 1 h 46 min French release: 15\/11\/2023 Production year: 2023 In the working-class district of old Marseilles, Rosa is the heart and soul of her community, a nurse and the matriarch of a large and close-knit family. But approaching retirement and surrounded by political inertia, she is feeling disillusioned. Until she meets Henri and realises it is never too late to fulfil her own political and personal dreams. More info: https:\/\/en.unifrance.org\/movie\/55634\/and-the-party-goes-on\"><\/div><\/div><div class=\"lL\" style=\"max-width:100%;width:640px;margin:5px;\"><\/div><figcaption><\/figcaption><\/figure>\n\n\n<p class=\"wp-block-paragraph\">Im Kino mit deut\u00adschen Untertiteln.<\/p>\n\n\n\n<pre class=\"wp-block-code\"><code><a href=\"#oben\" data-type=\"internal\" data-id=\"#oben\">nach oben<\/a><\/code><\/pre>\n\n\n\n<p class=\"wp-block-paragraph\"><\/p>","protected":false},"excerpt":{"rendered":"<p>A film by Robert Gu\u00e9diguian. In French with German sub\u00adtit\u00adles. [Credits] [Tickets <span class=\"amp\">&amp;<\/span> Termine] [Trailer] In the working-class dis\u00adtrict of old Marseilles, Rosa is the heart and soul of her com\u00admu\u00adni\u00adty, a nur\u00adse and the matri\u00adarch of a lar\u00adge and clo\u00ad\u00adse-knit fami\u00adly. But approa\u00adching reti\u00adre\u00adment and sur\u00adroun\u00added by poli\u00adti\u00adcal iner\u00adtia, she is fee\u00adling dis\u00adil\u00adlu\u00adsio\u00adned.&nbsp;Until&nbsp;[\u2026]<\/p>\n","protected":false},"author":2,"featured_media":27803,"comment_status":"closed","ping_status":"closed","sticky":false,"template":"","format":"standard","meta":{"_crdt_document":"","wp_typography_post_enhancements_disabled":false,"slim_seo":{"title":"[:en]Das Fest geht weiter![:] - fsk Kino","description":"[:de] Ein Film von Robert Gu\u00e9diguian. [ Credits ] [ Tickets &amp; Termine ] [ Trailer ] \"Nach einem Ausflug ins afrikanische Mali kehrt der franz\u00f6sische Regisse"},"footnotes":""},"categories":[25],"tags":[],"class_list":["post-27801","post","type-post","status-publish","format-standard","has-post-thumbnail","hentry","category-archiv"],"_links":{"self":[{"href":"https:\/\/fsk-kino.peripherfilm.de\/en\/wp-json\/wp\/v2\/posts\/27801","targetHints":{"allow":["GET"]}}],"collection":[{"href":"https:\/\/fsk-kino.peripherfilm.de\/en\/wp-json\/wp\/v2\/posts"}],"about":[{"href":"https:\/\/fsk-kino.peripherfilm.de\/en\/wp-json\/wp\/v2\/types\/post"}],"author":[{"embeddable":true,"href":"https:\/\/fsk-kino.peripherfilm.de\/en\/wp-json\/wp\/v2\/users\/2"}],"replies":[{"embeddable":true,"href":"https:\/\/fsk-kino.peripherfilm.de\/en\/wp-json\/wp\/v2\/comments?post=27801"}],"version-history":[{"count":0,"href":"https:\/\/fsk-kino.peripherfilm.de\/en\/wp-json\/wp\/v2\/posts\/27801\/revisions"}],"wp:featuredmedia":[{"embeddable":true,"href":"https:\/\/fsk-kino.peripherfilm.de\/en\/wp-json\/wp\/v2\/media\/27803"}],"wp:attachment":[{"href":"https:\/\/fsk-kino.peripherfilm.de\/en\/wp-json\/wp\/v2\/media?parent=27801"}],"wp:term":[{"taxonomy":"category","embeddable":true,"href":"https:\/\/fsk-kino.peripherfilm.de\/en\/wp-json\/wp\/v2\/categories?post=27801"},{"taxonomy":"post_tag","embeddable":true,"href":"https:\/\/fsk-kino.peripherfilm.de\/en\/wp-json\/wp\/v2\/tags?post=27801"}],"curies":[{"name":"wp","href":"https:\/\/api.w.org\/{rel}","templated":true}]}}