{"id":27527,"date":"2025-03-23T10:32:20","date_gmt":"2025-03-23T09:32:20","guid":{"rendered":"https:\/\/fsk-kino.peripherfilm.de\/?p=27527"},"modified":"2025-04-10T09:50:09","modified_gmt":"2025-04-10T07:50:09","slug":"achtung-berlin-2025","status":"publish","type":"post","link":"https:\/\/fsk-kino.peripherfilm.de\/en\/achtung-berlin-2025\/","title":{"rendered":"Achtung Berlin 2025"},"content":{"rendered":"<p class=\"qtranxs-available-languages-message qtranxs-available-languages-message-en\">Sorry, this ent\u00adry is only available in <a href=\"https:\/\/fsk-kino.peripherfilm.de\/de\/wp-json\/wp\/v2\/posts\/27527\" class=\"qtranxs-available-language-link qtranxs-available-language-link-de\" title=\"Deutsch\">Deutsch<\/a>.<\/p><p class=\"wp-block-paragraph\">Das Filmfestival <a href=\"HTTPS:\/\/ACHTUNGBERLIN.DE\">Achtung Berlin!<\/a>, bei dem wir mitt\u00adler\u00adwei\u00adle zum sieb\u00adten Mal Spielort sind, pr\u00e4\u00adsen\u00adtiert zwar Produktionen aus Berlin und Brandenburg, ist aber nicht an den Ort gebunden.<\/p>\n\n\n\n<p class=\"wp-block-paragraph\">Nach allen Filmvorstellungen folgt ein Q<span class=\"amp\">&amp;<\/span>A mit dem Filmteam.<br>Das Programm im&nbsp;fsk:<\/p>\n\n\n\n<p class=\"wp-block-paragraph\"><strong>Sonntag, 6.4<\/strong>.<\/p>\n\n\n\n<p class=\"wp-block-paragraph\">13:30 <strong><a href=\"https:\/\/fsk-kino.peripherfilm.de\/events\/event\/achtung-berlin-buerglkopf\/\" title=\"Achtung Berlin: B\u00fcrglkopf\">B\u00fcrglkopf<\/a><\/strong>, Lisa Polster, Dokfilm, 78 Min. (Berlin Spotlights)<br>[<a href=\"https:\/\/booking.cinetixx.de\/frontend\/#\/movie\/2278359999\/3200691622\">Tickets<\/a>]<\/p>\n\n\n\n<figure class=\"wp-block-image size-large\"><a href=\"https:\/\/fsk-kino.peripherfilm.de\/wp-content\/uploads\/2025\/03\/Buerglkopf.jpg\" data-lbwps-width=\"1490\" data-lbwps-height=\"741.51053864169\" data-lbwps-srcsmall=\"https:\/\/fsk-kino.peripherfilm.de\/wp-content\/uploads\/2025\/03\/Buerglkopf-400x199.jpg\" data-lbwps-caption=\"Screenshot\"><img loading=\"lazy\" decoding=\"async\" width=\"1024\" height=\"510\" src=\"https:\/\/fsk-kino.peripherfilm.de\/wp-content\/uploads\/2025\/03\/Buerglkopf-1024x510.jpg\" alt class=\"wp-image-27531\" srcset=\"https:\/\/fsk-kino.peripherfilm.de\/wp-content\/uploads\/2025\/03\/Buerglkopf-1024x510.jpg 1024w, https:\/\/fsk-kino.peripherfilm.de\/wp-content\/uploads\/2025\/03\/Buerglkopf-300x149.jpg 300w, https:\/\/fsk-kino.peripherfilm.de\/wp-content\/uploads\/2025\/03\/Buerglkopf-600x299.jpg 600w, https:\/\/fsk-kino.peripherfilm.de\/wp-content\/uploads\/2025\/03\/Buerglkopf-1536x764.jpg 1536w, https:\/\/fsk-kino.peripherfilm.de\/wp-content\/uploads\/2025\/03\/Buerglkopf-624x311.jpg 624w, https:\/\/fsk-kino.peripherfilm.de\/wp-content\/uploads\/2025\/03\/Buerglkopf-400x199.jpg 400w, https:\/\/fsk-kino.peripherfilm.de\/wp-content\/uploads\/2025\/03\/Buerglkopf-768x382.jpg 768w, https:\/\/fsk-kino.peripherfilm.de\/wp-content\/uploads\/2025\/03\/Buerglkopf.jpg 1708w\" sizes=\"auto, (max-width: 1024px) 100vw, 1024px\"><\/a><figcaption class=\"wp-element-caption\">Screenshot<\/figcaption><\/figure>\n\n\n\n<p class=\"wp-block-paragraph\">Auf dem Tiroler B\u00fcrglkopf, in 1.300 Metern H\u00f6he, befin\u00addet sich das gleich\u00adna\u00admi\u00adge R\u00fcckkehrzentrum, weit abge\u00adle\u00adgen von Zivilisation und Stadt. Menschen im Asylverfahren wer\u00adden dort unter\u00adge\u00adbracht und sol\u00adlen mit R\u00fcckkehrberatung, vor allem aber unter dem Druck der Isolation, zur Ausreise aus \u00d6sterreich bewegt wer\u00adden. W\u00e4hrend Urlauber:innen mit hoch\u00admo\u00adder\u00adnen Gondeln auf die Gipfel bef\u00f6r\u00addert wer\u00adden, m\u00fcs\u00adsen die Bewohner des B\u00fcrglkopfs drei Stunden Fu\u00dfweg auf sich neh\u00admen, um vom Lager ins Tal zu gelan\u00adgen. Die Alpenlandschaft wird zum Schauplatz eines Aufeinandertreffens von Gefl\u00fcchteten, Dorfbewohner:innen und Tourist:innen.<\/p>\n\n\n\n<p class=\"wp-block-paragraph\">Deutschland, \u00d6sterreich&nbsp;| 2025&nbsp;| 78 Min.<br><em>Sprache [deutsch], [eng\u00adlisch], [ara\u00adbisch], [dali], [soma\u00adli] <span class=\"caps\">UT<\/span> [deutsch], [eng\u00adlisch]<\/em><br>Berlin-Premiere<br><em>Regie, Buch<\/em>&nbsp;Lisa Polster&nbsp;<em>Kamera<\/em>&nbsp;Jasmin Schwendinger&nbsp;<em>Schnitt<\/em>&nbsp;Maira Vazquez Leven<\/p>\n\n\n\n<p class=\"wp-block-paragraph\">16:00<strong> <a href=\"https:\/\/fsk-kino.peripherfilm.de\/events\/event\/achtung-berlin-wolken-ueber-luetzerath\/\" title=\"Achtung Berlin: Wolken \u00fcber L\u00fctzerath\">Wolken \u00fcber L\u00fctzerath<\/a><\/strong>, Lukas Reiter, 110 Min., (Wettbewerb Dokumentarfilm)<br>[<a href=\"https:\/\/booking.cinetixx.de\/frontend\/#\/movie\/2278359999\/3200692140\">Tickets<\/a>]<\/p>\n\n\n\n<figure class=\"wp-block-image size-full\"><a href=\"https:\/\/fsk-kino.peripherfilm.de\/wp-content\/uploads\/2025\/03\/wolken-ueber-luetzerath.jpg\" data-lbwps-width=\"1490\" data-lbwps-height=\"838.18663136995\" data-lbwps-srcsmall=\"https:\/\/fsk-kino.peripherfilm.de\/wp-content\/uploads\/2025\/03\/wolken-ueber-luetzerath-400x225.jpg\"><img loading=\"lazy\" decoding=\"async\" width=\"1511\" height=\"850\" src=\"https:\/\/fsk-kino.peripherfilm.de\/wp-content\/uploads\/2025\/03\/wolken-ueber-luetzerath.jpg\" alt class=\"wp-image-27532\" srcset=\"https:\/\/fsk-kino.peripherfilm.de\/wp-content\/uploads\/2025\/03\/wolken-ueber-luetzerath.jpg 1511w, https:\/\/fsk-kino.peripherfilm.de\/wp-content\/uploads\/2025\/03\/wolken-ueber-luetzerath-300x169.jpg 300w, https:\/\/fsk-kino.peripherfilm.de\/wp-content\/uploads\/2025\/03\/wolken-ueber-luetzerath-600x338.jpg 600w, https:\/\/fsk-kino.peripherfilm.de\/wp-content\/uploads\/2025\/03\/wolken-ueber-luetzerath-624x351.jpg 624w, https:\/\/fsk-kino.peripherfilm.de\/wp-content\/uploads\/2025\/03\/wolken-ueber-luetzerath-400x225.jpg 400w, https:\/\/fsk-kino.peripherfilm.de\/wp-content\/uploads\/2025\/03\/wolken-ueber-luetzerath-768x432.jpg 768w, https:\/\/fsk-kino.peripherfilm.de\/wp-content\/uploads\/2025\/03\/wolken-ueber-luetzerath-1024x576.jpg 1024w\" sizes=\"auto, (max-width: 1511px) 100vw, 1511px\"><\/a><\/figure>\n\n\n\n<p class=\"wp-block-paragraph\">In L\u00fctzerath ver\u00adl\u00e4uft f\u00fcr Blinker, Ronni und die Bundestagsabgeordnete Kathrin Henneberger die 1,5 Grad-Grenze. Auf unter\u00adschied\u00adli\u00adche Art k\u00e4mp\u00adfen sie f\u00fcr den Erhalt des Dorfes im rhei\u00adni\u00adschen Braunkohlerevier. W\u00e4hrend Blinker auf Barrikaden setzt und Ronni sich auf die Medienstrategie der Besetzung kon\u00adzen\u00adtriert, ver\u00adsucht die \u00f6rt\u00adli\u00adche Gr\u00fcnen-Abgeordnete den Protest zu unter\u00adst\u00fct\u00adzen und muss eine schwe\u00adre Niederlage ein\u00adste\u00adcken, als die Ampelkoalition dem Kohlekompromiss mit <span class=\"caps\">RWE<\/span> zustim\u00admen \u2013 der zwar den Ausstieg bis 2030 fest\u00adh\u00e4lt, aber L\u00fctzerath dem Konzern opfert. Nach der R\u00e4umung blei\u00adben Bilder der Zerst\u00f6rung, Erinnerungen und erst lang\u00adsam hei\u00adlen\u00adde Wunden.<\/p>\n\n\n\n<p class=\"wp-block-paragraph\">Deutschland&nbsp;| 2025&nbsp;| 110 Min.<br><em>Sprache [deutsch] <span class=\"caps\">UT<\/span> [eng\u00adlisch]<\/em><br>Berlin-Premiere<\/p>\n\n\n\n<p class=\"wp-block-paragraph\"><em>Regie<\/em> Lukas Reiter&nbsp;<em>Buch<\/em>&nbsp;Christoph Hans, Lukas Reiter&nbsp;<em>Recherche<\/em>&nbsp;Louise Wasserm\u00e9&nbsp;<em>Kamera<\/em>&nbsp;Lukas Reiter&nbsp;<em>Schnitt<\/em>&nbsp;Christoph Hans<\/p>\n\n\n\n<p class=\"wp-block-paragraph\">18:30 <strong><a href=\"https:\/\/fsk-kino.peripherfilm.de\/events\/event\/achtung-berlin-barbara-morgenstern-und-die-liebe-zur-sache\/\" title=\"Achtung Berlin: Barbara Morgenstern und die Liebe zur&nbsp;Sache\">Barbara Morgenstern und die Liebe zur Sache<\/a><\/strong>, Sabine Herpich, 109 Min. (Wettbewerb Dokumentarfilm)<br>[<a href=\"https:\/\/booking.cinetixx.de\/frontend\/#\/movie\/2278359999\/3101290706\">Tickets<\/a>]<\/p>\n\n\n\n<figure class=\"wp-block-image size-full is-style-default\"><a href=\"https:\/\/fsk-kino.peripherfilm.de\/wp-content\/uploads\/2025\/03\/barbaramorgenstern.jpg\" data-lbwps-width=\"1490\" data-lbwps-height=\"838.7417218543\" data-lbwps-srcsmall=\"https:\/\/fsk-kino.peripherfilm.de\/wp-content\/uploads\/2025\/03\/barbaramorgenstern-400x225.jpg\" data-lbwps-caption=\"CREATOR: gd-jpeg v1.0 (using IJG JPEG v62), quality = 100\"><img loading=\"lazy\" decoding=\"async\" width=\"1510\" height=\"850\" src=\"https:\/\/fsk-kino.peripherfilm.de\/wp-content\/uploads\/2025\/03\/barbaramorgenstern.jpg\" alt class=\"wp-image-27533\" srcset=\"https:\/\/fsk-kino.peripherfilm.de\/wp-content\/uploads\/2025\/03\/barbaramorgenstern.jpg 1510w, https:\/\/fsk-kino.peripherfilm.de\/wp-content\/uploads\/2025\/03\/barbaramorgenstern-300x169.jpg 300w, https:\/\/fsk-kino.peripherfilm.de\/wp-content\/uploads\/2025\/03\/barbaramorgenstern-600x338.jpg 600w, https:\/\/fsk-kino.peripherfilm.de\/wp-content\/uploads\/2025\/03\/barbaramorgenstern-624x351.jpg 624w, https:\/\/fsk-kino.peripherfilm.de\/wp-content\/uploads\/2025\/03\/barbaramorgenstern-400x225.jpg 400w, https:\/\/fsk-kino.peripherfilm.de\/wp-content\/uploads\/2025\/03\/barbaramorgenstern-768x432.jpg 768w, https:\/\/fsk-kino.peripherfilm.de\/wp-content\/uploads\/2025\/03\/barbaramorgenstern-1024x576.jpg 1024w\" sizes=\"auto, (max-width: 1510px) 100vw, 1510px\"><\/a><\/figure>\n\n\n\n<p class=\"wp-block-paragraph\"><br>Barbara Morgenstern, Pionierin des lyri\u00adschen Elektro-Pop, arbei\u00adtet an einem neu\u00aden Album. In ihrer Wohnung ent\u00adste\u00adhen ers\u00adte Texte und Harmonien. Bei den Proben mit ihrer Band feilt sie an Arrangements. Dann sehen wir Aufnahmen der legen\u00add\u00e4\u00adren Berliner Hansa-Studios, Pressefotos, die Gestaltung des Plattencovers, ein ers\u00adtes Musikvideo, die Tourplanung. Im Hintergrund gibt es Fragen: Wie expe\u00adri\u00admen\u00adtell darf das Album wer\u00adden, wie poli\u00adtisch soll es sein, in wel\u00adchem Format kann es live pr\u00e4\u00adsen\u00adtiert wer\u00adden? Am Ende steht Morgenstern auf der B\u00fchne, um das ers\u00adte Mal f\u00fcr ihre Fans die Lieder von ihrem neu\u00aden Album\u201eIn ande\u00adrem Licht\u201c zu spielen.<\/p>\n\n\n\n<p class=\"wp-block-paragraph\">Deutschland&nbsp;| 2024&nbsp;| 109 Min.<br><em>Sprache [deutsch] <span class=\"caps\">UT<\/span> [eng\u00adlisch]<\/em><br>Berlin-Premiere<\/p>\n\n\n\n<p class=\"wp-block-paragraph\"><em>Regie<\/em>&nbsp;Sabine Herpich&nbsp;<em>mit&nbsp;<\/em>Barbara Morgenstern&nbsp;<em>Kamera,&nbsp;Schnitt<\/em>&nbsp;Sabine Herpich<\/p>\n\n\n\n<p class=\"wp-block-paragraph\">20:45 <a href=\"https:\/\/fsk-kino.peripherfilm.de\/events\/event\/achtung-berlin-die-farbe-der-luft\/\" title=\"Achtung Berlin: Die Farbe der&nbsp;Luft\"><strong>Die Farbe der Luft<\/strong> <\/a>Oliver Moser, Spielfilm, 88 Min. <br>[<a href=\"https:\/\/booking.cinetixx.de\/frontend\/#\/movie\/2278359999\/3200693873\">Tickets<\/a>]<\/p>\n\n\n\n<figure class=\"wp-block-image size-full\"><a href=\"https:\/\/fsk-kino.peripherfilm.de\/wp-content\/uploads\/2025\/03\/Die-Farbe-der-Luft.jpg\" data-lbwps-width=\"1490\" data-lbwps-height=\"624.19911286348\" data-lbwps-srcsmall=\"https:\/\/fsk-kino.peripherfilm.de\/wp-content\/uploads\/2025\/03\/Die-Farbe-der-Luft-400x168.jpg\"><img loading=\"lazy\" decoding=\"async\" width=\"2029\" height=\"850\" src=\"https:\/\/fsk-kino.peripherfilm.de\/wp-content\/uploads\/2025\/03\/Die-Farbe-der-Luft.jpg\" alt class=\"wp-image-27534\" srcset=\"https:\/\/fsk-kino.peripherfilm.de\/wp-content\/uploads\/2025\/03\/Die-Farbe-der-Luft.jpg 2029w, https:\/\/fsk-kino.peripherfilm.de\/wp-content\/uploads\/2025\/03\/Die-Farbe-der-Luft-300x126.jpg 300w, https:\/\/fsk-kino.peripherfilm.de\/wp-content\/uploads\/2025\/03\/Die-Farbe-der-Luft-600x251.jpg 600w, https:\/\/fsk-kino.peripherfilm.de\/wp-content\/uploads\/2025\/03\/Die-Farbe-der-Luft-1536x643.jpg 1536w, https:\/\/fsk-kino.peripherfilm.de\/wp-content\/uploads\/2025\/03\/Die-Farbe-der-Luft-624x261.jpg 624w, https:\/\/fsk-kino.peripherfilm.de\/wp-content\/uploads\/2025\/03\/Die-Farbe-der-Luft-400x168.jpg 400w, https:\/\/fsk-kino.peripherfilm.de\/wp-content\/uploads\/2025\/03\/Die-Farbe-der-Luft-768x322.jpg 768w, https:\/\/fsk-kino.peripherfilm.de\/wp-content\/uploads\/2025\/03\/Die-Farbe-der-Luft-1024x429.jpg 1024w\" sizes=\"auto, (max-width: 2029px) 100vw, 2029px\"><\/a><\/figure>\n\n\n\n<p class=\"wp-block-paragraph\">An einem Sommertag tref\u00adfen sich die Geschwister Freddy, Luise und Theo, um das Haus ihrer Kindheit aus\u00adzu\u00adr\u00e4u\u00admen und zu ver\u00adkau\u00adfen. Doch hin\u00adter ihrer fr\u00f6h\u00adli\u00adchen Fassade liegt unaus\u00adge\u00adspro\u00adche\u00adnes Misstrauen. Da st\u00f6\u00dft Luise auf ein Foto ihrer gro\u00ad\u00dfen Liebe Sergei, der vor vie\u00adlen Jahren bei einem Autounfall ums Leben kam. Weil sie sich nicht erin\u00adnern kann, das Bild je auf\u00adge\u00adnom\u00admen zu haben, ver\u00adsucht sie manisch des\u00adsen Herkunft nach\u00adzu\u00advoll\u00adzie\u00adhen. Schicht um Schicht ent\u00adh\u00fcllt sich dabei eine Familiengeschichte \u00fcber Privilegien und Schuld \u2013 und die Geschwister n\u00e4hern sich end\u00adlich einem Schatten, den sie lan\u00adge nicht los\u00adge\u00adwor\u00adden&nbsp;sind.<\/p>\n\n\n\n<p class=\"wp-block-paragraph\">Deutschland | 2024 | 88 Min.<br><em>Sprache [deutsch] <span class=\"caps\">UT<\/span> [eng\u00adlisch]<\/em><br>Berlin-Premiere<\/p>\n\n\n\n<p class=\"wp-block-paragraph\"><em>Regie<\/em> Oliver Moser <em>Schauspiel <\/em>Paul Boche, Bea Brocks, Odine Johne, Hannah Schutsch <em>Buch<\/em> Linda K\u00f6nig, Oliver Moser <em>Kamera<\/em> Malte Siepen <em>Schnitt<\/em> Isabella Kohl, Oliver Moser<\/p>\n\n\n\n<hr class=\"wp-block-separator has-text-color has-blue-color has-alpha-channel-opacity has-blue-background-color has-background is-style-dots\">\n\n\n\n<p class=\"wp-block-paragraph\"><strong>Montag 7.4.<\/strong><\/p>\n\n\n\n<p class=\"wp-block-paragraph\">18:30 <strong><a href=\"https:\/\/fsk-kino.peripherfilm.de\/events\/event\/achtung-berlin-spielerinnen\/\" title=\"Achtung Berlin: Spielerinnen\">Spielerinnen<\/a><\/strong>, Aysun Bademsoy, 86 Min. (Wettbewerb Dokumentarfilm)<br>[<a href=\"https:\/\/booking.cinetixx.de\/frontend\/#\/movie\/2278359999\/3173700856\">Tickets<\/a>]<\/p>\n\n\n\n<figure class=\"wp-block-image size-full\"><a href=\"https:\/\/fsk-kino.peripherfilm.de\/wp-content\/uploads\/2025\/03\/SPIELERINNEN-.jpg\" data-lbwps-width=\"1490\" data-lbwps-height=\"805.14939605849\" data-lbwps-srcsmall=\"https:\/\/fsk-kino.peripherfilm.de\/wp-content\/uploads\/2025\/03\/SPIELERINNEN--400x216.jpg\"><img loading=\"lazy\" decoding=\"async\" width=\"1573\" height=\"850\" src=\"https:\/\/fsk-kino.peripherfilm.de\/wp-content\/uploads\/2025\/03\/SPIELERINNEN-.jpg\" alt class=\"wp-image-27535\" srcset=\"https:\/\/fsk-kino.peripherfilm.de\/wp-content\/uploads\/2025\/03\/SPIELERINNEN-.jpg 1573w, https:\/\/fsk-kino.peripherfilm.de\/wp-content\/uploads\/2025\/03\/SPIELERINNEN--300x162.jpg 300w, https:\/\/fsk-kino.peripherfilm.de\/wp-content\/uploads\/2025\/03\/SPIELERINNEN--600x324.jpg 600w, https:\/\/fsk-kino.peripherfilm.de\/wp-content\/uploads\/2025\/03\/SPIELERINNEN--1536x830.jpg 1536w, https:\/\/fsk-kino.peripherfilm.de\/wp-content\/uploads\/2025\/03\/SPIELERINNEN--624x337.jpg 624w, https:\/\/fsk-kino.peripherfilm.de\/wp-content\/uploads\/2025\/03\/SPIELERINNEN--400x216.jpg 400w, https:\/\/fsk-kino.peripherfilm.de\/wp-content\/uploads\/2025\/03\/SPIELERINNEN--768x415.jpg 768w, https:\/\/fsk-kino.peripherfilm.de\/wp-content\/uploads\/2025\/03\/SPIELERINNEN--1024x553.jpg 1024w\" sizes=\"auto, (max-width: 1573px) 100vw, 1573px\"><\/a><\/figure>\n\n\n\n<p class=\"wp-block-paragraph\">Eine fil\u00admi\u00adsche Langzeitbeobachtung t\u00fcr\u00adki\u00adscher Fu\u00dfballspielerinnen in Berlin-Kreuzberg: 30 Jahre nach <span class=\"caps\">M\u00c4DCHEN<\/span> <span class=\"caps\">AM<\/span> <span class=\"caps\">BALL<\/span> nimmt die Regisseurin die n\u00e4chs\u00adte Generation in den Blick. In Deutschland gebo\u00adren und auf\u00adge\u00adwach\u00adsen, fra\u00adgen auch sie sich, ob sie hier wirk\u00adlich ange\u00adnom\u00admen wer\u00adden. Auch ihr Leben scheint von einem kul\u00adtu\u00adrel\u00adlen Riss bestimmt. W\u00e4hrend wir einer\u00adseits die Welt der T\u00f6chter heu\u00adte erle\u00adben \u2013 zwi\u00adschen Instagram, Selbstfindung und fami\u00adli\u00e4\u00adrer Verantwortung \u2013 zeigt das viel\u00adschich\u00adti\u00adge Portrait in R\u00fcckbez\u00fcgen auf die 1990er Jahre auch, wie die \u00e4lte\u00adre Generation in Erinnerungen an eine Jugend schwelgt, in der das Fu\u00dfballspiel ihnen Raum f\u00fcr Emanzipation bot.<\/p>\n\n\n\n<p class=\"wp-block-paragraph\">Deutschland&nbsp;| 2024&nbsp;| 86 Min.<br><em>Sprache [deutsch] [t\u00fcr\u00adkisch] <span class=\"caps\">UT<\/span> [eng\u00adlisch]<\/em><br>Berlin-Premiere<\/p>\n\n\n\n<p class=\"wp-block-paragraph\"><em>Regie<\/em>&nbsp;Aysun Bademsoy&nbsp;<em>mit<\/em>&nbsp;Arzu \u00c7alk\u0131l\u0131\u00e7, T\u00fcrkan \u00c7elik, Nalan Kele\u015f, Nazan Yava\u015f, Selina \u00c7elik, Duygu Yava\u015f, Defne Yava\u015f u.v.a.<em>&nbsp;Kamera<\/em>&nbsp;Isabelle Casez, Ines Thomsen&nbsp;<em>Schnitt<\/em>&nbsp;Maja Tennstedt<\/p>\n\n\n\n<p class=\"wp-block-paragraph\">20:45 <strong><a href=\"https:\/\/fsk-kino.peripherfilm.de\/events\/event\/achtung-berlin-im-haus-meiner-eltern\/\" title=\"Achtung Berlin: Im Haus meiner Eltern\">Im Haus mei\u00adner Eltern<\/a><\/strong>, Tim Ellrich, 96 Min., (Wettbewerb Spielfilm)<br>[<a href=\"https:\/\/booking.cinetixx.de\/frontend\/#\/movie\/2278359999\/3187341902\">Tickets<\/a>]<\/p>\n\n\n\n<figure class=\"wp-block-image size-full\"><a href=\"https:\/\/fsk-kino.peripherfilm.de\/wp-content\/uploads\/2025\/03\/imhausmeinereltern1.jpg\" data-lbwps-width=\"1330.9468822171\" data-lbwps-height=\"850\" data-lbwps-srcsmall=\"https:\/\/fsk-kino.peripherfilm.de\/wp-content\/uploads\/2025\/03\/imhausmeinereltern1-400x255.jpg\"><img loading=\"lazy\" decoding=\"async\" width=\"1356\" height=\"866\" src=\"https:\/\/fsk-kino.peripherfilm.de\/wp-content\/uploads\/2025\/03\/imhausmeinereltern1.jpg\" alt class=\"wp-image-27394\" srcset=\"https:\/\/fsk-kino.peripherfilm.de\/wp-content\/uploads\/2025\/03\/imhausmeinereltern1.jpg 1356w, https:\/\/fsk-kino.peripherfilm.de\/wp-content\/uploads\/2025\/03\/imhausmeinereltern1-300x192.jpg 300w, https:\/\/fsk-kino.peripherfilm.de\/wp-content\/uploads\/2025\/03\/imhausmeinereltern1-600x383.jpg 600w, https:\/\/fsk-kino.peripherfilm.de\/wp-content\/uploads\/2025\/03\/imhausmeinereltern1-624x399.jpg 624w, https:\/\/fsk-kino.peripherfilm.de\/wp-content\/uploads\/2025\/03\/imhausmeinereltern1-400x255.jpg 400w\" sizes=\"auto, (max-width: 1356px) 100vw, 1356px\"><\/a><\/figure>\n\n\n\n<p class=\"wp-block-paragraph\">Holles Bruder Sven lebt seit Jahrzehnten in stil\u00adler Isolation im Elternhaus. Was in ihm vor\u00adgeht, bleibt f\u00fcr alle ein R\u00e4tsel. Holle hat den R\u00fcckzug ihres Bruders nie ganz hin\u00adge\u00adnom\u00admen, den\u00adnoch kon\u00adzen\u00adtriert sie sich auf ihre neue Berufung als Geistesheilerin. Doch als ihre Mutter ins Krankenhaus ein\u00adge\u00adlie\u00adfert wird, wird Holle zuneh\u00admend mit dem sich ver\u00adschlech\u00adtern\u00adden Zustand ihres Bruders kon\u00adfron\u00adtiert und m\u00f6ch\u00adte ihm hel\u00adfen. W\u00e4hrend sich ihre ande\u00adren Geschwister abwen\u00adden, sp\u00fcrt Holle ein noch viel gr\u00f6\u00ad\u00dfe\u00adres Problem auf sich zukommen.<\/p>\n\n\n\n<p class=\"wp-block-paragraph\">Deutschland&nbsp;| 2025&nbsp;| 96 Min.<br><em>Sprache [deutsch] <span class=\"caps\">UT<\/span> [eng\u00adlisch]<\/em><br>Deutschland-Premiere<\/p>\n\n\n\n<p class=\"wp-block-paragraph\"><em>Regie, Buch&nbsp;<\/em>Tim Ellrich&nbsp;<em>Schauspiel&nbsp;<\/em>Jenny Schily, Ursula Werner, Manfred Zapatka, Jens Brock, Johannes Zeiler, Kirsten Block, Peter Scheider&nbsp;<em>Kamera<\/em>&nbsp;Konstantin Pape<em>&nbsp;Schnitt&nbsp;<\/em>Tobias Wilhelmer<\/p>\n\n\n\n<hr class=\"wp-block-separator has-text-color has-blue-color has-alpha-channel-opacity has-blue-background-color has-background is-style-dots\">\n\n\n\n<p class=\"wp-block-paragraph\"><strong>Dienstag, 8.4.<\/strong><\/p>\n\n\n\n<p class=\"wp-block-paragraph\">18:30 <strong><a href=\"https:\/\/fsk-kino.peripherfilm.de\/events\/event\/achtung-berlin-nulpen\/\" title=\"Achtung Berlin: Nulpen\">Nulpen<\/a><\/strong>, Sorina Gajewski, 75 Min., (Wettbewerb Spielfilm)<br>[<a href=\"https:\/\/booking.cinetixx.de\/frontend\/#\/movie\/2278359999\/3200694079\">Tickets<\/a>]<\/p>\n\n\n\n<figure class=\"wp-block-image size-full\"><a href=\"https:\/\/fsk-kino.peripherfilm.de\/wp-content\/uploads\/2025\/03\/nulpen.jpg\" data-lbwps-width=\"1490\" data-lbwps-height=\"805.14939605849\" data-lbwps-srcsmall=\"https:\/\/fsk-kino.peripherfilm.de\/wp-content\/uploads\/2025\/03\/nulpen-400x216.jpg\"><img loading=\"lazy\" decoding=\"async\" width=\"1573\" height=\"850\" src=\"https:\/\/fsk-kino.peripherfilm.de\/wp-content\/uploads\/2025\/03\/nulpen.jpg\" alt class=\"wp-image-27536\" srcset=\"https:\/\/fsk-kino.peripherfilm.de\/wp-content\/uploads\/2025\/03\/nulpen.jpg 1573w, https:\/\/fsk-kino.peripherfilm.de\/wp-content\/uploads\/2025\/03\/nulpen-300x162.jpg 300w, https:\/\/fsk-kino.peripherfilm.de\/wp-content\/uploads\/2025\/03\/nulpen-600x324.jpg 600w, https:\/\/fsk-kino.peripherfilm.de\/wp-content\/uploads\/2025\/03\/nulpen-1536x830.jpg 1536w, https:\/\/fsk-kino.peripherfilm.de\/wp-content\/uploads\/2025\/03\/nulpen-624x337.jpg 624w, https:\/\/fsk-kino.peripherfilm.de\/wp-content\/uploads\/2025\/03\/nulpen-400x216.jpg 400w, https:\/\/fsk-kino.peripherfilm.de\/wp-content\/uploads\/2025\/03\/nulpen-768x415.jpg 768w, https:\/\/fsk-kino.peripherfilm.de\/wp-content\/uploads\/2025\/03\/nulpen-1024x553.jpg 1024w\" sizes=\"auto, (max-width: 1573px) 100vw, 1573px\"><\/a><\/figure>\n\n\n\n<p class=\"wp-block-paragraph\">Ramona und Nico sind Freundinnen, sie haben gera\u00adde die Schule abge\u00adschlos\u00adsen. Doch anstatt sich Gedanken um ihre Zukunft zu machen, las\u00adsen sie sich lie\u00adber vom auf\u00adge\u00adheiz\u00adten Berliner Sommer trei\u00adben. Sie h\u00e4n\u00adgen rum und schie\u00ad\u00dfen mit einer Zwille, ein Fenster geht zu Bruch. Als sie den gelieb\u00adten Vogel des Nachbarn unfrei\u00adwil\u00adlig frei\u00adlas\u00adsen, m\u00fcs\u00adsen sie raus \u2013 in eine poli\u00adtisch auf\u00adge\u00adla\u00adde\u00adne Welt, auf die sie eigent\u00adlich gar kei\u00adne Lust haben. Ein Roadtrip zu Fu\u00df durch Berlin beginnt \u2013 auf der ziel\u00adlo\u00adsen und halb\u00adher\u00adzi\u00adgen Suche nach dem ent\u00adflo\u00adge\u00adnen Federvieh und dem klei\u00adnen Bruder, rin\u00adgen die Beiden um ihre Freundschaft, den Glauben an sich selbst und stol\u00adpern uner\u00adwar\u00adtet in ande\u00adre hoff\u00adnung geben\u00adde Lebensgeschichten.<\/p>\n\n\n\n<p class=\"wp-block-paragraph\">Deutschland&nbsp;| 2024&nbsp;| 75 Min.<br><em>Sprache [deutsch] <span class=\"caps\">UT<\/span> [eng\u00adlisch]<\/em><br>Berlin-Premiere<\/p>\n\n\n\n<p class=\"wp-block-paragraph\"><em>Regie, Buch<\/em>&nbsp;Sorina Gajewski&nbsp;<em>Schauspiel&nbsp;<\/em>Bella Lochmann, Pola Geiger, Rio Kirchner&nbsp;<em>Kamera<\/em>&nbsp;Hannes Schulze&nbsp;<em>Schnitt<\/em>&nbsp;Raffaello Lupperger<\/p>\n\n\n\n<p class=\"wp-block-paragraph\"><\/p>\n\n\n\n<p class=\"wp-block-paragraph\">20:45<strong> <a href=\"https:\/\/fsk-kino.peripherfilm.de\/events\/event\/achtung-berlin-rote-sterne-ueberm-feld\/\" title=\"Achtung Berlin: Rote Sterne \u00fcberm&nbsp;Feld\">Rote Sterne \u00fcberm Feld<\/a><\/strong>, Laura Laabs, 133 Min., (Wettbewerb Spielfilm)<br>[<a href=\"https:\/\/booking.cinetixx.de\/frontend\/#\/movie\/2278359999\/3200694612\">Tickets<\/a>]<\/p>\n\n\n\n<figure class=\"wp-block-image size-full\"><a href=\"https:\/\/fsk-kino.peripherfilm.de\/wp-content\/uploads\/2025\/03\/ROTE_STERNEi.jpg\" data-lbwps-width=\"1000\" data-lbwps-height=\"696\" data-lbwps-srcsmall=\"https:\/\/fsk-kino.peripherfilm.de\/wp-content\/uploads\/2025\/03\/ROTE_STERNEi-400x278.jpg\"><img loading=\"lazy\" decoding=\"async\" width=\"1000\" height=\"696\" src=\"https:\/\/fsk-kino.peripherfilm.de\/wp-content\/uploads\/2025\/03\/ROTE_STERNEi.jpg\" alt class=\"wp-image-27537\" srcset=\"https:\/\/fsk-kino.peripherfilm.de\/wp-content\/uploads\/2025\/03\/ROTE_STERNEi.jpg 1000w, https:\/\/fsk-kino.peripherfilm.de\/wp-content\/uploads\/2025\/03\/ROTE_STERNEi-300x209.jpg 300w, https:\/\/fsk-kino.peripherfilm.de\/wp-content\/uploads\/2025\/03\/ROTE_STERNEi-600x418.jpg 600w, https:\/\/fsk-kino.peripherfilm.de\/wp-content\/uploads\/2025\/03\/ROTE_STERNEi-624x434.jpg 624w, https:\/\/fsk-kino.peripherfilm.de\/wp-content\/uploads\/2025\/03\/ROTE_STERNEi-400x278.jpg 400w, https:\/\/fsk-kino.peripherfilm.de\/wp-content\/uploads\/2025\/03\/ROTE_STERNEi-768x535.jpg 768w\" sizes=\"auto, (max-width: 1000px) 100vw, 1000px\"><\/a><\/figure>\n\n\n\n<p class=\"wp-block-paragraph\">Mitten in der ost\u00addeut\u00adschen Provinz wird ein wohl kon\u00adser\u00advier\u00adtes Skelett aus dem Moor gezo\u00adgen. Das Dorf f\u00e4ngt an zu spe\u00adku\u00adlie\u00adren: Wer k\u00f6nn\u00adte das gewe\u00adsen sein? Ein deser\u00adtier\u00adter Wehrmachtssoldat? Ein ver\u00adzwei\u00adfel\u00adter LPGler? Der omi\u00adn\u00f6\u00adse 3. Mann vom <span class=\"caps\">BND<\/span>? Wann ist der Mensch ver\u00adsun\u00adken \u2013 und war\u00adum? Die F\u00e4lle unge\u00adkl\u00e4r\u00adten Verschwindens der letz\u00adten 100 Jahre wer\u00adden auf\u00adge\u00adrollt und hei\u00adzen die Ger\u00fcchtek\u00fcche an. Tine, die wegen ihres Engagements in einer poli\u00adti\u00adschen Gruppe gera\u00adde eigent\u00adlich ganz ande\u00adre Sorgen hat, stellt eige\u00adne Nachforschungen an \u2013 bis alle F\u00e4den auf wun\u00adder\u00adsa\u00adme Weise beim Haus ihres Vaters zusammenlaufen.<\/p>\n\n\n\n<p class=\"wp-block-paragraph\">Deutschland&nbsp;| 2025&nbsp;| 133 Min.<br><em>Sprache [deutsch] <span class=\"caps\">UT<\/span> [eng\u00adlisch]<\/em><br>Berlin-Premiere<\/p>\n\n\n\n<p class=\"wp-block-paragraph\"><em>Regie, Buch<\/em>&nbsp;Laura Laabs&nbsp;<em>Schauspiel&nbsp;<\/em>Hannah Ehrlichmann, Hermann Beyer, Jule B\u00f6we, Andreas D\u00f6hler, Camill Jammal, Jenny Schily, Uwe Preuss, Rainer Reiners, Matthi Faust&nbsp;<em>Kamera<\/em>&nbsp;Carlos Vasquez&nbsp;<em>Schnitt&nbsp;<\/em>Emma Gr\u00e4f<\/p>\n\n\n\n<hr class=\"wp-block-separator has-text-color has-blue-color has-alpha-channel-opacity has-blue-background-color has-background is-style-dots\">\n\n\n\n<p class=\"wp-block-paragraph\"><strong>Mittwoch, 9.4<\/strong>.<\/p>\n\n\n\n<p class=\"wp-block-paragraph\">18:30 <strong><a href=\"https:\/\/fsk-kino.peripherfilm.de\/events\/event\/achtung-berlin-all-we-ever-wanted\/\" title=\"Achtung Berlin: All we ever wanted\">All We Ever Wanted<\/a><\/strong>, &nbsp;Fr\u00e9d\u00e9ric Jaeger, 80 Min., (Wettbewerb Spielfilm)<br>[<a href=\"https:\/\/booking.cinetixx.de\/frontend\/#\/movie\/2278359999\/3200694851\">Tickets<\/a>]<\/p>\n\n\n\n<figure class=\"wp-block-image size-large\"><a href=\"https:\/\/fsk-kino.peripherfilm.de\/wp-content\/uploads\/2025\/03\/allweeverwanted.jpg\" data-lbwps-width=\"1490\" data-lbwps-height=\"785.6699751861\" data-lbwps-srcsmall=\"https:\/\/fsk-kino.peripherfilm.de\/wp-content\/uploads\/2025\/03\/allweeverwanted-400x211.jpg\"><img loading=\"lazy\" decoding=\"async\" width=\"1024\" height=\"540\" src=\"https:\/\/fsk-kino.peripherfilm.de\/wp-content\/uploads\/2025\/03\/allweeverwanted-1024x540.jpg\" alt class=\"wp-image-27538\" srcset=\"https:\/\/fsk-kino.peripherfilm.de\/wp-content\/uploads\/2025\/03\/allweeverwanted-1024x540.jpg 1024w, https:\/\/fsk-kino.peripherfilm.de\/wp-content\/uploads\/2025\/03\/allweeverwanted-300x158.jpg 300w, https:\/\/fsk-kino.peripherfilm.de\/wp-content\/uploads\/2025\/03\/allweeverwanted-600x316.jpg 600w, https:\/\/fsk-kino.peripherfilm.de\/wp-content\/uploads\/2025\/03\/allweeverwanted-1536x810.jpg 1536w, https:\/\/fsk-kino.peripherfilm.de\/wp-content\/uploads\/2025\/03\/allweeverwanted-624x329.jpg 624w, https:\/\/fsk-kino.peripherfilm.de\/wp-content\/uploads\/2025\/03\/allweeverwanted-400x211.jpg 400w, https:\/\/fsk-kino.peripherfilm.de\/wp-content\/uploads\/2025\/03\/allweeverwanted-768x405.jpg 768w, https:\/\/fsk-kino.peripherfilm.de\/wp-content\/uploads\/2025\/03\/allweeverwanted.jpg 1612w\" sizes=\"auto, (max-width: 1024px) 100vw, 1024px\"><\/a><\/figure>\n\n\n\n<p class=\"wp-block-paragraph\">Aus dem sor\u00adgen\u00adfrei\u00aden Lifestyle-Urlaub, den D\u00e9sir\u00e9e mit ihrem Lover Elias und ihrem bes\u00adten Freund Sal geplant hat\u00adte, wird ein Selbstfindungstrip in der W\u00fcste. D\u00e9sir\u00e9es Mutter dreht ihr den Geldhahn zu und l\u00e4sst sie aus dem Ferienhaus mit Pool wer\u00adfen. In der kar\u00adgen Landschaft Fuerteventuras bewe\u00adgen sich die drei Freunde wie auf einem lee\u00adren Feld der Sinnsuche. Sie begeh\u00adren ein\u00adan\u00adder, for\u00addern sich her\u00adaus, schl\u00fcp\u00adfen in neue Rollen. Es ent\u00adspinnt sich ein Spiel, \u00fcber dem das alles bestim\u00admen\u00adde Dreieck aus Class, Race und Gender schwebt.<\/p>\n\n\n\n<p class=\"wp-block-paragraph\">Deutschland&nbsp;| 2024&nbsp;| 80 Min.<br><em>Sprache [deutsch] <span class=\"caps\">UT<\/span> [eng\u00adlisch]<\/em><br>Berlin-Premiere<\/p>\n\n\n\n<p class=\"wp-block-paragraph\"><em>Regie<\/em>&nbsp;Fr\u00e9d\u00e9ric Jaeger&nbsp;<em>Buch<\/em>&nbsp;Fr\u00e9d\u00e9ric Jaeger, Naomi Bechert&nbsp;<em>Schauspiel&nbsp;<\/em>Charity Collin, Mehmet S\u00f6zer, Michael Ifeandu, Tommaso Marinaro&nbsp;<em>Kamera&nbsp;<\/em>Maximilian Andereya&nbsp;<em>Schnitt<\/em>&nbsp;Maja Tennstedt<\/p>\n\n\n\n<p class=\"wp-block-paragraph\">20:45 <strong><a href=\"https:\/\/fsk-kino.peripherfilm.de\/events\/event\/achtung-berlin-ungeduld-des-herzens\/\" title=\"Achtung Berlin: Ungeduld des Herzens\">Ungeduld des Herzens<\/a><\/strong> Lauro Cress, 104 Min., (Wettbewerb Spielfilm)<br>[<a href=\"https:\/\/booking.cinetixx.de\/frontend\/#\/movie\/2278359999\/3200695598\">Tickets<\/a>]<\/p>\n\n\n\n<figure class=\"wp-block-image size-full\"><a href=\"https:\/\/fsk-kino.peripherfilm.de\/wp-content\/uploads\/2025\/03\/Ungeduld-des-Herzens.jpg\" data-lbwps-width=\"1490\" data-lbwps-height=\"838.18663136995\" data-lbwps-srcsmall=\"https:\/\/fsk-kino.peripherfilm.de\/wp-content\/uploads\/2025\/03\/Ungeduld-des-Herzens-400x225.jpg\"><img loading=\"lazy\" decoding=\"async\" width=\"1511\" height=\"850\" src=\"https:\/\/fsk-kino.peripherfilm.de\/wp-content\/uploads\/2025\/03\/Ungeduld-des-Herzens.jpg\" alt class=\"wp-image-27540\" srcset=\"https:\/\/fsk-kino.peripherfilm.de\/wp-content\/uploads\/2025\/03\/Ungeduld-des-Herzens.jpg 1511w, https:\/\/fsk-kino.peripherfilm.de\/wp-content\/uploads\/2025\/03\/Ungeduld-des-Herzens-300x169.jpg 300w, https:\/\/fsk-kino.peripherfilm.de\/wp-content\/uploads\/2025\/03\/Ungeduld-des-Herzens-600x338.jpg 600w, https:\/\/fsk-kino.peripherfilm.de\/wp-content\/uploads\/2025\/03\/Ungeduld-des-Herzens-624x351.jpg 624w, https:\/\/fsk-kino.peripherfilm.de\/wp-content\/uploads\/2025\/03\/Ungeduld-des-Herzens-400x225.jpg 400w, https:\/\/fsk-kino.peripherfilm.de\/wp-content\/uploads\/2025\/03\/Ungeduld-des-Herzens-768x432.jpg 768w, https:\/\/fsk-kino.peripherfilm.de\/wp-content\/uploads\/2025\/03\/Ungeduld-des-Herzens-1024x576.jpg 1024w\" sizes=\"auto, (max-width: 1511px) 100vw, 1511px\"><\/a><\/figure>\n\n\n\n<p class=\"wp-block-paragraph\">Issac, Bundeswehrsoldat, genie\u00dft den Ausgang auf der Bowlingbahn. Ein betrun\u00adke\u00adner Versuch, bei Ilona zu lan\u00adden, endet in einer fol\u00adgen\u00adrei\u00adchen Episode: Als er ihre Schwester Edith zum Bowlen auf\u00adfor\u00addert, sackt die\u00adse zu Boden und er stellt fest, dass Edith gel\u00e4hmt ist. Es folgt ein Handgemenge mit ande\u00adren G\u00e4sten. Besch\u00e4mt beschlie\u00dft Isaac, am n\u00e4chs\u00adten Tag das Bild, das die bei\u00adden Schwestern von ihm gewon\u00adnen haben, zu kor\u00adri\u00adgie\u00adren. Zwischen ihm und Edith ent\u00adwi\u00adckelt sich eine uner\u00adwar\u00adte\u00adte Freundschaft. Als Edith sich in ihn ver\u00adliebt und Issac, im Glauben, sie hei\u00adlen zu k\u00f6n\u00adnen, immer ver\u00adzwei\u00adfel\u00adter nach Sinn und Anerkennung sucht, nimmt das Ungl\u00fcck sei\u00adnen&nbsp;Lauf.<\/p>\n\n\n\n<p class=\"wp-block-paragraph\">Deutschland&nbsp;| 2025&nbsp;| 104 Min.<br><em>Sprache [deutsch] <span class=\"caps\">UT<\/span> [eng\u00adlisch]<\/em><br>Berlin-Premiere<\/p>\n\n\n\n<p class=\"wp-block-paragraph\"><em>Regie&nbsp;<\/em>Lauro Cress&nbsp;<em>Buch<\/em>&nbsp;Lauro Cress, Florian Plumeyer&nbsp;<em>Schauspiel<\/em>&nbsp;Giulio Brizzi, Ladina von Frisching, Thomas Loibl, Livia Matthes, Jan Fassbender, Sira Faal, Ludwig Blochberger&nbsp;<em>Kamer<\/em>a&nbsp;Jan David Gunther&nbsp;<em>Schnitt<\/em>&nbsp;Ilya Gavrilenkov&nbsp;<\/p>\n\n\n\n<hr class=\"wp-block-separator has-text-color has-blue-color has-alpha-channel-opacity has-blue-background-color has-background is-style-dots\">\n\n\n\n<p class=\"wp-block-paragraph\"><\/p>\n\n\n\n<p class=\"wp-block-paragraph\"><\/p>","protected":false},"excerpt":{"rendered":"<p>Sorry, this ent\u00adry is only available in Deutsch. Das Filmfestival Achtung Berlin!, bei dem wir mitt\u00adler\u00adwei\u00adle zum sieb\u00adten Mal Spielort sind, pr\u00e4\u00adsen\u00adtiert zwar Produktionen aus Berlin und Brandenburg, ist aber nicht an den Ort gebun\u00adden. Nach allen Filmvorstellungen folgt ein Q<span class=\"amp\">&amp;<\/span>A mit dem Filmteam.Das Programm im&nbsp;fsk: Sonntag, 6.4. 13:30 B\u00fcrglkopf, Lisa Polster, Dokfilm, 78&nbsp;Min.&nbsp;[\u2026]<\/p>\n","protected":false},"author":2,"featured_media":27542,"comment_status":"closed","ping_status":"closed","sticky":false,"template":"","format":"standard","meta":{"_crdt_document":"","wp_typography_post_enhancements_disabled":false,"slim_seo":{"title":"[:de]Achtung Berlin 2025[:] - fsk Kino","description":"[:de] Das Filmfestival Achtung Berlin! , bei dem wir mittlerweile zum siebten Mal Spielort sind, pr\u00e4sentiert zwar Produktionen aus Berlin und Brandenburg, ist a"},"footnotes":""},"categories":[25],"tags":[],"class_list":["post-27527","post","type-post","status-publish","format-standard","has-post-thumbnail","hentry","category-archiv"],"_links":{"self":[{"href":"https:\/\/fsk-kino.peripherfilm.de\/en\/wp-json\/wp\/v2\/posts\/27527","targetHints":{"allow":["GET"]}}],"collection":[{"href":"https:\/\/fsk-kino.peripherfilm.de\/en\/wp-json\/wp\/v2\/posts"}],"about":[{"href":"https:\/\/fsk-kino.peripherfilm.de\/en\/wp-json\/wp\/v2\/types\/post"}],"author":[{"embeddable":true,"href":"https:\/\/fsk-kino.peripherfilm.de\/en\/wp-json\/wp\/v2\/users\/2"}],"replies":[{"embeddable":true,"href":"https:\/\/fsk-kino.peripherfilm.de\/en\/wp-json\/wp\/v2\/comments?post=27527"}],"version-history":[{"count":0,"href":"https:\/\/fsk-kino.peripherfilm.de\/en\/wp-json\/wp\/v2\/posts\/27527\/revisions"}],"wp:featuredmedia":[{"embeddable":true,"href":"https:\/\/fsk-kino.peripherfilm.de\/en\/wp-json\/wp\/v2\/media\/27542"}],"wp:attachment":[{"href":"https:\/\/fsk-kino.peripherfilm.de\/en\/wp-json\/wp\/v2\/media?parent=27527"}],"wp:term":[{"taxonomy":"category","embeddable":true,"href":"https:\/\/fsk-kino.peripherfilm.de\/en\/wp-json\/wp\/v2\/categories?post=27527"},{"taxonomy":"post_tag","embeddable":true,"href":"https:\/\/fsk-kino.peripherfilm.de\/en\/wp-json\/wp\/v2\/tags?post=27527"}],"curies":[{"name":"wp","href":"https:\/\/api.w.org\/{rel}","templated":true}]}}