{"id":27329,"date":"2025-02-27T13:13:13","date_gmt":"2025-02-27T12:13:13","guid":{"rendered":"https:\/\/fsk-kino.peripherfilm.de\/?p=27329"},"modified":"2025-04-14T00:35:48","modified_gmt":"2025-04-13T22:35:48","slug":"simon-de-la-montana","status":"publish","type":"post","link":"https:\/\/fsk-kino.peripherfilm.de\/en\/simon-de-la-montana\/","title":{"rendered":"Sim\u00f3n de la monta\u00f1a"},"content":{"rendered":"<p class=\"wp-block-paragraph\">A film by Federico Luis. Im Spanish with German subtitles.<\/p>\n\n\n\n<p class=\"has-text-align-right wp-block-paragraph\">[<a href=\"#credits\">Credits<\/a>] [<a href=\"https:\/\/booking.cinetixx.de\/frontend\/#\/movie\/2278359999\/3103709742\" title>Tickets <span class=\"amp\">&amp;<\/span> Termine<\/a>] [<a href=\"#trailer\">Trailer<\/a>]<\/p>\n\n\n\n<p class=\"has-drop-cap wp-block-paragraph\">The film is far from a straight\u00adfor\u00adward por\u00adtra\u00ady\u00adal of its sub\u00adject. It doesn\u2019t just focus on good and noble fee\u00adlings, nor does it fall into the sort of sim\u00adpli\u00adstic bina\u00adries that set the \u201cpuri\u00adty\u201d of peo\u00adp\u00adle with disa\u00adbi\u00adli\u00adties against the cyni\u00adcism of socie\u00adty. Sim\u00f3n is deceitful, more than hap\u00adpy to lie and una\u00adfraid to get his fri\u00adends into trou\u00adble, yet they never judge or punish him nor label him as pro\u00adble\u00adma\u00adtic. At home, whe\u00adre his mother\u2019s good\u00adwill has been exhaus\u00adted, a sen\u00adse of apa\u00adthy has set in that threa\u00adtens to usurp the obvious love she feels for him. Luis\u2019 film smart\u00adly refrains from jud\u00adging her, as she seems unable to find a solu\u00adti\u00adon to her son\u2019s unex\u00adplai\u00adned anti\u00adcs; she only wat\u00adches in sur\u00adpri\u00adse as Sim\u00f3n speaks less and less, imi\u00adta\u00adtes phy\u00adsi\u00adcal tics and retre\u00adats into his own per\u00adso\u00adnal ver\u00adsi\u00adon of disa\u00adbi\u00adli\u00adty. Engrossing, and nar\u00adra\u00adted with gre\u00adat intel\u00adli\u00adgence and subt\u00adle\u00adty, the film lay\u00aders nuan\u00adce upon nuan\u00adce in its sui\u00adta\u00adb\u00adly ambi\u00adva\u00adlent por\u00adtrait of the titu\u00adlar cha\u00adrac\u00adter. With ano\u00adther enig\u00adma\u00adtic, yet empa\u00adthe\u00adtic per\u00adfor\u00admance by up-and-coming actor Lorenzo Ferro, <span class=\"caps\">SIM\u00d3N<\/span> <span class=\"caps\">DE<\/span> <span class=\"caps\">LA<\/span> <span class=\"caps\">MONTA\u00d1A<\/span> is a remar\u00adkab\u00adle debut fea\u00adture that dares to explo\u00adre the mur\u00adky waters of human beha\u00adviour. (Diego Lerer)<\/p>\n\n\n\n<figure class=\"wp-block-gallery has-nested-images columns-default is-cropped wp-block-gallery-2 is-layout-flex wp-block-gallery-is-layout-flex\">\n<figure class=\"wp-block-image size-large\"><a href=\"https:\/\/fsk-kino.peripherfilm.de\/wp-content\/uploads\/2025\/02\/simondelamontana5.jpg\" data-lbwps-width=\"1416.6666666667\" data-lbwps-height=\"850\" data-lbwps-srcsmall=\"https:\/\/fsk-kino.peripherfilm.de\/wp-content\/uploads\/2025\/02\/simondelamontana5-400x240.jpg\"><img loading=\"lazy\" decoding=\"async\" width=\"1024\" height=\"614\" data-id=\"27334\" src=\"https:\/\/fsk-kino.peripherfilm.de\/wp-content\/uploads\/2025\/02\/simondelamontana5-1024x614.jpg\" alt=\"Sim\u00f3n de la monta\u00f1a\" class=\"wp-image-27334\" srcset=\"https:\/\/fsk-kino.peripherfilm.de\/wp-content\/uploads\/2025\/02\/simondelamontana5-1024x614.jpg 1024w, https:\/\/fsk-kino.peripherfilm.de\/wp-content\/uploads\/2025\/02\/simondelamontana5-300x180.jpg 300w, https:\/\/fsk-kino.peripherfilm.de\/wp-content\/uploads\/2025\/02\/simondelamontana5-600x360.jpg 600w, https:\/\/fsk-kino.peripherfilm.de\/wp-content\/uploads\/2025\/02\/simondelamontana5-624x374.jpg 624w, https:\/\/fsk-kino.peripherfilm.de\/wp-content\/uploads\/2025\/02\/simondelamontana5-400x240.jpg 400w, https:\/\/fsk-kino.peripherfilm.de\/wp-content\/uploads\/2025\/02\/simondelamontana5-768x461.jpg 768w, https:\/\/fsk-kino.peripherfilm.de\/wp-content\/uploads\/2025\/02\/simondelamontana5.jpg 1490w\" sizes=\"auto, (max-width: 1024px) 100vw, 1024px\"><\/a><\/figure>\n\n\n\n<figure class=\"wp-block-image size-large\"><a href=\"https:\/\/fsk-kino.peripherfilm.de\/wp-content\/uploads\/2025\/02\/simondelamontana4.jpg\" data-lbwps-width=\"1416.6666666667\" data-lbwps-height=\"850\" data-lbwps-srcsmall=\"https:\/\/fsk-kino.peripherfilm.de\/wp-content\/uploads\/2025\/02\/simondelamontana4-400x240.jpg\"><img loading=\"lazy\" decoding=\"async\" width=\"1490\" height=\"894\" data-id=\"27330\" src=\"https:\/\/fsk-kino.peripherfilm.de\/wp-content\/uploads\/2025\/02\/simondelamontana4.jpg\" alt=\"Sim\u00f3n de la monta\u00f1a\" class=\"wp-image-27330\" srcset=\"https:\/\/fsk-kino.peripherfilm.de\/wp-content\/uploads\/2025\/02\/simondelamontana4.jpg 1490w, https:\/\/fsk-kino.peripherfilm.de\/wp-content\/uploads\/2025\/02\/simondelamontana4-300x180.jpg 300w, https:\/\/fsk-kino.peripherfilm.de\/wp-content\/uploads\/2025\/02\/simondelamontana4-600x360.jpg 600w, https:\/\/fsk-kino.peripherfilm.de\/wp-content\/uploads\/2025\/02\/simondelamontana4-624x374.jpg 624w, https:\/\/fsk-kino.peripherfilm.de\/wp-content\/uploads\/2025\/02\/simondelamontana4-400x240.jpg 400w, https:\/\/fsk-kino.peripherfilm.de\/wp-content\/uploads\/2025\/02\/simondelamontana4-768x461.jpg 768w\" sizes=\"auto, (max-width: 1490px) 100vw, 1490px\"><\/a><\/figure>\n\n\n\n<figure class=\"wp-block-image size-large\"><a href=\"https:\/\/fsk-kino.peripherfilm.de\/wp-content\/uploads\/2025\/02\/simondelamontana2.jpg\" data-lbwps-width=\"1416.6666666667\" data-lbwps-height=\"850\" data-lbwps-srcsmall=\"https:\/\/fsk-kino.peripherfilm.de\/wp-content\/uploads\/2025\/02\/simondelamontana2-400x240.jpg\"><img loading=\"lazy\" decoding=\"async\" width=\"1490\" height=\"894\" data-id=\"27331\" src=\"https:\/\/fsk-kino.peripherfilm.de\/wp-content\/uploads\/2025\/02\/simondelamontana2.jpg\" alt=\"Sim\u00f3n de la monta\u00f1a\" class=\"wp-image-27331\" srcset=\"https:\/\/fsk-kino.peripherfilm.de\/wp-content\/uploads\/2025\/02\/simondelamontana2.jpg 1490w, https:\/\/fsk-kino.peripherfilm.de\/wp-content\/uploads\/2025\/02\/simondelamontana2-300x180.jpg 300w, https:\/\/fsk-kino.peripherfilm.de\/wp-content\/uploads\/2025\/02\/simondelamontana2-600x360.jpg 600w, https:\/\/fsk-kino.peripherfilm.de\/wp-content\/uploads\/2025\/02\/simondelamontana2-624x374.jpg 624w, https:\/\/fsk-kino.peripherfilm.de\/wp-content\/uploads\/2025\/02\/simondelamontana2-400x240.jpg 400w, https:\/\/fsk-kino.peripherfilm.de\/wp-content\/uploads\/2025\/02\/simondelamontana2-768x461.jpg 768w\" sizes=\"auto, (max-width: 1490px) 100vw, 1490px\"><\/a><\/figure>\n\n\n\n<figure class=\"wp-block-image size-large\"><a href=\"https:\/\/fsk-kino.peripherfilm.de\/wp-content\/uploads\/2025\/02\/simondelamontana3.jpg\" data-lbwps-width=\"1416.6666666667\" data-lbwps-height=\"850\" data-lbwps-srcsmall=\"https:\/\/fsk-kino.peripherfilm.de\/wp-content\/uploads\/2025\/02\/simondelamontana3-400x240.jpg\"><img loading=\"lazy\" decoding=\"async\" width=\"1024\" height=\"614\" data-id=\"27332\" src=\"https:\/\/fsk-kino.peripherfilm.de\/wp-content\/uploads\/2025\/02\/simondelamontana3-1024x614.jpg\" alt class=\"wp-image-27332\" srcset=\"https:\/\/fsk-kino.peripherfilm.de\/wp-content\/uploads\/2025\/02\/simondelamontana3-1024x614.jpg 1024w, https:\/\/fsk-kino.peripherfilm.de\/wp-content\/uploads\/2025\/02\/simondelamontana3-300x180.jpg 300w, https:\/\/fsk-kino.peripherfilm.de\/wp-content\/uploads\/2025\/02\/simondelamontana3-600x360.jpg 600w, https:\/\/fsk-kino.peripherfilm.de\/wp-content\/uploads\/2025\/02\/simondelamontana3-624x374.jpg 624w, https:\/\/fsk-kino.peripherfilm.de\/wp-content\/uploads\/2025\/02\/simondelamontana3-400x240.jpg 400w, https:\/\/fsk-kino.peripherfilm.de\/wp-content\/uploads\/2025\/02\/simondelamontana3-768x461.jpg 768w, https:\/\/fsk-kino.peripherfilm.de\/wp-content\/uploads\/2025\/02\/simondelamontana3.jpg 1490w\" sizes=\"auto, (max-width: 1024px) 100vw, 1024px\"><\/a><\/figure>\n<\/figure>\n\n\n\n<pre class=\"wp-block-code\"><code><a name=\"credits\"><\/a><strong>Credits<\/strong>:<\/code><\/pre>\n\n\n\n<p class=\"wp-block-paragraph\"><em>Argentinien, Uruguay, Chile 2024, 97 Min., span. OmU<br>Regie: Federico Luis<\/em><br><em>Kamera: Marcos Hastrup<\/em><br><em>Schnitt:  Tom\u00e1s Murphy, Andr\u00e9s Medina      <\/em><br>mit: Lorenzo Ferro, Pehu\u00e9n Pedre, Kiara Supini, Laura Nevole, Agust\u00edn Toscano, Camila Hirane<\/p>\n\n\n\n<pre class=\"wp-block-code\"><code><a name=\"trailer\"><\/a><strong>Trailer<\/strong>:<\/code><\/pre>\n\n\n<figure class=\"wp-block-embed-youtube wp-block-embed is-type-video is-provider-youtube wp-embed-aspect-4-3 wp-has-aspect-ratio\"><div class=\"lyte-wrapper\" title=\"Sim\u00f3n de la Montana ab 27.03.25 im Kino\" style=\"width:640px;max-width:100%;margin:5px;\"><div class=\"lyMe\" id=\"WYL_4aYv9dNFB7w\" itemprop=\"video\" itemscope itemtype=\"https:\/\/schema.org\/VideoObject\"><div><meta itemprop=\"thumbnailUrl\" content=\"https:\/\/fsk-kino.peripherfilm.de\/wp-content\/plugins\/wp-youtube-lyte\/lyteCache.php?origThumbUrl=https%3A%2F%2Fi.ytimg.com%2Fvi%2F4aYv9dNFB7w%2Fhqdefault.jpg\"><meta itemprop=\"embedURL\" content=\"https:\/\/www.youtube.com\/embed\/4aYv9dNFB7w\"><meta itemprop=\"duration\" content=\"PT1M44S\"><meta itemprop=\"uploadDate\" content=\"2025-01-16T11:59:22Z\"><\/div><div id=\"lyte_4aYv9dNFB7w\" data-src=\"https:\/\/fsk-kino.peripherfilm.de\/wp-content\/plugins\/wp-youtube-lyte\/lyteCache.php?origThumbUrl=https%3A%2F%2Fi.ytimg.com%2Fvi%2F4aYv9dNFB7w%2Fhqdefault.jpg\" class=\"pL\"><div class=\"tC\"><div class=\"tT\" itemprop=\"name\">Sim\u00f3n de la Montana ab 27.03.25 im&nbsp;Kino<\/div><\/div><div class=\"play\"><\/div><div class=\"ctrl\"><div class=\"Lctrl\"><\/div><div class=\"Rctrl\"><\/div><\/div><\/div><noscript><a href=\"https:\/\/youtu.be\/4aYv9dNFB7w\" rel=\"nofollow\"><img loading=\"lazy\" decoding=\"async\" src=\"https:\/\/fsk-kino.peripherfilm.de\/wp-content\/plugins\/wp-youtube-lyte\/lyteCache.php?origThumbUrl=https%3A%2F%2Fi.ytimg.com%2Fvi%2F4aYv9dNFB7w%2F0.jpg\" alt=\"Sim\u00f3n de la Montana ab 27.03.25 im Kino\" width=\"640\" height=\"340\"><br>Watch this video on YouTube<\/a><\/noscript><meta itemprop=\"description\" content=\"SIM\u00d3N DE LA MONTANA ab 27.03.25 im Kino in der spansichen Originalfassung mit deutschen Untertiteln: Beeindruckend gespieltes und oft \u00fcberraschendes Drama, gerade ausgezeichnet mit dem Preis der Kritikerwoche in Cannes und dem Cine Vision Preis auf dem Filmfest M\u00fcnchen Sim\u00f3ns Verh\u00e4ltnis zu seiner Mutter ist schon l\u00e4nger schwierig. Wirklich zu Hause f\u00fchlt er sich nur bei Pehu\u00e9n und den anderen an der Schule f\u00fcr Menschen mit k\u00f6rperlichen und geistigen Behinderungen. Dort hat er das Gef\u00fchl, er selbst sein zu d\u00fcrfen, auch wenn er anders ist als alle anderen\"><\/div><\/div><div class=\"lL\" style=\"max-width:100%;width:640px;margin:5px;\"><\/div><figcaption><\/figcaption><\/figure>\n\n\n<pre class=\"wp-block-code\"><code><a href=\"#oben\" data-type=\"internal\" data-id=\"#oben\">nach oben<\/a><\/code><\/pre>","protected":false},"excerpt":{"rendered":"<p>A film by Federico Luis. Im Spanish with German sub\u00adtit\u00adles. [Credits] [Tickets <span class=\"amp\">&amp;<\/span> Termine] [Trailer] The film is far from a straight\u00adfor\u00adward por\u00adtra\u00ady\u00adal of its sub\u00adject. It doesn\u2019t just focus on good and noble fee\u00adlings, nor does it fall into the sort of sim\u00adpli\u00adstic bina\u00adries that set the \u201cpuri\u00adty\u201d of peo\u00adp\u00adle with disa\u00adbi\u00adli\u00adties against the&nbsp;[\u2026]<\/p>\n","protected":false},"author":2,"featured_media":27333,"comment_status":"closed","ping_status":"closed","sticky":false,"template":"","format":"standard","meta":{"_crdt_document":"","wp_typography_post_enhancements_disabled":false,"slim_seo":{"title":"[:de]Sim\u00f3n de la monta\u00f1a[:] - fsk Kino","description":"[:de] Ein Film von Federico Luis. [ Credits ] [ Tickets &amp; Termine ] [ Trailer ] Sim\u00f3ns Verh\u00e4ltnis zu seiner Mutter ist schon l\u00e4nger schwierig. Wirklich zu H"},"footnotes":""},"categories":[25],"tags":[],"class_list":["post-27329","post","type-post","status-publish","format-standard","has-post-thumbnail","hentry","category-archiv"],"_links":{"self":[{"href":"https:\/\/fsk-kino.peripherfilm.de\/en\/wp-json\/wp\/v2\/posts\/27329","targetHints":{"allow":["GET"]}}],"collection":[{"href":"https:\/\/fsk-kino.peripherfilm.de\/en\/wp-json\/wp\/v2\/posts"}],"about":[{"href":"https:\/\/fsk-kino.peripherfilm.de\/en\/wp-json\/wp\/v2\/types\/post"}],"author":[{"embeddable":true,"href":"https:\/\/fsk-kino.peripherfilm.de\/en\/wp-json\/wp\/v2\/users\/2"}],"replies":[{"embeddable":true,"href":"https:\/\/fsk-kino.peripherfilm.de\/en\/wp-json\/wp\/v2\/comments?post=27329"}],"version-history":[{"count":0,"href":"https:\/\/fsk-kino.peripherfilm.de\/en\/wp-json\/wp\/v2\/posts\/27329\/revisions"}],"wp:featuredmedia":[{"embeddable":true,"href":"https:\/\/fsk-kino.peripherfilm.de\/en\/wp-json\/wp\/v2\/media\/27333"}],"wp:attachment":[{"href":"https:\/\/fsk-kino.peripherfilm.de\/en\/wp-json\/wp\/v2\/media?parent=27329"}],"wp:term":[{"taxonomy":"category","embeddable":true,"href":"https:\/\/fsk-kino.peripherfilm.de\/en\/wp-json\/wp\/v2\/categories?post=27329"},{"taxonomy":"post_tag","embeddable":true,"href":"https:\/\/fsk-kino.peripherfilm.de\/en\/wp-json\/wp\/v2\/tags?post=27329"}],"curies":[{"name":"wp","href":"https:\/\/api.w.org\/{rel}","templated":true}]}}