{"id":27135,"date":"2025-01-31T12:30:04","date_gmt":"2025-01-31T11:30:04","guid":{"rendered":"https:\/\/fsk-kino.peripherfilm.de\/?post_type=event&#038;p=27135"},"modified":"2026-03-29T14:51:29","modified_gmt":"2026-03-29T12:51:29","slug":"filmpolska-reloaded-imago","status":"publish","type":"post","link":"https:\/\/fsk-kino.peripherfilm.de\/en\/filmpolska-reloaded-imago\/","title":{"rendered":"filmPOLSKA reloaded: Imago"},"content":{"rendered":"<p class=\"wp-block-paragraph\"><\/p>\n\n\n\n<p class=\"wp-block-paragraph\">Gda\u0144sk in den Achtzigerjahren \u2013 graue Industriemetropole und Fenster zur Welt, Hort katho\u00adli\u00adscher Familientraditionen und Hotspot einer alter\u00adna\u00adti\u00adven Jugendkultur, die der New Wave aus Manchester viel n\u00e4her steht als dem sozia\u00adlis\u00adti\u00adschen Mainstream aus Warschau. In die\u00adser explo\u00adsi\u00adven Mischung schl\u00e4gt sich Ela durch ihr jun\u00adges Erwachsenenleben. Doch irgend\u00adwie scheint ihr frei\u00ader Geist nicht kom\u00adpa\u00adti\u00adbel mit dem tra\u00addi\u00adtio\u00adnel\u00adlen Erwartungen ihrer Familie zu sein.<br>Elas Fluchtwege sind die Musik, die Kunst, die Drogen, der Sex. Wie im Rausch treibt sie aktiv und pas\u00adsiv durch die Subkultur der Dreistadt, schein\u00adbar los\u00adge\u00adl\u00f6st von Raum und Zeit \u2013 die doch ihre Grenzen haben, denn der kom\u00admu\u00adnis\u00adti\u00adsche Staat hat Erwartungen in sei\u00adne Staatsb\u00fcrgerinnen, vor allem in ihre Rolle als berufs\u00adt\u00e4\u00adti\u00adge M\u00fctter und Ehefrauen. Die passt nicht zu einer Frau, die Kette raucht, als S\u00e4ngerin einer Indie-Band n\u00e4ch\u00adte\u00adlang durch die Clubs tin\u00adgelt, an Performances mit\u00adwirkt und deren Leben selbst eine Performance ist.<br>In ihrem Zweitwerk taucht Olga Chajdas mit dezi\u00addiert weib\u00adli\u00adchem Fokus tief in das Lebensgef\u00fchl der Achtzigerjahre ein, das sie kon\u00adge\u00adni\u00adal zitiert \u2013 u. a. durch den Retro-Soundtrack von Andrzej Smolik und die k\u00f6r\u00adnig-ana\u00adlo\u00adgen Bildern von Tomasz Naumiok. Hauptdarstellerin und Co-Autorin Lena G\u00f3ra schl\u00fcpft mit Bravour in ihre bis\u00adher ver\u00admut\u00adlich schwie\u00adrigs\u00adte Rolle \u2013 die ihrer Mutter, die als S\u00e4ngerin die nord\u00adpol\u00adni\u00adsche Kulturszene der Achtzigerjahre pr\u00e4g\u00adte und mit der sie sich durch die\u00adsen Rollentausch aus\u00ads\u00f6hnt.<br>\u201eImago\u201c lief im September 2024 im Wettbewerb des 19. pol\u00adni\u00adschen Filmfestivals filmPOLSKA in Berlin und Potsdam.<\/p>\n\n\n\n<p class=\"wp-block-paragraph\">B: Lena G\u00f3ra <span class=\"amp\">&amp;<\/span> Olga Chajdas<br>K: Tomasz Naumiuk<br>S: Pavel Hrdli\u010dka<br>M: Andrzej Smolik<br>D: Lena G\u00f3ra, Bogus\u0142awa Schubert, Mateusz Wi\u0119c\u0142awek, Wac\u0142aw Warcho\u0142, Micha\u0142 Balicki, Wojciech Brzezi\u0144ski u. a.<br>Veranstalter: <a href=\"https:\/\/instytutpolski.pl\/berlin\/\">Polnisches Institut Berlin<\/a> in Kooperation mit dem fsk&nbsp;Kino<\/p>\n\n\n\n<p class=\"wp-block-paragraph\"><\/p>","protected":false},"excerpt":{"rendered":"<p>Gda\u0144sk in den Achtzigerjahren \u2013 graue Industriemetropole und Fenster zur Welt, Hort katho\u00adli\u00adscher Familientraditionen und Hotspot einer alter\u00adna\u00adti\u00adven Jugendkultur, die der New Wave aus Manchester viel n\u00e4her steht als dem sozia\u00adlis\u00adti\u00adschen Mainstream aus Warschau. In die\u00adser explo\u00adsi\u00adven Mischung schl\u00e4gt sich Ela durch ihr jun\u00adges Erwachsenenleben. Doch irgend\u00adwie scheint ihr frei\u00ader Geist nicht kom\u00adpa\u00adti\u00adbel mit&nbsp;dem&nbsp;[\u2026]<\/p>\n","protected":false},"author":2,"featured_media":27136,"comment_status":"closed","ping_status":"closed","sticky":false,"template":"","format":"standard","meta":{"_crdt_document":"","wp_typography_post_enhancements_disabled":false,"slim_seo":{"title":"[:de]filmPOLSKA reloaded: Imago[:] - fsk Kino","description":"[:de] Am 26.2. um 18:00 im fsk. [ Tickets ] Gda\u0144sk in den Achtzigerjahren \u2013 graue Industriemetropole und Fenster zur Welt, Hort katholischer Familientraditionen"},"footnotes":""},"categories":[25],"tags":[],"class_list":["post-27135","post","type-post","status-publish","format-standard","has-post-thumbnail","hentry","category-archiv"],"_links":{"self":[{"href":"https:\/\/fsk-kino.peripherfilm.de\/en\/wp-json\/wp\/v2\/posts\/27135","targetHints":{"allow":["GET"]}}],"collection":[{"href":"https:\/\/fsk-kino.peripherfilm.de\/en\/wp-json\/wp\/v2\/posts"}],"about":[{"href":"https:\/\/fsk-kino.peripherfilm.de\/en\/wp-json\/wp\/v2\/types\/post"}],"author":[{"embeddable":true,"href":"https:\/\/fsk-kino.peripherfilm.de\/en\/wp-json\/wp\/v2\/users\/2"}],"replies":[{"embeddable":true,"href":"https:\/\/fsk-kino.peripherfilm.de\/en\/wp-json\/wp\/v2\/comments?post=27135"}],"version-history":[{"count":1,"href":"https:\/\/fsk-kino.peripherfilm.de\/en\/wp-json\/wp\/v2\/posts\/27135\/revisions"}],"predecessor-version":[{"id":31872,"href":"https:\/\/fsk-kino.peripherfilm.de\/en\/wp-json\/wp\/v2\/posts\/27135\/revisions\/31872"}],"wp:featuredmedia":[{"embeddable":true,"href":"https:\/\/fsk-kino.peripherfilm.de\/en\/wp-json\/wp\/v2\/media\/27136"}],"wp:attachment":[{"href":"https:\/\/fsk-kino.peripherfilm.de\/en\/wp-json\/wp\/v2\/media?parent=27135"}],"wp:term":[{"taxonomy":"category","embeddable":true,"href":"https:\/\/fsk-kino.peripherfilm.de\/en\/wp-json\/wp\/v2\/categories?post=27135"},{"taxonomy":"post_tag","embeddable":true,"href":"https:\/\/fsk-kino.peripherfilm.de\/en\/wp-json\/wp\/v2\/tags?post=27135"}],"curies":[{"name":"wp","href":"https:\/\/api.w.org\/{rel}","templated":true}]}}