{"id":26926,"date":"2025-01-07T13:39:40","date_gmt":"2025-01-07T12:39:40","guid":{"rendered":"https:\/\/fsk-kino.peripherfilm.de\/?p=26926"},"modified":"2025-04-06T23:26:00","modified_gmt":"2025-04-06T21:26:00","slug":"die-schattenjaeger","status":"publish","type":"post","link":"https:\/\/fsk-kino.peripherfilm.de\/en\/die-schattenjaeger\/","title":{"rendered":"Die Schattenj\u00e4ger"},"content":{"rendered":"<p class=\"wp-block-paragraph\">A film by Jonathan Millet. In Arabic and French with German subtitles.<\/p>\n\n\n\n<p class=\"has-text-align-right wp-block-paragraph\">[<a href=\"#credits\">Credits<\/a>] [<a href=\"https:\/\/booking.cinetixx.de\/frontend\/#\/movie\/2278359999\/3117346671\">Tickets <span class=\"amp\">&amp;<\/span> Termine<\/a>] [<a href=\"#trailer\">Trailer<\/a>]<\/p>\n\n\n\n<p class=\"has-drop-cap wp-block-paragraph\">Hamid, is part of a secret group pur\u00adsuing the Syrian regime\u2019s fugi\u00adti\u00adve lea\u00adders. His mis\u00adsi\u00adon takes him to France, on the trail of his for\u00admer tor\u00adtu\u00adrer whom he must con\u00adfront. Based on true events.<\/p>\n\n\n\n<figure class=\"wp-block-gallery has-nested-images columns-default is-cropped wp-block-gallery-2 is-layout-flex wp-block-gallery-is-layout-flex\">\n<figure class=\"wp-block-image size-large\"><a href=\"https:\/\/fsk-kino.peripherfilm.de\/wp-content\/uploads\/2025\/01\/schattenjaeger6.jpg\" data-lbwps-width=\"1490\" data-lbwps-height=\"805.14939605849\" data-lbwps-srcsmall=\"https:\/\/fsk-kino.peripherfilm.de\/wp-content\/uploads\/2025\/01\/schattenjaeger6-400x216.jpg\"><img loading=\"lazy\" decoding=\"async\" width=\"1024\" height=\"553\" data-id=\"26927\" src=\"https:\/\/fsk-kino.peripherfilm.de\/wp-content\/uploads\/2025\/01\/schattenjaeger6-1024x553.jpg\" alt=\"Die Schattenj\u00e4ger\" class=\"wp-image-26927\" srcset=\"https:\/\/fsk-kino.peripherfilm.de\/wp-content\/uploads\/2025\/01\/schattenjaeger6-1024x553.jpg 1024w, https:\/\/fsk-kino.peripherfilm.de\/wp-content\/uploads\/2025\/01\/schattenjaeger6-300x162.jpg 300w, https:\/\/fsk-kino.peripherfilm.de\/wp-content\/uploads\/2025\/01\/schattenjaeger6-600x324.jpg 600w, https:\/\/fsk-kino.peripherfilm.de\/wp-content\/uploads\/2025\/01\/schattenjaeger6-400x216.jpg 400w, https:\/\/fsk-kino.peripherfilm.de\/wp-content\/uploads\/2025\/01\/schattenjaeger6-768x415.jpg 768w, https:\/\/fsk-kino.peripherfilm.de\/wp-content\/uploads\/2025\/01\/schattenjaeger6-1536x830.jpg 1536w, https:\/\/fsk-kino.peripherfilm.de\/wp-content\/uploads\/2025\/01\/schattenjaeger6-624x337.jpg 624w, https:\/\/fsk-kino.peripherfilm.de\/wp-content\/uploads\/2025\/01\/schattenjaeger6.jpg 1573w\" sizes=\"auto, (max-width: 1024px) 100vw, 1024px\"><\/a><\/figure>\n\n\n\n<figure class=\"wp-block-image size-large\"><a href=\"https:\/\/fsk-kino.peripherfilm.de\/wp-content\/uploads\/2025\/01\/schattenjaeger4.jpg\" data-lbwps-width=\"1490\" data-lbwps-height=\"805.14939605849\" data-lbwps-srcsmall=\"https:\/\/fsk-kino.peripherfilm.de\/wp-content\/uploads\/2025\/01\/schattenjaeger4-400x216.jpg\"><img loading=\"lazy\" decoding=\"async\" width=\"1024\" height=\"553\" data-id=\"26930\" src=\"https:\/\/fsk-kino.peripherfilm.de\/wp-content\/uploads\/2025\/01\/schattenjaeger4-1024x553.jpg\" alt=\"Die Schattenj\u00e4ger\" class=\"wp-image-26930\" srcset=\"https:\/\/fsk-kino.peripherfilm.de\/wp-content\/uploads\/2025\/01\/schattenjaeger4-1024x553.jpg 1024w, https:\/\/fsk-kino.peripherfilm.de\/wp-content\/uploads\/2025\/01\/schattenjaeger4-300x162.jpg 300w, https:\/\/fsk-kino.peripherfilm.de\/wp-content\/uploads\/2025\/01\/schattenjaeger4-600x324.jpg 600w, https:\/\/fsk-kino.peripherfilm.de\/wp-content\/uploads\/2025\/01\/schattenjaeger4-400x216.jpg 400w, https:\/\/fsk-kino.peripherfilm.de\/wp-content\/uploads\/2025\/01\/schattenjaeger4-768x415.jpg 768w, https:\/\/fsk-kino.peripherfilm.de\/wp-content\/uploads\/2025\/01\/schattenjaeger4-1536x830.jpg 1536w, https:\/\/fsk-kino.peripherfilm.de\/wp-content\/uploads\/2025\/01\/schattenjaeger4-624x337.jpg 624w, https:\/\/fsk-kino.peripherfilm.de\/wp-content\/uploads\/2025\/01\/schattenjaeger4.jpg 1573w\" sizes=\"auto, (max-width: 1024px) 100vw, 1024px\"><\/a><\/figure>\n\n\n\n<figure class=\"wp-block-image size-large\"><a href=\"https:\/\/fsk-kino.peripherfilm.de\/wp-content\/uploads\/2025\/01\/schattenjaeger3.jpg\" data-lbwps-width=\"1490\" data-lbwps-height=\"805.14939605849\" data-lbwps-srcsmall=\"https:\/\/fsk-kino.peripherfilm.de\/wp-content\/uploads\/2025\/01\/schattenjaeger3-400x216.jpg\"><img loading=\"lazy\" decoding=\"async\" width=\"1024\" height=\"553\" data-id=\"26929\" src=\"https:\/\/fsk-kino.peripherfilm.de\/wp-content\/uploads\/2025\/01\/schattenjaeger3-1024x553.jpg\" alt=\"Die Schattenj\u00e4ger\" class=\"wp-image-26929\" srcset=\"https:\/\/fsk-kino.peripherfilm.de\/wp-content\/uploads\/2025\/01\/schattenjaeger3-1024x553.jpg 1024w, https:\/\/fsk-kino.peripherfilm.de\/wp-content\/uploads\/2025\/01\/schattenjaeger3-300x162.jpg 300w, https:\/\/fsk-kino.peripherfilm.de\/wp-content\/uploads\/2025\/01\/schattenjaeger3-600x324.jpg 600w, https:\/\/fsk-kino.peripherfilm.de\/wp-content\/uploads\/2025\/01\/schattenjaeger3-400x216.jpg 400w, https:\/\/fsk-kino.peripherfilm.de\/wp-content\/uploads\/2025\/01\/schattenjaeger3-768x415.jpg 768w, https:\/\/fsk-kino.peripherfilm.de\/wp-content\/uploads\/2025\/01\/schattenjaeger3-1536x830.jpg 1536w, https:\/\/fsk-kino.peripherfilm.de\/wp-content\/uploads\/2025\/01\/schattenjaeger3-624x337.jpg 624w, https:\/\/fsk-kino.peripherfilm.de\/wp-content\/uploads\/2025\/01\/schattenjaeger3.jpg 1573w\" sizes=\"auto, (max-width: 1024px) 100vw, 1024px\"><\/a><\/figure>\n\n\n\n<figure class=\"wp-block-image size-large\"><a href=\"https:\/\/fsk-kino.peripherfilm.de\/wp-content\/uploads\/2025\/01\/schattenjaeger2.jpg\" data-lbwps-width=\"1490\" data-lbwps-height=\"805.14939605849\" data-lbwps-srcsmall=\"https:\/\/fsk-kino.peripherfilm.de\/wp-content\/uploads\/2025\/01\/schattenjaeger2-400x216.jpg\"><img loading=\"lazy\" decoding=\"async\" width=\"1024\" height=\"553\" data-id=\"26932\" src=\"https:\/\/fsk-kino.peripherfilm.de\/wp-content\/uploads\/2025\/01\/schattenjaeger2-1024x553.jpg\" alt=\"Die Schattenj\u00e4ger\" class=\"wp-image-26932\" srcset=\"https:\/\/fsk-kino.peripherfilm.de\/wp-content\/uploads\/2025\/01\/schattenjaeger2-1024x553.jpg 1024w, https:\/\/fsk-kino.peripherfilm.de\/wp-content\/uploads\/2025\/01\/schattenjaeger2-300x162.jpg 300w, https:\/\/fsk-kino.peripherfilm.de\/wp-content\/uploads\/2025\/01\/schattenjaeger2-600x324.jpg 600w, https:\/\/fsk-kino.peripherfilm.de\/wp-content\/uploads\/2025\/01\/schattenjaeger2-400x216.jpg 400w, https:\/\/fsk-kino.peripherfilm.de\/wp-content\/uploads\/2025\/01\/schattenjaeger2-768x415.jpg 768w, https:\/\/fsk-kino.peripherfilm.de\/wp-content\/uploads\/2025\/01\/schattenjaeger2-1536x830.jpg 1536w, https:\/\/fsk-kino.peripherfilm.de\/wp-content\/uploads\/2025\/01\/schattenjaeger2-624x337.jpg 624w, https:\/\/fsk-kino.peripherfilm.de\/wp-content\/uploads\/2025\/01\/schattenjaeger2.jpg 1573w\" sizes=\"auto, (max-width: 1024px) 100vw, 1024px\"><\/a><\/figure>\n\n\n\n<figure class=\"wp-block-image size-large\"><a href=\"https:\/\/fsk-kino.peripherfilm.de\/wp-content\/uploads\/2025\/01\/schattenjaeger1.jpg\" data-lbwps-width=\"1490\" data-lbwps-height=\"805.14939605849\" data-lbwps-srcsmall=\"https:\/\/fsk-kino.peripherfilm.de\/wp-content\/uploads\/2025\/01\/schattenjaeger1-400x216.jpg\"><img loading=\"lazy\" decoding=\"async\" width=\"1024\" height=\"553\" data-id=\"26931\" src=\"https:\/\/fsk-kino.peripherfilm.de\/wp-content\/uploads\/2025\/01\/schattenjaeger1-1024x553.jpg\" alt=\"Die Schattenj\u00e4ger\" class=\"wp-image-26931\" srcset=\"https:\/\/fsk-kino.peripherfilm.de\/wp-content\/uploads\/2025\/01\/schattenjaeger1-1024x553.jpg 1024w, https:\/\/fsk-kino.peripherfilm.de\/wp-content\/uploads\/2025\/01\/schattenjaeger1-300x162.jpg 300w, https:\/\/fsk-kino.peripherfilm.de\/wp-content\/uploads\/2025\/01\/schattenjaeger1-600x324.jpg 600w, https:\/\/fsk-kino.peripherfilm.de\/wp-content\/uploads\/2025\/01\/schattenjaeger1-400x216.jpg 400w, https:\/\/fsk-kino.peripherfilm.de\/wp-content\/uploads\/2025\/01\/schattenjaeger1-768x415.jpg 768w, https:\/\/fsk-kino.peripherfilm.de\/wp-content\/uploads\/2025\/01\/schattenjaeger1-1536x830.jpg 1536w, https:\/\/fsk-kino.peripherfilm.de\/wp-content\/uploads\/2025\/01\/schattenjaeger1-624x337.jpg 624w, https:\/\/fsk-kino.peripherfilm.de\/wp-content\/uploads\/2025\/01\/schattenjaeger1.jpg 1573w\" sizes=\"auto, (max-width: 1024px) 100vw, 1024px\"><\/a><\/figure>\n<\/figure>\n\n\n\n<p class=\"has-drop-cap wp-block-paragraph\"><\/p>\n\n\n\n<pre class=\"wp-block-code\"><code><a name=\"credits\"><\/a><strong>Credits<\/strong>:<\/code><\/pre>\n\n\n\n<p class=\"wp-block-paragraph\">Les Fant\u00f4mes <span class=\"caps\">FR<\/span> 2024, 106 Min., Arab., Frz. OmU<br>Regie: Jonathan Millet<br>Kamera: Olivier Boonjing<br>Schnitt: Laurent S\u00e9n\u00e9chal<br>mit: Adam Bessa, Tawfeek Barhom, Julia Franz Richter, Hala Rajab, Safiqa El&nbsp;Till&nbsp;<\/p>\n\n\n\n<pre class=\"wp-block-code\"><code><a name=\"trailer\"><\/a><strong>Trailer<\/strong>:<\/code><\/pre>\n\n\n<figure class=\"wp-block-embed-youtube wp-block-embed is-type-video is-provider-youtube wp-embed-aspect-16-9 wp-has-aspect-ratio\"><div class=\"lyte-wrapper\" title=\"Die Schattenj\u00e4ger (Ghost Trail) Trailer Original mit dt. UT\" style=\"width:640px;max-width:100%;margin:5px;\"><div class=\"lyMe\" id=\"WYL_4lgU8nLqRLI\" itemprop=\"video\" itemscope itemtype=\"https:\/\/schema.org\/VideoObject\"><div><meta itemprop=\"thumbnailUrl\" content=\"https:\/\/fsk-kino.peripherfilm.de\/wp-content\/plugins\/wp-youtube-lyte\/lyteCache.php?origThumbUrl=https%3A%2F%2Fi.ytimg.com%2Fvi%2F4lgU8nLqRLI%2Fhqdefault.jpg\"><meta itemprop=\"embedURL\" content=\"https:\/\/www.youtube.com\/embed\/4lgU8nLqRLI\"><meta itemprop=\"duration\" content=\"PT1M40S\"><meta itemprop=\"uploadDate\" content=\"2024-09-07T10:44:27Z\"><\/div><div id=\"lyte_4lgU8nLqRLI\" data-src=\"https:\/\/fsk-kino.peripherfilm.de\/wp-content\/plugins\/wp-youtube-lyte\/lyteCache.php?origThumbUrl=https%3A%2F%2Fi.ytimg.com%2Fvi%2F4lgU8nLqRLI%2Fhqdefault.jpg\" class=\"pL\"><div class=\"tC\"><div class=\"tT\" itemprop=\"name\">Die Schattenj\u00e4ger (Ghost Trail) Trailer Original mit dt.&nbsp;<span class=\"caps\">UT<\/span><\/div><\/div><div class=\"play\"><\/div><div class=\"ctrl\"><div class=\"Lctrl\"><\/div><div class=\"Rctrl\"><\/div><\/div><\/div><noscript><a href=\"https:\/\/youtu.be\/4lgU8nLqRLI\" rel=\"nofollow\"><img loading=\"lazy\" decoding=\"async\" src=\"https:\/\/fsk-kino.peripherfilm.de\/wp-content\/plugins\/wp-youtube-lyte\/lyteCache.php?origThumbUrl=https%3A%2F%2Fi.ytimg.com%2Fvi%2F4lgU8nLqRLI%2F0.jpg\" alt=\"Die Schattenj\u00e4ger (Ghost Trail) Trailer Original mit dt. UT\" width=\"640\" height=\"340\"><br>Watch this video on YouTube<\/a><\/noscript><meta itemprop=\"description\" content=\"Hamid geh\u00f6rt zu einer geheimen Gruppe, die die fl\u00fcchtigen F\u00fchrer des syrischen Regimes verfolgt. Seine Mission f\u00fchrt ihn nach Frankreich, auf die Spur seines ehemaligen Folterers, den er zur Rede stellen muss. In diesem von wahren Begebenheiten inspirierten Katz-und-Maus-Thriller gl\u00e4nzen Adam Bessa (Gewinner Darstellerpreis Cannes \u201eUn certain regard\u201c 2022) und Tawfik Barhom (DIE KAIRO VERSCHW\u00d6RUNG) mit herausragenden Leistungen.\"><\/div><\/div><div class=\"lL\" style=\"max-width:100%;width:640px;margin:5px;\"><\/div><figcaption><\/figcaption><\/figure>\n\n\n<pre class=\"wp-block-code\"><code><a href=\"#oben\" data-type=\"internal\" data-id=\"#oben\">nach oben<\/a><\/code><\/pre>","protected":false},"excerpt":{"rendered":"<p>A film by Jonathan Millet. In Arabic and French with German sub\u00adtit\u00adles. [Credits] [Tickets <span class=\"amp\">&amp;<\/span> Termine] [Trailer] Hamid, is part of a secret group pur\u00adsuing the Syrian regime\u2019s fugi\u00adti\u00adve lea\u00adders. His mis\u00adsi\u00adon takes him to France, on the trail of his for\u00admer tor\u00adtu\u00adrer whom he must con\u00adfront. Based on true events. Les Fant\u00f4mes <span class=\"caps\">FR<\/span>&nbsp;2024,&nbsp;[\u2026]<\/p>\n","protected":false},"author":2,"featured_media":26933,"comment_status":"closed","ping_status":"closed","sticky":false,"template":"","format":"standard","meta":{"_crdt_document":"","wp_typography_post_enhancements_disabled":false,"slim_seo":{"title":"Syrien rache gerechtigkeit justiz","description":"[:de] Ein Film von Jonathan Millet. [ Credits ] [ Tickets &amp; Termine ] [ Trailer ] Der erste Spielfilm des Dokumentarfilmers Jonathan Millet kommt als fiktiv"},"footnotes":""},"categories":[25],"tags":[],"class_list":["post-26926","post","type-post","status-publish","format-standard","has-post-thumbnail","hentry","category-archiv"],"_links":{"self":[{"href":"https:\/\/fsk-kino.peripherfilm.de\/en\/wp-json\/wp\/v2\/posts\/26926","targetHints":{"allow":["GET"]}}],"collection":[{"href":"https:\/\/fsk-kino.peripherfilm.de\/en\/wp-json\/wp\/v2\/posts"}],"about":[{"href":"https:\/\/fsk-kino.peripherfilm.de\/en\/wp-json\/wp\/v2\/types\/post"}],"author":[{"embeddable":true,"href":"https:\/\/fsk-kino.peripherfilm.de\/en\/wp-json\/wp\/v2\/users\/2"}],"replies":[{"embeddable":true,"href":"https:\/\/fsk-kino.peripherfilm.de\/en\/wp-json\/wp\/v2\/comments?post=26926"}],"version-history":[{"count":0,"href":"https:\/\/fsk-kino.peripherfilm.de\/en\/wp-json\/wp\/v2\/posts\/26926\/revisions"}],"wp:featuredmedia":[{"embeddable":true,"href":"https:\/\/fsk-kino.peripherfilm.de\/en\/wp-json\/wp\/v2\/media\/26933"}],"wp:attachment":[{"href":"https:\/\/fsk-kino.peripherfilm.de\/en\/wp-json\/wp\/v2\/media?parent=26926"}],"wp:term":[{"taxonomy":"category","embeddable":true,"href":"https:\/\/fsk-kino.peripherfilm.de\/en\/wp-json\/wp\/v2\/categories?post=26926"},{"taxonomy":"post_tag","embeddable":true,"href":"https:\/\/fsk-kino.peripherfilm.de\/en\/wp-json\/wp\/v2\/tags?post=26926"}],"curies":[{"name":"wp","href":"https:\/\/api.w.org\/{rel}","templated":true}]}}