{"id":26481,"date":"2024-11-12T14:26:51","date_gmt":"2024-11-12T13:26:51","guid":{"rendered":"https:\/\/fsk-kino.peripherfilm.de\/?p=26481"},"modified":"2025-03-05T22:23:16","modified_gmt":"2025-03-05T21:23:16","slug":"die-saat-des-heiligen-feigenbaums","status":"publish","type":"post","link":"https:\/\/fsk-kino.peripherfilm.de\/en\/die-saat-des-heiligen-feigenbaums\/","title":{"rendered":"Die Saat des heiligen Feigenbaums"},"content":{"rendered":"<p class=\"wp-block-paragraph\">A film by Mohammad Rasoulof. In Farsi with German subtitles.<\/p>\n\n\n\n<p class=\"has-text-align-right wp-block-paragraph\">[<a href=\"#credits\">Credits<\/a>] [<a href=\"https:\/\/booking.cinetixx.de\/frontend\/#\/movie\/2278359999\/3071828728\">Tickets <span class=\"amp\">&amp;<\/span> Termine<\/a>] [<a href=\"#trailer\">Trailer<\/a>]<\/p>\n\n\n\n<p class=\"has-drop-cap wp-block-paragraph\">A tar\u00adget of Iran\u2019s hard\u00adli\u00adne con\u00adser\u00adva\u00adti\u00adve govern\u00adment for his films\u2019 cri\u00adti\u00adcism of the sta\u00adte, direc\u00adtor Mohammad Rasoulof fled his home coun\u00adtry to avo\u00adid an eight-year pri\u00adson sen\u00adtence, though he hadn\u2019t finis\u00adhed editing his latest film yet. His sea\u00adring dra\u00adma The Seed of the Sacred Fig won a Special Prize from the jury and three other awards on its pre\u00admie\u00adre at the Cannes Film Festival. The film is every bit as urgent and grip\u00adping as its real-life back\u00adstory would por\u00adtend: long\u00adtime govern\u00adment worker Iman (Missagh Zareh) has just recei\u00adved a major pro\u00admo\u00adti\u00adon to the role of judge\u2019s inves\u00adti\u00adga\u00adtor, to the hop\u00adeful delight of his wife Najmeh (Soheila Golestani); at the same moment, a series of stu\u00addent pro\u00adtests against the govern\u00adment have explo\u00added in the streets, sto\u00adking the sym\u00adpa\u00adthies of their inde\u00adpen\u00addent-min\u00added daugh\u00adters Rezvan (Mahsa Rostami) and Sana (Setareh Maleki). The gro\u00adwing wedge bet\u00adween pro\u00adgres\u00adsi\u00adve child\u00adren and tra\u00addi\u00adtio\u00adnal par\u00adents inten\u00adsi\u00adfies through a series of unsett\u00adling events that put Iman\u2019s future in jeo\u00adpar\u00addy. Both para\u00adnoia thril\u00adler and dome\u00adstic dra\u00adma, The Seed of the Sacred Fig is abo\u00adve all an epic of anti-patri\u00adar\u00adchal poli\u00adti\u00adcal conviction.<\/p>\n\n\n\n<figure class=\"wp-block-gallery has-nested-images columns-default is-cropped wp-block-gallery-2 is-layout-flex wp-block-gallery-is-layout-flex\">\n<figure class=\"wp-block-image size-large\"><a href=\"https:\/\/fsk-kino.peripherfilm.de\/wp-content\/uploads\/2024\/11\/diesaatdesheiligenfeigenbaums4.jpg\" data-lbwps-width=\"1275.4279959718\" data-lbwps-height=\"850\" data-lbwps-srcsmall=\"https:\/\/fsk-kino.peripherfilm.de\/wp-content\/uploads\/2024\/11\/diesaatdesheiligenfeigenbaums4-400x267.jpg\"><img loading=\"lazy\" decoding=\"async\" width=\"1024\" height=\"682\" data-id=\"26485\" src=\"https:\/\/fsk-kino.peripherfilm.de\/wp-content\/uploads\/2024\/11\/diesaatdesheiligenfeigenbaums4-1024x682.jpg\" alt=\"Die Saat des heiligen Feigenbaums\" class=\"wp-image-26485\" srcset=\"https:\/\/fsk-kino.peripherfilm.de\/wp-content\/uploads\/2024\/11\/diesaatdesheiligenfeigenbaums4-1024x682.jpg 1024w, https:\/\/fsk-kino.peripherfilm.de\/wp-content\/uploads\/2024\/11\/diesaatdesheiligenfeigenbaums4-300x200.jpg 300w, https:\/\/fsk-kino.peripherfilm.de\/wp-content\/uploads\/2024\/11\/diesaatdesheiligenfeigenbaums4-600x400.jpg 600w, https:\/\/fsk-kino.peripherfilm.de\/wp-content\/uploads\/2024\/11\/diesaatdesheiligenfeigenbaums4-400x267.jpg 400w, https:\/\/fsk-kino.peripherfilm.de\/wp-content\/uploads\/2024\/11\/diesaatdesheiligenfeigenbaums4-768x512.jpg 768w, https:\/\/fsk-kino.peripherfilm.de\/wp-content\/uploads\/2024\/11\/diesaatdesheiligenfeigenbaums4-624x416.jpg 624w, https:\/\/fsk-kino.peripherfilm.de\/wp-content\/uploads\/2024\/11\/diesaatdesheiligenfeigenbaums4.jpg 1490w\" sizes=\"auto, (max-width: 1024px) 100vw, 1024px\"><\/a><\/figure>\n\n\n\n<figure class=\"wp-block-image size-large\"><a href=\"https:\/\/fsk-kino.peripherfilm.de\/wp-content\/uploads\/2024\/11\/diesaatdesheiligenfeigenbaums2.jpg\" data-lbwps-width=\"1275.4279959718\" data-lbwps-height=\"850\" data-lbwps-srcsmall=\"https:\/\/fsk-kino.peripherfilm.de\/wp-content\/uploads\/2024\/11\/diesaatdesheiligenfeigenbaums2-400x267.jpg\"><img loading=\"lazy\" decoding=\"async\" width=\"1024\" height=\"682\" data-id=\"26486\" src=\"https:\/\/fsk-kino.peripherfilm.de\/wp-content\/uploads\/2024\/11\/diesaatdesheiligenfeigenbaums2-1024x682.jpg\" alt=\"Die Saat des heiligen Feigenbaums\" class=\"wp-image-26486\" srcset=\"https:\/\/fsk-kino.peripherfilm.de\/wp-content\/uploads\/2024\/11\/diesaatdesheiligenfeigenbaums2-1024x682.jpg 1024w, https:\/\/fsk-kino.peripherfilm.de\/wp-content\/uploads\/2024\/11\/diesaatdesheiligenfeigenbaums2-300x200.jpg 300w, https:\/\/fsk-kino.peripherfilm.de\/wp-content\/uploads\/2024\/11\/diesaatdesheiligenfeigenbaums2-600x400.jpg 600w, https:\/\/fsk-kino.peripherfilm.de\/wp-content\/uploads\/2024\/11\/diesaatdesheiligenfeigenbaums2-400x267.jpg 400w, https:\/\/fsk-kino.peripherfilm.de\/wp-content\/uploads\/2024\/11\/diesaatdesheiligenfeigenbaums2-768x512.jpg 768w, https:\/\/fsk-kino.peripherfilm.de\/wp-content\/uploads\/2024\/11\/diesaatdesheiligenfeigenbaums2-624x416.jpg 624w, https:\/\/fsk-kino.peripherfilm.de\/wp-content\/uploads\/2024\/11\/diesaatdesheiligenfeigenbaums2.jpg 1490w\" sizes=\"auto, (max-width: 1024px) 100vw, 1024px\"><\/a><\/figure>\n\n\n\n<figure class=\"wp-block-image size-large\"><a href=\"https:\/\/fsk-kino.peripherfilm.de\/wp-content\/uploads\/2024\/11\/diesaatdesheiligenfeigenbaums1.jpg\" data-lbwps-width=\"1275.4279959718\" data-lbwps-height=\"850\" data-lbwps-srcsmall=\"https:\/\/fsk-kino.peripherfilm.de\/wp-content\/uploads\/2024\/11\/diesaatdesheiligenfeigenbaums1-400x267.jpg\"><img loading=\"lazy\" decoding=\"async\" width=\"1024\" height=\"682\" data-id=\"26482\" src=\"https:\/\/fsk-kino.peripherfilm.de\/wp-content\/uploads\/2024\/11\/diesaatdesheiligenfeigenbaums1-1024x682.jpg\" alt=\"Die Saat des heiligen Feigenbaums\" class=\"wp-image-26482\" srcset=\"https:\/\/fsk-kino.peripherfilm.de\/wp-content\/uploads\/2024\/11\/diesaatdesheiligenfeigenbaums1-1024x682.jpg 1024w, https:\/\/fsk-kino.peripherfilm.de\/wp-content\/uploads\/2024\/11\/diesaatdesheiligenfeigenbaums1-300x200.jpg 300w, https:\/\/fsk-kino.peripherfilm.de\/wp-content\/uploads\/2024\/11\/diesaatdesheiligenfeigenbaums1-600x400.jpg 600w, https:\/\/fsk-kino.peripherfilm.de\/wp-content\/uploads\/2024\/11\/diesaatdesheiligenfeigenbaums1-400x267.jpg 400w, https:\/\/fsk-kino.peripherfilm.de\/wp-content\/uploads\/2024\/11\/diesaatdesheiligenfeigenbaums1-768x512.jpg 768w, https:\/\/fsk-kino.peripherfilm.de\/wp-content\/uploads\/2024\/11\/diesaatdesheiligenfeigenbaums1-624x416.jpg 624w, https:\/\/fsk-kino.peripherfilm.de\/wp-content\/uploads\/2024\/11\/diesaatdesheiligenfeigenbaums1.jpg 1490w\" sizes=\"auto, (max-width: 1024px) 100vw, 1024px\"><\/a><\/figure>\n\n\n\n<figure class=\"wp-block-image size-large\"><a href=\"https:\/\/fsk-kino.peripherfilm.de\/wp-content\/uploads\/2024\/11\/diesaatdesheiligenfeigenbaums.jpg\" data-lbwps-width=\"1275.4279959718\" data-lbwps-height=\"850\" data-lbwps-srcsmall=\"https:\/\/fsk-kino.peripherfilm.de\/wp-content\/uploads\/2024\/11\/diesaatdesheiligenfeigenbaums-400x267.jpg\"><img loading=\"lazy\" decoding=\"async\" width=\"1024\" height=\"682\" data-id=\"26483\" src=\"https:\/\/fsk-kino.peripherfilm.de\/wp-content\/uploads\/2024\/11\/diesaatdesheiligenfeigenbaums-1024x682.jpg\" alt=\"Die Saat des heiligen Feigenbaums\" class=\"wp-image-26483\" srcset=\"https:\/\/fsk-kino.peripherfilm.de\/wp-content\/uploads\/2024\/11\/diesaatdesheiligenfeigenbaums-1024x682.jpg 1024w, https:\/\/fsk-kino.peripherfilm.de\/wp-content\/uploads\/2024\/11\/diesaatdesheiligenfeigenbaums-300x200.jpg 300w, https:\/\/fsk-kino.peripherfilm.de\/wp-content\/uploads\/2024\/11\/diesaatdesheiligenfeigenbaums-600x400.jpg 600w, https:\/\/fsk-kino.peripherfilm.de\/wp-content\/uploads\/2024\/11\/diesaatdesheiligenfeigenbaums-400x267.jpg 400w, https:\/\/fsk-kino.peripherfilm.de\/wp-content\/uploads\/2024\/11\/diesaatdesheiligenfeigenbaums-768x512.jpg 768w, https:\/\/fsk-kino.peripherfilm.de\/wp-content\/uploads\/2024\/11\/diesaatdesheiligenfeigenbaums-624x416.jpg 624w, https:\/\/fsk-kino.peripherfilm.de\/wp-content\/uploads\/2024\/11\/diesaatdesheiligenfeigenbaums.jpg 1490w\" sizes=\"auto, (max-width: 1024px) 100vw, 1024px\"><\/a><\/figure>\n<\/figure>\n\n\n\n<pre class=\"wp-block-code\"><code><a name=\"credits\"><\/a><strong>Credits<\/strong>:<\/code><\/pre>\n\n\n\n<p class=\"wp-block-paragraph\"><span class=\"caps\">IR<\/span>, <span class=\"caps\">DE<\/span>, <span class=\"caps\">FR<\/span> 2024, 168 Min., far\u00adsi OmU<br>Regie: Mohammad Rasoulof<br>Kamera: Pooyan Aghababaei<br>Schnitt: Andrew Bird<br>mit Missagh Zareh, Soheila Golestani, Mahsa Rostami, Setareh Maleki, Niousha Akhshi<em>                                            <\/em><\/p>\n\n\n\n<pre class=\"wp-block-code\"><code><a name=\"trailer\"><\/a><strong>Trailer<\/strong>:<\/code><\/pre>\n\n\n<figure class=\"wp-block-embed-youtube wp-block-embed is-type-video is-provider-youtube wp-embed-aspect-16-9 wp-has-aspect-ratio\"><div class=\"lyte-wrapper\" title=\"The Seed of the Sacred Fig - Trailer OV\/d\" style=\"width:640px;max-width:100%;margin:5px;\"><div class=\"lyMe\" id=\"WYL_tSQ6HMaaAH0\" itemprop=\"video\" itemscope itemtype=\"https:\/\/schema.org\/VideoObject\"><div><meta itemprop=\"thumbnailUrl\" content=\"https:\/\/fsk-kino.peripherfilm.de\/wp-content\/plugins\/wp-youtube-lyte\/lyteCache.php?origThumbUrl=https%3A%2F%2Fi.ytimg.com%2Fvi%2FtSQ6HMaaAH0%2Fhqdefault.jpg\"><meta itemprop=\"embedURL\" content=\"https:\/\/www.youtube.com\/embed\/tSQ6HMaaAH0\"><meta itemprop=\"duration\" content=\"PT1M42S\"><meta itemprop=\"uploadDate\" content=\"2024-10-03T12:29:58Z\"><\/div><div id=\"lyte_tSQ6HMaaAH0\" data-src=\"https:\/\/fsk-kino.peripherfilm.de\/wp-content\/plugins\/wp-youtube-lyte\/lyteCache.php?origThumbUrl=https%3A%2F%2Fi.ytimg.com%2Fvi%2FtSQ6HMaaAH0%2Fhqdefault.jpg\" class=\"pL\"><div class=\"tC\"><div class=\"tT\" itemprop=\"name\">The Seed of the Sacred Fig \u2013 Trailer <span class=\"caps\">OV<\/span>\/d<\/div><\/div><div class=\"play\"><\/div><div class=\"ctrl\"><div class=\"Lctrl\"><\/div><div class=\"Rctrl\"><\/div><\/div><\/div><noscript><a href=\"https:\/\/youtu.be\/tSQ6HMaaAH0\" rel=\"nofollow\"><img loading=\"lazy\" decoding=\"async\" src=\"https:\/\/fsk-kino.peripherfilm.de\/wp-content\/plugins\/wp-youtube-lyte\/lyteCache.php?origThumbUrl=https%3A%2F%2Fi.ytimg.com%2Fvi%2FtSQ6HMaaAH0%2F0.jpg\" alt=\"The Seed of the Sacred Fig - Trailer OV\/d\" width=\"640\" height=\"340\"><br>Watch this video on YouTube<\/a><\/noscript><meta itemprop=\"description\" content=\"Ein Film von Mohammad Rasoulof. Teheran, zu Beginn der Bewegung \u201eFrau, Leben und Freiheit\u201c: Kaum ist Iman zum Untersuchungsrichter am Revolutionsgericht in Teheran aufgestiegen, k\u00e4mpft er aufgrund der landesweiten Proteste zunehmend mit Misstrauen und Paranoia. Als seine Waffe auf mysteri\u00f6se Weise verschwindet, verd\u00e4chtigt er seine Frau und die beiden T\u00f6chter und ergreift drastische Massnahmen. Diese beginnen hingegen, angesichts der Frauenproteste bisherige soziale Normen und Familienregeln zu hinterfragen. Nach There Is No Evil (Goldener B\u00e4r Berlinale) erz\u00e4hlt Mohammad Rasoulof hier mutig und spannend von einer Gesellschaft im Umbruch. Mit: Misagh Zare (Iman), Soheila Golestani (Najmeh), Mahsa Rostami (Rezvan), Setareh Maleki (Sana) Mehr Infos: https:\/\/www.trigon-film.org\/de\"><\/div><\/div><div class=\"lL\" style=\"max-width:100%;width:640px;margin:5px;\"><\/div><figcaption><\/figcaption><\/figure>\n\n\n<pre class=\"wp-block-code\"><code><a href=\"#oben\" data-type=\"internal\" data-id=\"#oben\">nach oben<\/a><\/code><\/pre>","protected":false},"excerpt":{"rendered":"<p>A film by Mohammad Rasoulof. In Farsi with German sub\u00adtit\u00adles. [Credits] [Tickets <span class=\"amp\">&amp;<\/span> Termine] [Trailer] A tar\u00adget of Iran\u2019s hard\u00adli\u00adne con\u00adser\u00adva\u00adti\u00adve govern\u00adment for his films\u2019 cri\u00adti\u00adcism of the sta\u00adte, direc\u00adtor Mohammad Rasoulof fled his home coun\u00adtry to avo\u00adid an eight-year pri\u00adson sen\u00adtence, though he hadn\u2019t finis\u00adhed editing his latest film yet. His sea\u00adring dra\u00adma&nbsp;The&nbsp;[\u2026]<\/p>\n","protected":false},"author":2,"featured_media":26484,"comment_status":"closed","ping_status":"closed","sticky":false,"template":"","format":"standard","meta":{"_crdt_document":"","wp_typography_post_enhancements_disabled":false,"slim_seo":{"title":"[:de]Die Saat des heiligen Feigenbaums[:] - fsk Kino","description":"[:de] Ein Film von Mohammad Rasoulof. [ Credits ] [ Tickets &amp; Termine ] [ Trailer ] Kurz nachdem Iman zum Untersuchungsrichter am Revolutionsgericht bef\u00f6rde"},"footnotes":""},"categories":[25],"tags":[],"class_list":["post-26481","post","type-post","status-publish","format-standard","has-post-thumbnail","hentry","category-archiv"],"_links":{"self":[{"href":"https:\/\/fsk-kino.peripherfilm.de\/en\/wp-json\/wp\/v2\/posts\/26481","targetHints":{"allow":["GET"]}}],"collection":[{"href":"https:\/\/fsk-kino.peripherfilm.de\/en\/wp-json\/wp\/v2\/posts"}],"about":[{"href":"https:\/\/fsk-kino.peripherfilm.de\/en\/wp-json\/wp\/v2\/types\/post"}],"author":[{"embeddable":true,"href":"https:\/\/fsk-kino.peripherfilm.de\/en\/wp-json\/wp\/v2\/users\/2"}],"replies":[{"embeddable":true,"href":"https:\/\/fsk-kino.peripherfilm.de\/en\/wp-json\/wp\/v2\/comments?post=26481"}],"version-history":[{"count":0,"href":"https:\/\/fsk-kino.peripherfilm.de\/en\/wp-json\/wp\/v2\/posts\/26481\/revisions"}],"wp:featuredmedia":[{"embeddable":true,"href":"https:\/\/fsk-kino.peripherfilm.de\/en\/wp-json\/wp\/v2\/media\/26484"}],"wp:attachment":[{"href":"https:\/\/fsk-kino.peripherfilm.de\/en\/wp-json\/wp\/v2\/media?parent=26481"}],"wp:term":[{"taxonomy":"category","embeddable":true,"href":"https:\/\/fsk-kino.peripherfilm.de\/en\/wp-json\/wp\/v2\/categories?post=26481"},{"taxonomy":"post_tag","embeddable":true,"href":"https:\/\/fsk-kino.peripherfilm.de\/en\/wp-json\/wp\/v2\/tags?post=26481"}],"curies":[{"name":"wp","href":"https:\/\/api.w.org\/{rel}","templated":true}]}}