{"id":25899,"date":"2024-09-09T11:45:50","date_gmt":"2024-09-09T09:45:50","guid":{"rendered":"https:\/\/fsk-kino.peripherfilm.de\/?p=25899"},"modified":"2024-11-11T11:03:24","modified_gmt":"2024-11-11T10:03:24","slug":"der-spatz-im-kamin","status":"publish","type":"post","link":"https:\/\/fsk-kino.peripherfilm.de\/en\/der-spatz-im-kamin\/","title":{"rendered":"Der Spatz im&nbsp;Kamin"},"content":{"rendered":"<p class=\"wp-block-paragraph\">A film by Ramon Z\u00fcrcher. In German with English subtitles.<\/p>\n\n\n\n<p class=\"has-text-align-right wp-block-paragraph\">[<a href=\"#credits\">Credits<\/a>] [<a href=\"https:\/\/booking.cinetixx.de\/frontend\/#\/movie\/2278359999\/3059855298\">Tickets <span class=\"amp\">&amp;<\/span> Termine<\/a>] [<a href=\"#trailer\">Trailer<\/a>]<\/p>\n\n\n\n<p class=\"has-drop-cap wp-block-paragraph\">Karen lives with her hus\u00adband Markus and their child\u00adren in her idyl\u00adlic child\u00adhood home. Karen\u2019s sis\u00adter Jule and her fami\u00adly are visi\u00adting for Markus\u2019 bir\u00adth\u00adday. The two women could not be more dif\u00adfe\u00adrent. Grim remin\u00adders of their decea\u00adsed mother inci\u00adte Jule\u2019s rebel\u00adli\u00adon against her domi\u00adnee\u00adring sis\u00adter. As the house gra\u00addu\u00adal\u00adly fills with life and a spar\u00adrow in the chim\u00adney seeks a way out to free\u00addom, Karen beco\u00admes incre\u00adasing\u00adly ten\u00adse \u2013 until it all comes to a head and the old is des\u00adtroy\u00aded to make room for the&nbsp;new.<\/p>\n\n\n\n<figure data-wp-context=\"{&quot;galleryId&quot;:&quot;69f1fdeba48ea&quot;}\" data-wp-interactive=\"core\/gallery\" class=\"wp-block-gallery has-nested-images columns-default is-cropped wp-block-gallery-2 is-layout-flex wp-block-gallery-is-layout-flex\">\n<figure data-wp-context=\"{&quot;imageId&quot;:&quot;69f1fdeba54e6&quot;}\" data-wp-interactive=\"core\/image\" data-wp-key=\"69f1fdeba54e6\" class=\"wp-block-image size-large wp-lightbox-container\"><img loading=\"lazy\" decoding=\"async\" width=\"1024\" height=\"576\" data-wp-class--hide=\"state.isContentHidden\" data-wp-class--show=\"state.isContentVisible\" data-wp-init=\"callbacks.setButtonStyles\" data-wp-on--click=\"actions.showLightbox\" data-wp-on--load=\"callbacks.setButtonStyles\" data-wp-on--pointerdown=\"actions.preloadImage\" data-wp-on--pointerenter=\"actions.preloadImageWithDelay\" data-wp-on--pointerleave=\"actions.cancelPreload\" data-wp-on-window--resize=\"callbacks.setButtonStyles\" data-id=\"25904\" src=\"https:\/\/fsk-kino.peripherfilm.de\/wp-content\/uploads\/2024\/09\/DerSpatzImKamin3-1024x576.jpg\" alt=\"Der Spatz im Kamin\" class=\"wp-image-25904\" srcset=\"https:\/\/fsk-kino.peripherfilm.de\/wp-content\/uploads\/2024\/09\/DerSpatzImKamin3-1024x576.jpg 1024w, https:\/\/fsk-kino.peripherfilm.de\/wp-content\/uploads\/2024\/09\/DerSpatzImKamin3-300x169.jpg 300w, https:\/\/fsk-kino.peripherfilm.de\/wp-content\/uploads\/2024\/09\/DerSpatzImKamin3-600x338.jpg 600w, https:\/\/fsk-kino.peripherfilm.de\/wp-content\/uploads\/2024\/09\/DerSpatzImKamin3-400x225.jpg 400w, https:\/\/fsk-kino.peripherfilm.de\/wp-content\/uploads\/2024\/09\/DerSpatzImKamin3-768x432.jpg 768w, https:\/\/fsk-kino.peripherfilm.de\/wp-content\/uploads\/2024\/09\/DerSpatzImKamin3-624x351.jpg 624w, https:\/\/fsk-kino.peripherfilm.de\/wp-content\/uploads\/2024\/09\/DerSpatzImKamin3.jpg 1511w\" sizes=\"auto, (max-width: 1024px) 100vw, 1024px\"><button class=\"lightbox-trigger\" type=\"button\" aria-haspopup=\"dialog\" data-wp-bind--aria-label=\"state.thisImage.triggerButtonAriaLabel\" data-wp-init=\"callbacks.initTriggerButton\" data-wp-on--click=\"actions.showLightbox\" data-wp-style--right=\"state.thisImage.buttonRight\" data-wp-style--top=\"state.thisImage.buttonTop\">\n\t\t\t<svg width=\"12\" height=\"12\" fill=\"none\" viewBox=\"0 0 12 12\">\n\t\t\t\t<path fill=\"#fff\" d=\"M2 0a2 2 0 0 0-2 2v2h1.5V2a.5.5 0 0 1 .5-.5h2V0H2Zm2 10.5H2a.5.5 0 0 1-.5-.5V8H0v2a2 2 0 0 0 2 2h2v-1.5ZM8 12v-1.5h2a.5.5 0 0 0 .5-.5V8H12v2a2 2 0 0 1-2 2H8Zm2-12a2 2 0 0 1 2 2v2h-1.5V2a.5.5 0 0 0-.5-.5H8V0h2Z\" \/>\n\t\t\t<\/svg>\n\t\t<\/button><\/figure>\n\n\n\n<figure data-wp-context=\"{&quot;imageId&quot;:&quot;69f1fdeba6391&quot;}\" data-wp-interactive=\"core\/image\" data-wp-key=\"69f1fdeba6391\" class=\"wp-block-image size-large wp-lightbox-container\"><img loading=\"lazy\" decoding=\"async\" width=\"1024\" height=\"576\" data-wp-class--hide=\"state.isContentHidden\" data-wp-class--show=\"state.isContentVisible\" data-wp-init=\"callbacks.setButtonStyles\" data-wp-on--click=\"actions.showLightbox\" data-wp-on--load=\"callbacks.setButtonStyles\" data-wp-on--pointerdown=\"actions.preloadImage\" data-wp-on--pointerenter=\"actions.preloadImageWithDelay\" data-wp-on--pointerleave=\"actions.cancelPreload\" data-wp-on-window--resize=\"callbacks.setButtonStyles\" data-id=\"25902\" src=\"https:\/\/fsk-kino.peripherfilm.de\/wp-content\/uploads\/2024\/09\/DerSpatzImKamin2-1024x576.jpg\" alt=\"Der Spatz im Kamin\" class=\"wp-image-25902\" srcset=\"https:\/\/fsk-kino.peripherfilm.de\/wp-content\/uploads\/2024\/09\/DerSpatzImKamin2-1024x576.jpg 1024w, https:\/\/fsk-kino.peripherfilm.de\/wp-content\/uploads\/2024\/09\/DerSpatzImKamin2-300x169.jpg 300w, https:\/\/fsk-kino.peripherfilm.de\/wp-content\/uploads\/2024\/09\/DerSpatzImKamin2-600x338.jpg 600w, https:\/\/fsk-kino.peripherfilm.de\/wp-content\/uploads\/2024\/09\/DerSpatzImKamin2-400x225.jpg 400w, https:\/\/fsk-kino.peripherfilm.de\/wp-content\/uploads\/2024\/09\/DerSpatzImKamin2-768x432.jpg 768w, https:\/\/fsk-kino.peripherfilm.de\/wp-content\/uploads\/2024\/09\/DerSpatzImKamin2-624x351.jpg 624w, https:\/\/fsk-kino.peripherfilm.de\/wp-content\/uploads\/2024\/09\/DerSpatzImKamin2.jpg 1511w\" sizes=\"auto, (max-width: 1024px) 100vw, 1024px\"><button class=\"lightbox-trigger\" type=\"button\" aria-haspopup=\"dialog\" data-wp-bind--aria-label=\"state.thisImage.triggerButtonAriaLabel\" data-wp-init=\"callbacks.initTriggerButton\" data-wp-on--click=\"actions.showLightbox\" data-wp-style--right=\"state.thisImage.buttonRight\" data-wp-style--top=\"state.thisImage.buttonTop\">\n\t\t\t<svg width=\"12\" height=\"12\" fill=\"none\" viewBox=\"0 0 12 12\">\n\t\t\t\t<path fill=\"#fff\" d=\"M2 0a2 2 0 0 0-2 2v2h1.5V2a.5.5 0 0 1 .5-.5h2V0H2Zm2 10.5H2a.5.5 0 0 1-.5-.5V8H0v2a2 2 0 0 0 2 2h2v-1.5ZM8 12v-1.5h2a.5.5 0 0 0 .5-.5V8H12v2a2 2 0 0 1-2 2H8Zm2-12a2 2 0 0 1 2 2v2h-1.5V2a.5.5 0 0 0-.5-.5H8V0h2Z\" \/>\n\t\t\t<\/svg>\n\t\t<\/button><\/figure>\n\n\n\n<figure data-wp-context=\"{&quot;imageId&quot;:&quot;69f1fdeba71a0&quot;}\" data-wp-interactive=\"core\/image\" data-wp-key=\"69f1fdeba71a0\" class=\"wp-block-image size-large wp-lightbox-container\"><img loading=\"lazy\" decoding=\"async\" width=\"1024\" height=\"576\" data-wp-class--hide=\"state.isContentHidden\" data-wp-class--show=\"state.isContentVisible\" data-wp-init=\"callbacks.setButtonStyles\" data-wp-on--click=\"actions.showLightbox\" data-wp-on--load=\"callbacks.setButtonStyles\" data-wp-on--pointerdown=\"actions.preloadImage\" data-wp-on--pointerenter=\"actions.preloadImageWithDelay\" data-wp-on--pointerleave=\"actions.cancelPreload\" data-wp-on-window--resize=\"callbacks.setButtonStyles\" data-id=\"25900\" src=\"https:\/\/fsk-kino.peripherfilm.de\/wp-content\/uploads\/2024\/09\/DerSpatzImKamin1-1024x576.jpg\" alt=\"Der Spatz im Kamin\" class=\"wp-image-25900\" srcset=\"https:\/\/fsk-kino.peripherfilm.de\/wp-content\/uploads\/2024\/09\/DerSpatzImKamin1-1024x576.jpg 1024w, https:\/\/fsk-kino.peripherfilm.de\/wp-content\/uploads\/2024\/09\/DerSpatzImKamin1-300x169.jpg 300w, https:\/\/fsk-kino.peripherfilm.de\/wp-content\/uploads\/2024\/09\/DerSpatzImKamin1-600x338.jpg 600w, https:\/\/fsk-kino.peripherfilm.de\/wp-content\/uploads\/2024\/09\/DerSpatzImKamin1-400x225.jpg 400w, https:\/\/fsk-kino.peripherfilm.de\/wp-content\/uploads\/2024\/09\/DerSpatzImKamin1-768x432.jpg 768w, https:\/\/fsk-kino.peripherfilm.de\/wp-content\/uploads\/2024\/09\/DerSpatzImKamin1-624x351.jpg 624w, https:\/\/fsk-kino.peripherfilm.de\/wp-content\/uploads\/2024\/09\/DerSpatzImKamin1.jpg 1511w\" sizes=\"auto, (max-width: 1024px) 100vw, 1024px\"><button class=\"lightbox-trigger\" type=\"button\" aria-haspopup=\"dialog\" data-wp-bind--aria-label=\"state.thisImage.triggerButtonAriaLabel\" data-wp-init=\"callbacks.initTriggerButton\" data-wp-on--click=\"actions.showLightbox\" data-wp-style--right=\"state.thisImage.buttonRight\" data-wp-style--top=\"state.thisImage.buttonTop\">\n\t\t\t<svg width=\"12\" height=\"12\" fill=\"none\" viewBox=\"0 0 12 12\">\n\t\t\t\t<path fill=\"#fff\" d=\"M2 0a2 2 0 0 0-2 2v2h1.5V2a.5.5 0 0 1 .5-.5h2V0H2Zm2 10.5H2a.5.5 0 0 1-.5-.5V8H0v2a2 2 0 0 0 2 2h2v-1.5ZM8 12v-1.5h2a.5.5 0 0 0 .5-.5V8H12v2a2 2 0 0 1-2 2H8Zm2-12a2 2 0 0 1 2 2v2h-1.5V2a.5.5 0 0 0-.5-.5H8V0h2Z\" \/>\n\t\t\t<\/svg>\n\t\t<\/button><\/figure>\n\n\n\n<figure data-wp-context=\"{&quot;imageId&quot;:&quot;69f1fdeba7f3b&quot;}\" data-wp-interactive=\"core\/image\" data-wp-key=\"69f1fdeba7f3b\" class=\"wp-block-image size-large wp-lightbox-container\"><img loading=\"lazy\" decoding=\"async\" width=\"1024\" height=\"576\" data-wp-class--hide=\"state.isContentHidden\" data-wp-class--show=\"state.isContentVisible\" data-wp-init=\"callbacks.setButtonStyles\" data-wp-on--click=\"actions.showLightbox\" data-wp-on--load=\"callbacks.setButtonStyles\" data-wp-on--pointerdown=\"actions.preloadImage\" data-wp-on--pointerenter=\"actions.preloadImageWithDelay\" data-wp-on--pointerleave=\"actions.cancelPreload\" data-wp-on-window--resize=\"callbacks.setButtonStyles\" data-id=\"25901\" src=\"https:\/\/fsk-kino.peripherfilm.de\/wp-content\/uploads\/2024\/09\/DerSpatzImKamin5-1024x576.jpg\" alt=\"Der Spatz im Kamin\" class=\"wp-image-25901\" srcset=\"https:\/\/fsk-kino.peripherfilm.de\/wp-content\/uploads\/2024\/09\/DerSpatzImKamin5-1024x576.jpg 1024w, https:\/\/fsk-kino.peripherfilm.de\/wp-content\/uploads\/2024\/09\/DerSpatzImKamin5-300x169.jpg 300w, https:\/\/fsk-kino.peripherfilm.de\/wp-content\/uploads\/2024\/09\/DerSpatzImKamin5-600x338.jpg 600w, https:\/\/fsk-kino.peripherfilm.de\/wp-content\/uploads\/2024\/09\/DerSpatzImKamin5-400x225.jpg 400w, https:\/\/fsk-kino.peripherfilm.de\/wp-content\/uploads\/2024\/09\/DerSpatzImKamin5-768x432.jpg 768w, https:\/\/fsk-kino.peripherfilm.de\/wp-content\/uploads\/2024\/09\/DerSpatzImKamin5-624x351.jpg 624w, https:\/\/fsk-kino.peripherfilm.de\/wp-content\/uploads\/2024\/09\/DerSpatzImKamin5.jpg 1511w\" sizes=\"auto, (max-width: 1024px) 100vw, 1024px\"><button class=\"lightbox-trigger\" type=\"button\" aria-haspopup=\"dialog\" data-wp-bind--aria-label=\"state.thisImage.triggerButtonAriaLabel\" data-wp-init=\"callbacks.initTriggerButton\" data-wp-on--click=\"actions.showLightbox\" data-wp-style--right=\"state.thisImage.buttonRight\" data-wp-style--top=\"state.thisImage.buttonTop\">\n\t\t\t<svg width=\"12\" height=\"12\" fill=\"none\" viewBox=\"0 0 12 12\">\n\t\t\t\t<path fill=\"#fff\" d=\"M2 0a2 2 0 0 0-2 2v2h1.5V2a.5.5 0 0 1 .5-.5h2V0H2Zm2 10.5H2a.5.5 0 0 1-.5-.5V8H0v2a2 2 0 0 0 2 2h2v-1.5ZM8 12v-1.5h2a.5.5 0 0 0 .5-.5V8H12v2a2 2 0 0 1-2 2H8Zm2-12a2 2 0 0 1 2 2v2h-1.5V2a.5.5 0 0 0-.5-.5H8V0h2Z\" \/>\n\t\t\t<\/svg>\n\t\t<\/button><\/figure>\n<\/figure>\n\n\n\n<pre class=\"wp-block-code\"><code><a name=\"credits\"><\/a><strong>Credits<\/strong>:<\/code><\/pre>\n\n\n\n<p class=\"wp-block-paragraph\"><em><span class=\"caps\">CH<\/span> 2024, 117 Min., deut\u00adsche Originalfassung mit eng\u00adli\u00adschen Untertiteln<br>Regie <span class=\"amp\">&amp;<\/span> Schnitt: Ramon Z\u00fcrcher<br>Kamera: Alex Hasskerl<br>Produzent: Silvan Z\u00fcrcher   <br>mit: Maren Eggert, Britta Hammelstein, Luise Heyer, Andreas D\u00f6hler, Milian Zerzawy, Lea Zoe Voss, Ilja Bultmann, Paula Schindler, Luana&nbsp;Greco<\/em><\/p>\n\n\n\n<pre class=\"wp-block-code\"><code><a name=\"trailer\"><\/a><strong>Trailer<\/strong>:<\/code><\/pre>\n\n\n<figure class=\"wp-block-embed-youtube wp-block-embed is-type-video is-provider-youtube wp-embed-aspect-16-9 wp-has-aspect-ratio\"><div class=\"lyte-wrapper\" title=\"DER SPATZ IM KAMIN Trailer Deutsch | German [HD]\" style=\"width:640px;max-width:100%;margin:5px;\"><div class=\"lyMe\" id=\"WYL_6KXJ6eZTJs8\" itemprop=\"video\" itemscope itemtype=\"https:\/\/schema.org\/VideoObject\"><div><meta itemprop=\"thumbnailUrl\" content=\"https:\/\/fsk-kino.peripherfilm.de\/wp-content\/plugins\/wp-youtube-lyte\/lyteCache.php?origThumbUrl=https%3A%2F%2Fi.ytimg.com%2Fvi%2F6KXJ6eZTJs8%2Fhqdefault.jpg\"><meta itemprop=\"embedURL\" content=\"https:\/\/www.youtube.com\/embed\/6KXJ6eZTJs8\"><meta itemprop=\"duration\" content=\"PT1M56S\"><meta itemprop=\"uploadDate\" content=\"2024-09-03T15:21:03Z\"><\/div><div id=\"lyte_6KXJ6eZTJs8\" data-src=\"https:\/\/fsk-kino.peripherfilm.de\/wp-content\/plugins\/wp-youtube-lyte\/lyteCache.php?origThumbUrl=https%3A%2F%2Fi.ytimg.com%2Fvi%2F6KXJ6eZTJs8%2Fhqdefault.jpg\" class=\"pL\"><div class=\"tC\"><div class=\"tT\" itemprop=\"name\"><span class=\"caps\">DER<\/span> <span class=\"caps\">SPATZ<\/span> <span class=\"caps\">IM<\/span> <span class=\"caps\">KAMIN<\/span> Trailer Deutsch | German [<span class=\"caps\">HD<\/span>]<\/div><\/div><div class=\"play\"><\/div><div class=\"ctrl\"><div class=\"Lctrl\"><\/div><div class=\"Rctrl\"><\/div><\/div><\/div><noscript><a href=\"https:\/\/youtu.be\/6KXJ6eZTJs8\" rel=\"nofollow\"><img loading=\"lazy\" decoding=\"async\" src=\"https:\/\/fsk-kino.peripherfilm.de\/wp-content\/plugins\/wp-youtube-lyte\/lyteCache.php?origThumbUrl=https%3A%2F%2Fi.ytimg.com%2Fvi%2F6KXJ6eZTJs8%2F0.jpg\" alt=\"DER SPATZ IM KAMIN Trailer Deutsch | German [HD]\" width=\"640\" height=\"340\"><br>Watch this video on YouTube<\/a><\/noscript><meta itemprop=\"description\" content=\"ein Film von Ramon Z\u00fcrcher Schweiz 2024, 117 Minuten, deutsche Originalfassung Karen wohnt mit ihrem Ehemann Markus und den gemeinsamen Kindern in ihrem idyllisch gelegenen Elternhaus. Zu Markus\u2019 Geburtstag reist auch Karens Schwester Jule mit ihrer Familie an. Die beiden Frauen k\u00f6nnten unterschiedlicher nicht sein. D\u00fcstere Erinnerungen an die verstorbene Mutter verst\u00e4rken Jules Drang nach Rebellion gegen ihre herrische Schwester. W\u00e4hrend sich das Haus zunehmend mit Leben f\u00fcllt und ein Spatz im Kamin den Weg in die Freiheit sucht, steigt in Karen die Anspannung \u2013 bis sich alles zuspitzt und Altes zerst\u00f6rt wird, um Raum f\u00fcr Neues zu schaffen. Nach den vielfach preisgekr\u00f6nten Festivalhits \u201eDas merkw\u00fcrdige K\u00e4tzchen\u201c und \u201eDas M\u00e4dchen und die Spinne\u201c erz\u00e4hlen die Schweizer Zwillingsbr\u00fcder Ramon und Silvan Z\u00fcrcher auch in ihrem dritten Film \u2013 dem Abschluss der \u201eTier-Trilogie\u201c \u2013 auf ganz eigene Art vom menschlichen Zusammenleben. Mal wuchtig, dass einem der Atem stockt, mal poetisch feinf\u00fchlig und humorvoll, und mit einem gl\u00e4nzenden Cast, taucht \u201eDer Spatz im Kamin\u201c in den abgr\u00fcndigen Kosmos einer Familie ein und entfacht zwischen verborgenen Sehns\u00fcchten und Geheimnissen ein lichterloh brennendes Feuer des Aufbruchs. Mehr Infos zu Salzgeber: Hompage: http:\/\/www.salzgeber.de\/ Streamen im Salzgeber Club: https:\/\/www.salzgeber.club\/ Instagram: https:\/\/www.instagram.com\/editionsalzgeber\/ Facebook: https:\/\/www.facebook.com\/edition.salzgeber Shop: https:\/\/salzgeber.shop\/ --- Unsere Filme findet ihr im Einzelhandel, auf Amazon &amp; Co sowie auf Vimeo on Demand! https:\/\/vimeo.com\/salzgeber\/vod_pages\"><\/div><\/div><div class=\"lL\" style=\"max-width:100%;width:640px;margin:5px;\"><\/div><figcaption><\/figcaption><\/figure>\n\n\n<pre class=\"wp-block-code\"><code><a href=\"#oben\" data-type=\"internal\" data-id=\"#oben\">nach oben<\/a><\/code><\/pre>","protected":false},"excerpt":{"rendered":"<p>A film by Ramon Z\u00fcrcher. In German with English sub\u00adtit\u00adles. [Credits] [Tickets <span class=\"amp\">&amp;<\/span> Termine] [Trailer] Karen lives with her hus\u00adband Markus and their child\u00adren in her idyl\u00adlic child\u00adhood home. Karen\u2019s sis\u00adter Jule and her fami\u00adly are visi\u00adting for Markus\u2019 bir\u00adth\u00adday. The two women could not be more dif\u00adfe\u00adrent. Grim remin\u00adders of their decea\u00adsed mother incite&nbsp;[\u2026]<\/p>\n","protected":false},"author":2,"featured_media":25903,"comment_status":"closed","ping_status":"closed","sticky":false,"template":"","format":"standard","meta":{"_crdt_document":"","wp_typography_post_enhancements_disabled":false,"slim_seo":{"title":"Der Spatz im Kamin - fsk Kino","description":"[:de] Ein Film von Ramon Z\u00fcrcher. [ Credits ] [ Tickets &amp; Termine ] [ Trailer ] Nach Das merkw\u00fcrdige K\u00e4tzchen geht es im Ramon Z\u00fcrchers dritten Teil der \u201eTi"},"footnotes":""},"categories":[25],"tags":[],"class_list":["post-25899","post","type-post","status-publish","format-standard","has-post-thumbnail","hentry","category-archiv"],"_links":{"self":[{"href":"https:\/\/fsk-kino.peripherfilm.de\/en\/wp-json\/wp\/v2\/posts\/25899","targetHints":{"allow":["GET"]}}],"collection":[{"href":"https:\/\/fsk-kino.peripherfilm.de\/en\/wp-json\/wp\/v2\/posts"}],"about":[{"href":"https:\/\/fsk-kino.peripherfilm.de\/en\/wp-json\/wp\/v2\/types\/post"}],"author":[{"embeddable":true,"href":"https:\/\/fsk-kino.peripherfilm.de\/en\/wp-json\/wp\/v2\/users\/2"}],"replies":[{"embeddable":true,"href":"https:\/\/fsk-kino.peripherfilm.de\/en\/wp-json\/wp\/v2\/comments?post=25899"}],"version-history":[{"count":0,"href":"https:\/\/fsk-kino.peripherfilm.de\/en\/wp-json\/wp\/v2\/posts\/25899\/revisions"}],"wp:featuredmedia":[{"embeddable":true,"href":"https:\/\/fsk-kino.peripherfilm.de\/en\/wp-json\/wp\/v2\/media\/25903"}],"wp:attachment":[{"href":"https:\/\/fsk-kino.peripherfilm.de\/en\/wp-json\/wp\/v2\/media?parent=25899"}],"wp:term":[{"taxonomy":"category","embeddable":true,"href":"https:\/\/fsk-kino.peripherfilm.de\/en\/wp-json\/wp\/v2\/categories?post=25899"},{"taxonomy":"post_tag","embeddable":true,"href":"https:\/\/fsk-kino.peripherfilm.de\/en\/wp-json\/wp\/v2\/tags?post=25899"}],"curies":[{"name":"wp","href":"https:\/\/api.w.org\/{rel}","templated":true}]}}