{"id":24518,"date":"2024-03-31T13:28:11","date_gmt":"2024-03-31T11:28:11","guid":{"rendered":"https:\/\/fsk-kino.peripherfilm.de\/?p=24518"},"modified":"2024-05-23T00:11:35","modified_gmt":"2024-05-22T22:11:35","slug":"die-vision-der-claudia-andujar","status":"publish","type":"post","link":"https:\/\/fsk-kino.peripherfilm.de\/en\/die-vision-der-claudia-andujar\/","title":{"rendered":"Die Vision der Claudia Andujar"},"content":{"rendered":"<p class=\"wp-block-paragraph\">A film by Heidi Specogna. In Portugese and French with German subtitles.<\/p>\n\n\n\n<p class=\"has-text-align-right wp-block-paragraph\">[<a href=\"#credits\">Credits<\/a>] [<a href=\"https:\/\/booking.cinetixx.de\/frontend\/#\/movie\/2278359999\/2944173436\">Tickets <span class=\"amp\">&amp;<\/span> Termine<\/a>] [<a href=\"#trailer\">Trailer<\/a>]<\/p>\n\n\n\n<p class=\"wp-block-paragraph\">Claudia Andujar\u2019s life has been shaped by num\u00ade\u00adrous dra\u00adma\u00adtic events. From her escape from the Holocaust to her work in Brazil, whe\u00adre she found her life\u2019s mis\u00adsi\u00adon: the pro\u00adtec\u00adtion of the Yanomami peo\u00adp\u00adle in the Amazon regi\u00adon. In her docu\u00admen\u00adta\u00adry \u201eThe Vision of Claudia Andujar\u201d, German Film Award win\u00adner Heidi Specogna unfolds a mul\u00adti-face\u00adted por\u00adtrait of the renow\u00adned artist. Following in the foot\u00ads\u00adteps of her poli\u00adti\u00adcal and poe\u00adtic pho\u00adto\u00adgraphs, we tra\u00advel to the high\u00adly end\u00adan\u00adge\u00adred rain\u00adfo\u00adrest regi\u00adon \u2013 and dis\u00adco\u00adver Andujar\u2019s legacy.<\/p>\n\n\n\n<p class=\"wp-block-paragraph\">The moving docu\u00admen\u00adta\u00adry \u201eThe Vision of Claudia Andujar\u201d covers the life and work of renow\u00adned pho\u00adto\u00adgrapher, huma\u00adnist and acti\u00advist Claudia Andujar. Since the 1950s, she has been pas\u00adsio\u00adna\u00adte\u00adly com\u00admit\u00adted to the rights and pro\u00adtec\u00adtion of the indi\u00adge\u00adnous Amazonian peo\u00adp\u00adles. With award-win\u00adning pho\u00adto\u00adgraphs and a lifel\u00adong com\u00admit\u00adment, she fights against the bru\u00adtal actions of gold dig\u00adgers, militi\u00adas, tim\u00adber com\u00adpa\u00adnies, catt\u00adle ran\u00adchers and their explo\u00adita\u00adti\u00adon. Heidi Specogna\u2019s film del\u00adves into Andujar\u2019s life sto\u00adry, which is also shaped by her flight from the Holocaust and final\u00adly led her to her new home in Brazil. The film team visits the Amazon regi\u00adon, which is now more threa\u00adten\u00aded than ever, and the Yanomami peo\u00adp\u00adle living the\u00adre, to who\u00adse pro\u00adtec\u00adtion Claudia Andujar has dedi\u00adca\u00adted her life. There we meet a young gene\u00adra\u00adti\u00adon of indi\u00adge\u00adnous peo\u00adp\u00adle who are informing the public about the acu\u00adte thre\u00adat to their habi\u00adtat with films they have made them\u00adsel\u00adves: Their docu\u00admen\u00adta\u00adries report on the devas\u00adta\u00adting effects of slash-and-burn agri\u00adcul\u00adtu\u00adre, loo\u00adting and envi\u00adron\u00admen\u00adtal des\u00adtruc\u00adtion in the Amazon regi\u00adon \u2013 and at the same time docu\u00adment the rich tra\u00addi\u00adti\u00adons and uni\u00adque habi\u00adtat of their people.<\/p>\n\n\n\n<p class=\"wp-block-paragraph\"><span class=\"dquo\">\u00bb<\/span>The open, undis\u00adgu\u00adi\u00adsed gaze of the peo\u00adp\u00adle in the came\u00adra touch\u00aded me and arou\u00adsed my curio\u00adsi\u00adty about Claudia Andujar.\u00ab Heidi Specogna<\/p>\n\n\n\n<figure data-wp-context=\"{&quot;galleryId&quot;:&quot;69f4cebc05d06&quot;}\" data-wp-interactive=\"core\/gallery\" class=\"wp-block-gallery has-nested-images columns-default is-cropped wp-block-gallery-2 is-layout-flex wp-block-gallery-is-layout-flex\">\n<figure data-wp-context=\"{&quot;imageId&quot;:&quot;69f4cebc0667b&quot;}\" data-wp-interactive=\"core\/image\" data-wp-key=\"69f4cebc0667b\" class=\"wp-block-image size-large wp-lightbox-container\"><img loading=\"lazy\" decoding=\"async\" width=\"1024\" height=\"679\" data-wp-class--hide=\"state.isContentHidden\" data-wp-class--show=\"state.isContentVisible\" data-wp-init=\"callbacks.setButtonStyles\" data-wp-on--click=\"actions.showLightbox\" data-wp-on--load=\"callbacks.setButtonStyles\" data-wp-on--pointerdown=\"actions.preloadImage\" data-wp-on--pointerenter=\"actions.preloadImageWithDelay\" data-wp-on--pointerleave=\"actions.cancelPreload\" data-wp-on-window--resize=\"callbacks.setButtonStyles\" data-id=\"24520\" src=\"https:\/\/fsk-kino.peripherfilm.de\/wp-content\/uploads\/2024\/03\/Claudiaandujar2-1024x679.jpg\" alt=\"Die Vision der Claudia Andujar\" class=\"wp-image-24520\" srcset=\"https:\/\/fsk-kino.peripherfilm.de\/wp-content\/uploads\/2024\/03\/Claudiaandujar2-1024x679.jpg 1024w, https:\/\/fsk-kino.peripherfilm.de\/wp-content\/uploads\/2024\/03\/Claudiaandujar2-300x199.jpg 300w, https:\/\/fsk-kino.peripherfilm.de\/wp-content\/uploads\/2024\/03\/Claudiaandujar2-600x398.jpg 600w, https:\/\/fsk-kino.peripherfilm.de\/wp-content\/uploads\/2024\/03\/Claudiaandujar2-400x265.jpg 400w, https:\/\/fsk-kino.peripherfilm.de\/wp-content\/uploads\/2024\/03\/Claudiaandujar2-768x509.jpg 768w, https:\/\/fsk-kino.peripherfilm.de\/wp-content\/uploads\/2024\/03\/Claudiaandujar2-624x414.jpg 624w, https:\/\/fsk-kino.peripherfilm.de\/wp-content\/uploads\/2024\/03\/Claudiaandujar2.jpg 1490w\" sizes=\"auto, (max-width: 1024px) 100vw, 1024px\"><button class=\"lightbox-trigger\" type=\"button\" aria-haspopup=\"dialog\" data-wp-bind--aria-label=\"state.thisImage.triggerButtonAriaLabel\" data-wp-init=\"callbacks.initTriggerButton\" data-wp-on--click=\"actions.showLightbox\" data-wp-style--right=\"state.thisImage.buttonRight\" data-wp-style--top=\"state.thisImage.buttonTop\">\n\t\t\t<svg width=\"12\" height=\"12\" fill=\"none\" viewBox=\"0 0 12 12\">\n\t\t\t\t<path fill=\"#fff\" d=\"M2 0a2 2 0 0 0-2 2v2h1.5V2a.5.5 0 0 1 .5-.5h2V0H2Zm2 10.5H2a.5.5 0 0 1-.5-.5V8H0v2a2 2 0 0 0 2 2h2v-1.5ZM8 12v-1.5h2a.5.5 0 0 0 .5-.5V8H12v2a2 2 0 0 1-2 2H8Zm2-12a2 2 0 0 1 2 2v2h-1.5V2a.5.5 0 0 0-.5-.5H8V0h2Z\" \/>\n\t\t\t<\/svg>\n\t\t<\/button><\/figure>\n\n\n\n<figure data-wp-context=\"{&quot;imageId&quot;:&quot;69f4cebc0713b&quot;}\" data-wp-interactive=\"core\/image\" data-wp-key=\"69f4cebc0713b\" class=\"wp-block-image size-large wp-lightbox-container\"><img loading=\"lazy\" decoding=\"async\" width=\"1024\" height=\"679\" data-wp-class--hide=\"state.isContentHidden\" data-wp-class--show=\"state.isContentVisible\" data-wp-init=\"callbacks.setButtonStyles\" data-wp-on--click=\"actions.showLightbox\" data-wp-on--load=\"callbacks.setButtonStyles\" data-wp-on--pointerdown=\"actions.preloadImage\" data-wp-on--pointerenter=\"actions.preloadImageWithDelay\" data-wp-on--pointerleave=\"actions.cancelPreload\" data-wp-on-window--resize=\"callbacks.setButtonStyles\" data-id=\"24522\" src=\"https:\/\/fsk-kino.peripherfilm.de\/wp-content\/uploads\/2024\/03\/Claudiaandujar5-1024x679.jpg\" alt=\"Die Vision der Claudia Andujar\" class=\"wp-image-24522\" srcset=\"https:\/\/fsk-kino.peripherfilm.de\/wp-content\/uploads\/2024\/03\/Claudiaandujar5-1024x679.jpg 1024w, https:\/\/fsk-kino.peripherfilm.de\/wp-content\/uploads\/2024\/03\/Claudiaandujar5-300x199.jpg 300w, https:\/\/fsk-kino.peripherfilm.de\/wp-content\/uploads\/2024\/03\/Claudiaandujar5-600x398.jpg 600w, https:\/\/fsk-kino.peripherfilm.de\/wp-content\/uploads\/2024\/03\/Claudiaandujar5-400x265.jpg 400w, https:\/\/fsk-kino.peripherfilm.de\/wp-content\/uploads\/2024\/03\/Claudiaandujar5-768x509.jpg 768w, https:\/\/fsk-kino.peripherfilm.de\/wp-content\/uploads\/2024\/03\/Claudiaandujar5-624x414.jpg 624w, https:\/\/fsk-kino.peripherfilm.de\/wp-content\/uploads\/2024\/03\/Claudiaandujar5.jpg 1490w\" sizes=\"auto, (max-width: 1024px) 100vw, 1024px\"><button class=\"lightbox-trigger\" type=\"button\" aria-haspopup=\"dialog\" data-wp-bind--aria-label=\"state.thisImage.triggerButtonAriaLabel\" data-wp-init=\"callbacks.initTriggerButton\" data-wp-on--click=\"actions.showLightbox\" data-wp-style--right=\"state.thisImage.buttonRight\" data-wp-style--top=\"state.thisImage.buttonTop\">\n\t\t\t<svg width=\"12\" height=\"12\" fill=\"none\" viewBox=\"0 0 12 12\">\n\t\t\t\t<path fill=\"#fff\" d=\"M2 0a2 2 0 0 0-2 2v2h1.5V2a.5.5 0 0 1 .5-.5h2V0H2Zm2 10.5H2a.5.5 0 0 1-.5-.5V8H0v2a2 2 0 0 0 2 2h2v-1.5ZM8 12v-1.5h2a.5.5 0 0 0 .5-.5V8H12v2a2 2 0 0 1-2 2H8Zm2-12a2 2 0 0 1 2 2v2h-1.5V2a.5.5 0 0 0-.5-.5H8V0h2Z\" \/>\n\t\t\t<\/svg>\n\t\t<\/button><\/figure>\n\n\n\n<figure data-wp-context=\"{&quot;imageId&quot;:&quot;69f4cebc07b28&quot;}\" data-wp-interactive=\"core\/image\" data-wp-key=\"69f4cebc07b28\" class=\"wp-block-image size-large wp-lightbox-container\"><img loading=\"lazy\" decoding=\"async\" width=\"1024\" height=\"679\" data-wp-class--hide=\"state.isContentHidden\" data-wp-class--show=\"state.isContentVisible\" data-wp-init=\"callbacks.setButtonStyles\" data-wp-on--click=\"actions.showLightbox\" data-wp-on--load=\"callbacks.setButtonStyles\" data-wp-on--pointerdown=\"actions.preloadImage\" data-wp-on--pointerenter=\"actions.preloadImageWithDelay\" data-wp-on--pointerleave=\"actions.cancelPreload\" data-wp-on-window--resize=\"callbacks.setButtonStyles\" data-id=\"24521\" src=\"https:\/\/fsk-kino.peripherfilm.de\/wp-content\/uploads\/2024\/03\/Claudiaandujar3-1024x679.jpg\" alt=\"Die Vision der Claudia Andujar\" class=\"wp-image-24521\" srcset=\"https:\/\/fsk-kino.peripherfilm.de\/wp-content\/uploads\/2024\/03\/Claudiaandujar3-1024x679.jpg 1024w, https:\/\/fsk-kino.peripherfilm.de\/wp-content\/uploads\/2024\/03\/Claudiaandujar3-300x199.jpg 300w, https:\/\/fsk-kino.peripherfilm.de\/wp-content\/uploads\/2024\/03\/Claudiaandujar3-600x398.jpg 600w, https:\/\/fsk-kino.peripherfilm.de\/wp-content\/uploads\/2024\/03\/Claudiaandujar3-400x265.jpg 400w, https:\/\/fsk-kino.peripherfilm.de\/wp-content\/uploads\/2024\/03\/Claudiaandujar3-768x509.jpg 768w, https:\/\/fsk-kino.peripherfilm.de\/wp-content\/uploads\/2024\/03\/Claudiaandujar3-624x414.jpg 624w, https:\/\/fsk-kino.peripherfilm.de\/wp-content\/uploads\/2024\/03\/Claudiaandujar3.jpg 1490w\" sizes=\"auto, (max-width: 1024px) 100vw, 1024px\"><button class=\"lightbox-trigger\" type=\"button\" aria-haspopup=\"dialog\" data-wp-bind--aria-label=\"state.thisImage.triggerButtonAriaLabel\" data-wp-init=\"callbacks.initTriggerButton\" data-wp-on--click=\"actions.showLightbox\" data-wp-style--right=\"state.thisImage.buttonRight\" data-wp-style--top=\"state.thisImage.buttonTop\">\n\t\t\t<svg width=\"12\" height=\"12\" fill=\"none\" viewBox=\"0 0 12 12\">\n\t\t\t\t<path fill=\"#fff\" d=\"M2 0a2 2 0 0 0-2 2v2h1.5V2a.5.5 0 0 1 .5-.5h2V0H2Zm2 10.5H2a.5.5 0 0 1-.5-.5V8H0v2a2 2 0 0 0 2 2h2v-1.5ZM8 12v-1.5h2a.5.5 0 0 0 .5-.5V8H12v2a2 2 0 0 1-2 2H8Zm2-12a2 2 0 0 1 2 2v2h-1.5V2a.5.5 0 0 0-.5-.5H8V0h2Z\" \/>\n\t\t\t<\/svg>\n\t\t<\/button><\/figure>\n<\/figure>\n\n\n\n<pre class=\"wp-block-code\"><code><a name=\"credits\"><\/a><strong>Credits<\/strong>:<\/code><\/pre>\n\n\n\n<p class=\"wp-block-paragraph\"><span class=\"caps\">DE<\/span>\/<span class=\"caps\">CH<\/span> 2024, 88 Min., por\u00adtu\u00adgie\u00adsisch, fran\u00adz\u00f6\u00adsi\u00adsche OmU<br>Regie: Heidi Specogna<br>Kamera: Johann Feindt<br>Schnitt: Kaya&nbsp;Inan<\/p>\n\n\n\n<pre class=\"wp-block-code\"><code><a name=\"trailer\"><\/a><strong>Trailer<\/strong>:<\/code><\/pre>\n\n\n<figure class=\"wp-block-embed-youtube wp-block-embed is-type-video is-provider-youtube wp-embed-aspect-16-9 wp-has-aspect-ratio\"><div class=\"lyte-wrapper\" title=\"Die Vision der Claudia Andujar [Offizieller Trailer DEUTSCH HD] \u2013 Ab 9. Mai im Kino\" style=\"width:640px;max-width:100%;margin:5px;\"><div class=\"lyMe\" id=\"WYL_ohmg36NvoGg\" itemprop=\"video\" itemscope itemtype=\"https:\/\/schema.org\/VideoObject\"><div><meta itemprop=\"thumbnailUrl\" content=\"https:\/\/fsk-kino.peripherfilm.de\/wp-content\/plugins\/wp-youtube-lyte\/lyteCache.php?origThumbUrl=https%3A%2F%2Fi.ytimg.com%2Fvi%2Fohmg36NvoGg%2Fhqdefault.jpg\"><meta itemprop=\"embedURL\" content=\"https:\/\/www.youtube.com\/embed\/ohmg36NvoGg\"><meta itemprop=\"duration\" content=\"PT1M56S\"><meta itemprop=\"uploadDate\" content=\"2024-04-17T17:18:15Z\"><\/div><div id=\"lyte_ohmg36NvoGg\" data-src=\"https:\/\/fsk-kino.peripherfilm.de\/wp-content\/plugins\/wp-youtube-lyte\/lyteCache.php?origThumbUrl=https%3A%2F%2Fi.ytimg.com%2Fvi%2Fohmg36NvoGg%2Fhqdefault.jpg\" class=\"pL\"><div class=\"tC\"><div class=\"tT\" itemprop=\"name\">Die Vision der Claudia Andujar [Offizieller Trailer <span class=\"caps\">DEUTSCH<\/span> <span class=\"caps\">HD<\/span>] \u2013 Ab 9. Mai im&nbsp;Kino<\/div><\/div><div class=\"play\"><\/div><div class=\"ctrl\"><div class=\"Lctrl\"><\/div><div class=\"Rctrl\"><\/div><\/div><\/div><noscript><a href=\"https:\/\/youtu.be\/ohmg36NvoGg\" rel=\"nofollow\"><img loading=\"lazy\" decoding=\"async\" src=\"https:\/\/fsk-kino.peripherfilm.de\/wp-content\/plugins\/wp-youtube-lyte\/lyteCache.php?origThumbUrl=https%3A%2F%2Fi.ytimg.com%2Fvi%2Fohmg36NvoGg%2F0.jpg\" alt=\"Die Vision der Claudia Andujar [Offizieller Trailer DEUTSCH HD] \u2013 Ab 9. Mai im Kino\" width=\"640\" height=\"340\"><br>Watch this video on YouTube<\/a><\/noscript><meta itemprop=\"description\" content=\"Webseite: https:\/\/www.wfilm.de\/claudia-andujar\/ Kinotermine: https:\/\/linktr.ee\/claudiaandujar Humanistin, Aktivistin und preisgekr\u00f6nte Fotografin Claudia Andujars Leben war von zahlreichen dramatischen Ereignissen gepr\u00e4gt. Von ihrer Flucht vor dem Holocaust bis zu ihrem Wirken in Brasilien, wo sie ihre Lebensaufgabe fand: den Schutz des Yanomami-Volkes im Amazonasgebiet. Die Deutsche Filmpreis-Tr\u00e4gerin Heidi Specogna entfaltet in ihrem Dokumentarfilm \u201eDie Vision der Claudia Andujar\u201c ein facettenreiches Portr\u00e4t der renommierten K\u00fcnstlerin. Auf den Spuren ihrer politischen wie poetischen Fotografien begeben wir uns in das stark bedrohte Regenwaldgebiet \u2013 und entdecken Andujars Verm\u00e4chtnis. Der bewegende Dokumentarfilm \u201eDie Vision der Claudia Andujar&quot; umfasst das Leben und Werk der renommierten Fotografin, Humanistin und Aktivistin Claudia Andujar. Seit den 1950er Jahren engagiert sie sich leidenschaftlich f\u00fcr die Rechte und den Schutz der indigenen Amazonas-V\u00f6lker. Mit preisgekr\u00f6nten Fotografien und einem lebenslangen Einsatz k\u00e4mpft sie gegen das brutale Vorgehen von Goldgr\u00e4bern, Milizen, Holzkonzernen, Rinderz\u00fcchtern und deren Raubbau. Heidi Specognas Film taucht in Andujars Lebensgeschichte ein, die auch von ihrer Flucht vor dem Holocaust gepr\u00e4gt ist und sie schlie\u00dflich in ihre neue Heimat Brasilien f\u00fchrte. Das Filmteam besucht das heute st\u00e4rker denn je bedrohte Amazonasgebiet und die dort lebenden Yanomami, deren Schutz Claudia Andujar ihr Leben gewidmet hat. Dort lernen wir eine junge Generation Indigener kennen, die mit selbstgedrehten Filmen die \u00d6ffentlichkeit \u00fcber die akute Bedrohung ihres Lebensraums informieren: Ihre Reportagen berichten \u00fcber die verheerenden Auswirkungen der Brandrodungen, Pl\u00fcnderungen und Umweltzerst\u00f6rungen im Amazonasgebiet \u2013 und dokumentieren zugleich die reichhaltigen Traditionen und den einzigartigen Lebensraum ihres Volkes. \u00bbDer offene, unverstellte Blick der Menschen in die Kamera hat mich ber\u00fchrt und meine Neugierde auf Claudia Andujar geweckt.\u00ab Heidi Specogna\"><\/div><\/div><div class=\"lL\" style=\"max-width:100%;width:640px;margin:5px;\"><\/div><figcaption><\/figcaption><\/figure>\n\n\n<pre class=\"wp-block-code\"><code><a href=\"#oben\" data-type=\"internal\" data-id=\"#oben\">nach oben<\/a><\/code><\/pre>","protected":false},"excerpt":{"rendered":"<p>A film by Heidi Specogna. In Portugese and French with German sub\u00adtit\u00adles. [Credits] [Tickets <span class=\"amp\">&amp;<\/span> Termine] [Trailer] Claudia Andujar\u2019s life has been shaped by num\u00ade\u00adrous dra\u00adma\u00adtic events. From her escape from the Holocaust to her work in Brazil, whe\u00adre she found her life\u2019s mis\u00adsi\u00adon: the pro\u00adtec\u00adtion of the Yanomami peo\u00adp\u00adle in the Amazon regi\u00adon.&nbsp;In&nbsp;[\u2026]<\/p>\n","protected":false},"author":2,"featured_media":24524,"comment_status":"closed","ping_status":"closed","sticky":false,"template":"","format":"standard","meta":{"_crdt_document":"","wp_typography_post_enhancements_disabled":false,"slim_seo":{"title":"[:de]Die Vision der Claudia Andujar[:] - fsk Kino","description":"[:de] Ein Film von Heidi Specogna. [ Credits ] [ Tickets &amp; Termine ] [ Trailer ] Claudia Andujar hatte sich als Fotoreporterin in New York schon einen Namen"},"footnotes":""},"categories":[25],"tags":[],"class_list":["post-24518","post","type-post","status-publish","format-standard","has-post-thumbnail","hentry","category-archiv"],"_links":{"self":[{"href":"https:\/\/fsk-kino.peripherfilm.de\/en\/wp-json\/wp\/v2\/posts\/24518","targetHints":{"allow":["GET"]}}],"collection":[{"href":"https:\/\/fsk-kino.peripherfilm.de\/en\/wp-json\/wp\/v2\/posts"}],"about":[{"href":"https:\/\/fsk-kino.peripherfilm.de\/en\/wp-json\/wp\/v2\/types\/post"}],"author":[{"embeddable":true,"href":"https:\/\/fsk-kino.peripherfilm.de\/en\/wp-json\/wp\/v2\/users\/2"}],"replies":[{"embeddable":true,"href":"https:\/\/fsk-kino.peripherfilm.de\/en\/wp-json\/wp\/v2\/comments?post=24518"}],"version-history":[{"count":0,"href":"https:\/\/fsk-kino.peripherfilm.de\/en\/wp-json\/wp\/v2\/posts\/24518\/revisions"}],"wp:featuredmedia":[{"embeddable":true,"href":"https:\/\/fsk-kino.peripherfilm.de\/en\/wp-json\/wp\/v2\/media\/24524"}],"wp:attachment":[{"href":"https:\/\/fsk-kino.peripherfilm.de\/en\/wp-json\/wp\/v2\/media?parent=24518"}],"wp:term":[{"taxonomy":"category","embeddable":true,"href":"https:\/\/fsk-kino.peripherfilm.de\/en\/wp-json\/wp\/v2\/categories?post=24518"},{"taxonomy":"post_tag","embeddable":true,"href":"https:\/\/fsk-kino.peripherfilm.de\/en\/wp-json\/wp\/v2\/tags?post=24518"}],"curies":[{"name":"wp","href":"https:\/\/api.w.org\/{rel}","templated":true}]}}