{"id":22581,"date":"2024-07-28T12:30:27","date_gmt":"2024-07-28T10:30:27","guid":{"rendered":"https:\/\/fsk-kino.peripherfilm.de\/?post_type=event&#038;p=22581"},"modified":"2026-03-29T14:51:30","modified_gmt":"2026-03-29T12:51:30","slug":"filmpolska-god-lunapark-warriors","status":"publish","type":"post","link":"https:\/\/fsk-kino.peripherfilm.de\/en\/filmpolska-god-lunapark-warriors\/","title":{"rendered":"filmPOLSKA reloaded \u2013 God <span class=\"amp\">&amp;<\/span> Lunapark Warriors"},"content":{"rendered":"<p class=\"qtranxs-available-languages-message qtranxs-available-languages-message-en\">Sorry, this ent\u00adry is only available in <a href=\"https:\/\/fsk-kino.peripherfilm.de\/de\/wp-json\/wp\/v2\/posts\/22581\" class=\"qtranxs-available-language-link qtranxs-available-language-link-de\" title=\"Deutsch\">Deutsch<\/a>.<\/p><p class=\"has-text-align-left wp-block-paragraph\"><strong>B\u00f3g i wojow\u00adni\u00adcy luna\u00adpar\u00adk\u00f3w \/ God <span class=\"amp\">&amp;<\/span> Lunapark Warriors<\/strong><\/p>\n\n\n\n<p class=\"has-text-align-right wp-block-paragraph\">[<a href=\"https:\/\/booking.cinetixx.de\/frontend\/#\/movie\/2278359999\/3006280107\">Tickets<\/a>]<\/p>\n\n\n\n<p class=\"wp-block-paragraph\"><span class=\"caps\">PL<\/span> 2022<br>R\/B: Bart\u0142omiej \u017bmuda<br>77 min, OmeU<br>K: Micha\u0142 Opala<br>S: Rafa\u0142 St\u00f3s <span class=\"amp\">&amp;<\/span> Agnieszka Kowalczyk<br>M: Miko\u0142aj Majkusiak<\/p>\n\n\n\n<p class=\"wp-block-paragraph\">Es knirscht gewal\u00adtig zwi\u00adschen dem Schriftsteller und Berufs-Provokateur Andrzej Rodan und sei\u00adnem Sohn Pawe\u0142. Kein Wunder, schlie\u00df\u00adlich ver\u00addient der \u00fcber\u00adzeug\u00adte Atheist Andrzej sei\u00adnen Lebensunterhalt mit B\u00fcchern, in denen er Kirche und Christentum angreift, w\u00e4h\u00adrend sein Sohn tief gl\u00e4u\u00adbig ist und sei\u00adne beruf\u00adli\u00adche Zukunft in der katho\u00adli\u00adschen Kirche sieht. Dabei war es doch fr\u00fc\u00adher so idyl\u00adlisch: Gemeinsam mach\u00adten sie eine Tour durch die Vergn\u00fcgungsparks Europas und kein Blatt Papier pass\u00adte zwi\u00adschen Vater und Sohn, wie ein\u00adge\u00adfloch\u00adte\u00adne Videoband-Schnipsel bezeugen.<\/p>\n\n\n\n<p class=\"wp-block-paragraph\">Einen letz\u00adten Versuch will Pawe\u0142 noch wagen, um das zer\u00adr\u00fct\u00adte\u00adte Verh\u00e4ltnis wie\u00adder zu kit\u00adten. Drei\u00dfig Jahre sp\u00e4\u00adter wol\u00adlen sie sich noch ein\u00admal auf den Weg machen, zu zweit mit dem Auto quer durch Polen, und Orte besu\u00adchen, die f\u00fcr Pawe\u0142 eine beson\u00adde\u00adre spi\u00adri\u00adtu\u00adel\u00adle Bedeutung haben. Vielleicht gelingt es ja jeman\u00addem, im Kopf des Kirchenkritikers ein K\u00f6rnchen Zweifel an sei\u00adner fun\u00adda\u00admen\u00adta\u00adlen Ablehnung alles Spirituellen zu&nbsp;s\u00e4en?<\/p>\n\n\n\n<p class=\"wp-block-paragraph\">Schmerzhaft nah an den Helden die\u00adses tra\u00adgi\u00adko\u00admi\u00adschen Dokumentar-Roadmovies schau\u00aden wir tief in die ver\u00adwun\u00adde\u00adten Seelen zwei\u00ader Menschen, die in ihren Ansichten gefes\u00adtigt und doch unend\u00adlich ungl\u00fcck\u00adlich sind. Der Film erz\u00e4hlt von zer\u00adris\u00adse\u00adnen Familienbanden, der iso\u00adlie\u00adren\u00adden Wirkung von Fanatismus und der ver\u00adzwei\u00adfel\u00adten Suche nach einer Basis f\u00fcr einen Dialog auf Augenh\u00f6he.<em> [Rainer Mende]<br><br><\/em><strong>Bart\u0142omiej \u017bmuda<\/strong> (geb. 1981 in Nysa) stu\u00addier\u00adte Regie in \u0141\u00f3d\u017a. Nach Kurzfilmen, die inter\u00adna\u00adtio\u00adnal Beachtung fan\u00adden, arbei\u00adtet er momen\u00adtan an sei\u00adnem Langspielfilm-Deb\u00fct mit dem Arbeitstitel \u201eWi\u0119cej\u201c (Mehr).<\/p>\n\n\n\n<p class=\"wp-block-paragraph\">wei\u00adte\u00adre Filmpolska rel\u00adoa\u00added Termine:<\/p>\n\n\n\n<p class=\"wp-block-paragraph\">\n\n\t<\/p><ul class=\"eo-events eo-events-shortcode\"> \n\n\t\t\n\t\t\t\n\t\t\t<li class=\"eo-event-cat-filmpolska eo-event-cat-spezialvorstellung eo-event-cat-vorstellung eo-event-future\">\n\t\t\t\t<a href=\"https:\/\/fsk-kino.peripherfilm.de\/en\/events\/event\/pociagi-trains\/\">Pociagi \/ Trains<\/a> on Wed, 29. 4.: 18:00\t\t\t<\/li>\n\n\t\t\n\t\t\t\n\t\t\t<li class=\"eo-event-cat-filmpolska eo-event-cat-vorstellung eo-event-future\">\n\t\t\t\t<a href=\"https:\/\/fsk-kino.peripherfilm.de\/en\/events\/event\/travel-essentials\/\">Travel Essentials<\/a> on Wed, 27. 5.: 18:00\t\t\t<\/li>\n\n\t\t\n\t<\/ul>\n\n","protected":false},"excerpt":{"rendered":"<p>Sorry, this ent\u00adry is only available in Deutsch. B\u00f3g i wojow\u00adni\u00adcy luna\u00adpar\u00adk\u00f3w \/ God <span class=\"amp\">&amp;<\/span> Lunapark Warriors [Tickets] <span class=\"caps\">PL<\/span> <span class=\"caps\">2022R<\/span>\/B: Bart\u0142omiej \u017bmuda77 min, OmeUK: Micha\u0142 OpalaS: Rafa\u0142 St\u00f3s <span class=\"amp\">&amp;<\/span> Agnieszka KowalczykM: Miko\u0142aj Majkusiak Es knirscht gewal\u00adtig zwi\u00adschen dem Schriftsteller und Berufs-Provokateur Andrzej Rodan und sei\u00adnem Sohn Pawe\u0142. Kein Wunder, schlie\u00df\u00adlich ver\u00addient der \u00fcber\u00adzeug\u00adte Atheist Andrzej&nbsp;[\u2026]<\/p>\n","protected":false},"author":2,"featured_media":22582,"comment_status":"closed","ping_status":"closed","sticky":false,"template":"","format":"standard","meta":{"_crdt_document":"","wp_typography_post_enhancements_disabled":false,"slim_seo":{"title":"Travel Essentials - fsk Kino","description":"Eigentlich will sich die hochschwangere Kriegsjournalistin Ada eine Auszeit bei ihrem Partner in Hamburg g\u00f6nnen. Doch dann bekommt sie aus Polen ein Buch zugesc"},"footnotes":""},"categories":[25],"tags":[],"class_list":["post-22581","post","type-post","status-publish","format-standard","has-post-thumbnail","hentry","category-archiv"],"_links":{"self":[{"href":"https:\/\/fsk-kino.peripherfilm.de\/en\/wp-json\/wp\/v2\/posts\/22581","targetHints":{"allow":["GET"]}}],"collection":[{"href":"https:\/\/fsk-kino.peripherfilm.de\/en\/wp-json\/wp\/v2\/posts"}],"about":[{"href":"https:\/\/fsk-kino.peripherfilm.de\/en\/wp-json\/wp\/v2\/types\/post"}],"author":[{"embeddable":true,"href":"https:\/\/fsk-kino.peripherfilm.de\/en\/wp-json\/wp\/v2\/users\/2"}],"replies":[{"embeddable":true,"href":"https:\/\/fsk-kino.peripherfilm.de\/en\/wp-json\/wp\/v2\/comments?post=22581"}],"version-history":[{"count":1,"href":"https:\/\/fsk-kino.peripherfilm.de\/en\/wp-json\/wp\/v2\/posts\/22581\/revisions"}],"predecessor-version":[{"id":31867,"href":"https:\/\/fsk-kino.peripherfilm.de\/en\/wp-json\/wp\/v2\/posts\/22581\/revisions\/31867"}],"wp:featuredmedia":[{"embeddable":true,"href":"https:\/\/fsk-kino.peripherfilm.de\/en\/wp-json\/wp\/v2\/media\/22582"}],"wp:attachment":[{"href":"https:\/\/fsk-kino.peripherfilm.de\/en\/wp-json\/wp\/v2\/media?parent=22581"}],"wp:term":[{"taxonomy":"category","embeddable":true,"href":"https:\/\/fsk-kino.peripherfilm.de\/en\/wp-json\/wp\/v2\/categories?post=22581"},{"taxonomy":"post_tag","embeddable":true,"href":"https:\/\/fsk-kino.peripherfilm.de\/en\/wp-json\/wp\/v2\/tags?post=22581"}],"curies":[{"name":"wp","href":"https:\/\/api.w.org\/{rel}","templated":true}]}}