{"id":2188,"date":"2015-12-10T16:58:24","date_gmt":"2015-12-10T15:58:24","guid":{"rendered":"http:\/\/fsk-kino.peripherfilm.de\/?p=2188"},"modified":"2021-08-31T11:44:10","modified_gmt":"2021-08-31T09:44:10","slug":"conducta","status":"publish","type":"post","link":"https:\/\/fsk-kino.peripherfilm.de\/en\/conducta\/","title":{"rendered":"Conducta"},"content":{"rendered":"<p><em>Kuba 2014, ein Film von Ernesto Daranas. Ab 7.1. im&nbsp;fsk.<br>\n<\/em><\/p>\n<p>Der elf\u00adj\u00e4h\u00adri\u00adge Chala w\u00e4chst bei sei\u00adner dro\u00adgen\u00ads\u00fcch\u00adti\u00adgen Mutter auf und muss mit mehr oder min\u00adder lega\u00adlen Jobs zum Lebensunterhalt bei\u00adtra\u00adgen, zum Beispiel indem er einem Nachbarn, der viel\u00adleicht sogar sein Vater ist, Hunde auf\u00adzie\u00adhen und f\u00fcr blu\u00adti\u00adge Wettk\u00e4mpfe abrich\u00adten hilft. Kein Wunder, f\u00e4llt er den Beh\u00f6rden und ande\u00adren Aufsichtspersonen immer wie\u00adder nega\u00adtiv auf. Durch sei\u00adne Lebensumst\u00e4nde zwar gewieft, doch nicht abge\u00adstumpft, bewegt er sich zusam\u00admen mit sei\u00adnen Freunden in den l\u00e4r\u00admig bun\u00adten Strassen Havannas wie ein Fisch im Wasser. In der Schule ist er nie um einen Spruch ver\u00adle\u00adgen, in Auseinandersetzungen bleibt er hart, doch but\u00adter\u00adweich, wenn es um sei\u00adne Mutter, sei\u00adne heim\u00adli\u00adche Liebe zu Yeni oder sei\u00adne ver\u00adehr\u00adte Lehrerin Carmela geht.<\/p>\n<p>Carmela, sei\u00adne eigent\u00adlich schon pen\u00adsio\u00adnier\u00adte Lehrerin, steht dem Jungen mit ihrer Lebensklugheit bei\u00adsei\u00adte, deckt ihn bei brenz\u00adli\u00adgen Situationen, spricht mit ihm, nicht ohne gleich\u00adzei\u00adtig den Eltern ins Gewissen zu reden, sich bes\u00adser um ihn zu k\u00fcm\u00admern. Als sie nach einem Zusammenbruch l\u00e4n\u00adger aus\u00adf\u00e4llt, beschlie\u00dft das Schulteam, dass Chala in ein Erziehungsheim muss. Gegen die\u00adsen Entscheid und ande\u00adre Ver\u00e4nderungen an der Schule wehrt sich Carmela bei ihrer R\u00fcckkehr vehe\u00adment, auch wenn damit ihr eige\u00adnes Verbleiben an der Schule auf dem Spiel&nbsp;steht.<\/p>\n<p><span class=\"dquo\">\u201e<\/span>Die Erziehung ist f\u00fcr jedes Land von grund\u00ads\u00e4tz\u00adli\u00adcher Bedeutung. Wie die Bildung in einem Land struk\u00adtu\u00adriert ist, auf wel\u00adche Kriterien sie sich stellt, bestimmt zu einem gro\u00ad\u00dfen Ausma\u00df die Gesellschaft, die wir in der Zukunft haben wer\u00adden. In Bezug auf Kuba inter\u00ades\u00adsier\u00adte uns beson\u00adders die Aufgabe der Lehrkraft im urspr\u00fcng\u00adli\u00adchen Sinn. Der Lehrer oder die Lehrerin ist jemand, der das Wissen einer bestimm\u00adten Materie ver\u00admit\u00adteln kann, der umfas\u00adsen\u00adde P\u00e4dagoge gibt dar\u00ad\u00fcber hin\u00adaus Werte und Gef\u00fchle wei\u00adter, was im Film \u00fcber die Figur von Carmela auf\u00adge\u00adgrif\u00adfen wird. Dieser Typ von Schullehrer ist welt\u00adweit in Krise, wie wir fest\u00adstel\u00adlen konn\u00adten. Bildungssysteme gr\u00fcn\u00adden&nbsp;heute<br>\nMechanismen, die zwar in jedem Land eine eige\u00adne Auspr\u00e4gung haben, die\u00adse Funktion aber ten\u00adden\u00adzi\u00adell zuneh\u00admend beschnei\u00adden. Im Interesse der ein\u00adzel\u00adnen Gesellschaft wer\u00adden eine Reihe von Kriterien auf\u00adge\u00adstellt, die den Handlungsspielraum des klas\u00adsi\u00adschen Lehrers immer mehr einschr\u00e4nken.<br>\nNat\u00fcrlich erh\u00e4lt die\u00adses System in Kuba einen ganz eige\u00adnen Zuschnitt, und nat\u00fcr\u00adlich spie\u00adlen sozia\u00adle Bedingungen eine Rolle. Unser Land lebt seit qua\u00adsi 25 Jahren in einer per\u00adma\u00adnen\u00adten Wirtschaftskrise, das hin\u00adter\u00adl\u00e4sst Spuren und hat Auswirkungen vor allem auf die jun\u00adge Generation, und da zual\u00adler\u00aderst auf Kinder aus ein\u00adfa\u00adchen Verh\u00e4ltnissen, dar\u00adauf, wie sie das Leben anpa\u00adcken. Oft gibt es zuhau\u00adse Probleme und dr\u00e4n\u00adgen wirt\u00adschaft\u00adli\u00adche N\u00f6te. Gerade sie soll\u00adten in der Schule nicht noch\u00admals auf solch nega\u00adti\u00adve Mechanismen sto\u00ad\u00dfen, son\u00addern \u2013 das w\u00e4re w\u00fcn\u00adschens\u00adwert und wich\u00adtig \u2013 auf jeman\u00adden wie Carmela.\u201d <em>Ernesto Daranas<\/em><\/p>\n<div id=\"gallery-1\" class=\"gallery galleryid-2188 gallery-columns-3 gallery-size-thumbnail\"><figure class=\"gallery-item\">\n\t\t\t<div class=\"gallery-icon landscape\">\n\t\t\t\t<a href=\"https:\/\/fsk-kino.peripherfilm.de\/wp-content\/uploads\/2015\/12\/conducta2.jpg\"><img loading=\"lazy\" decoding=\"async\" width=\"150\" height=\"150\" src=\"https:\/\/fsk-kino.peripherfilm.de\/wp-content\/uploads\/2015\/12\/conducta2-150x150.jpg\" class=\"attachment-thumbnail size-thumbnail\" alt srcset=\"https:\/\/fsk-kino.peripherfilm.de\/wp-content\/uploads\/2015\/12\/conducta2-150x150.jpg 150w, https:\/\/fsk-kino.peripherfilm.de\/wp-content\/uploads\/2015\/12\/conducta2-100x100.jpg 100w\" sizes=\"auto, (max-width: 150px) 100vw, 150px\"><\/a>\n\t\t\t<\/div><\/figure><figure class=\"gallery-item\">\n\t\t\t<div class=\"gallery-icon landscape\">\n\t\t\t\t<a href=\"https:\/\/fsk-kino.peripherfilm.de\/wp-content\/uploads\/2015\/12\/conducta1.jpg\"><img loading=\"lazy\" decoding=\"async\" width=\"150\" height=\"150\" src=\"https:\/\/fsk-kino.peripherfilm.de\/wp-content\/uploads\/2015\/12\/conducta1-150x150.jpg\" class=\"attachment-thumbnail size-thumbnail\" alt srcset=\"https:\/\/fsk-kino.peripherfilm.de\/wp-content\/uploads\/2015\/12\/conducta1-150x150.jpg 150w, https:\/\/fsk-kino.peripherfilm.de\/wp-content\/uploads\/2015\/12\/conducta1-100x100.jpg 100w\" sizes=\"auto, (max-width: 150px) 100vw, 150px\"><\/a>\n\t\t\t<\/div><\/figure><figure class=\"gallery-item\">\n\t\t\t<div class=\"gallery-icon landscape\">\n\t\t\t\t<a href=\"https:\/\/fsk-kino.peripherfilm.de\/wp-content\/uploads\/2015\/12\/conducta3.jpg\"><img loading=\"lazy\" decoding=\"async\" width=\"150\" height=\"150\" src=\"https:\/\/fsk-kino.peripherfilm.de\/wp-content\/uploads\/2015\/12\/conducta3-150x150.jpg\" class=\"attachment-thumbnail size-thumbnail\" alt srcset=\"https:\/\/fsk-kino.peripherfilm.de\/wp-content\/uploads\/2015\/12\/conducta3-150x150.jpg 150w, https:\/\/fsk-kino.peripherfilm.de\/wp-content\/uploads\/2015\/12\/conducta3-100x100.jpg 100w\" sizes=\"auto, (max-width: 150px) 100vw, 150px\"><\/a>\n\t\t\t<\/div><\/figure><figure class=\"gallery-item\">\n\t\t\t<div class=\"gallery-icon landscape\">\n\t\t\t\t<a href=\"https:\/\/fsk-kino.peripherfilm.de\/wp-content\/uploads\/2015\/12\/conducta4.jpg\"><img loading=\"lazy\" decoding=\"async\" width=\"150\" height=\"150\" src=\"https:\/\/fsk-kino.peripherfilm.de\/wp-content\/uploads\/2015\/12\/conducta4-150x150.jpg\" class=\"attachment-thumbnail size-thumbnail\" alt srcset=\"https:\/\/fsk-kino.peripherfilm.de\/wp-content\/uploads\/2015\/12\/conducta4-150x150.jpg 150w, https:\/\/fsk-kino.peripherfilm.de\/wp-content\/uploads\/2015\/12\/conducta4-100x100.jpg 100w\" sizes=\"auto, (max-width: 150px) 100vw, 150px\"><\/a>\n\t\t\t<\/div><\/figure>\n\t\t<\/div>\n\n<p><em>Kuba 2014, 108 Min., spa\u00adni\u00adsche&nbsp;OmU<br>\nBuch und Regie: Ernesto Daranas<br>\nKamera: Alejandro P\u00e9rez<br>\nSchnitt: Pedro Su\u00e1rez&nbsp;<\/em><\/p>\n<p><em>Mit Alina Rodr\u00edguez, Armando Vald\u00e9s Freire, Silvia Agu\u00edla, Yuliet Cruz, Armando Gomez<\/em><\/p>\n\n\n<div class=\"lyte-wrapper\" title=\"Trailer &amp;quot;Conducta&amp;quot;\" style=\"width:640px;max-width:100%;margin:5px;\"><div class=\"lyMe\" id=\"WYL_DF7JD6hxkoE\" itemprop=\"video\" itemscope itemtype=\"https:\/\/schema.org\/VideoObject\"><div><meta itemprop=\"thumbnailUrl\" content=\"https:\/\/fsk-kino.peripherfilm.de\/wp-content\/plugins\/wp-youtube-lyte\/lyteCache.php?origThumbUrl=https%3A%2F%2Fi.ytimg.com%2Fvi%2FDF7JD6hxkoE%2Fhqdefault.jpg\"><meta itemprop=\"embedURL\" content=\"https:\/\/www.youtube.com\/embed\/DF7JD6hxkoE\"><meta itemprop=\"duration\" content=\"PT1M16S\"><meta itemprop=\"uploadDate\" content=\"2015-08-19T19:14:25Z\"><\/div><div id=\"lyte_DF7JD6hxkoE\" data-src=\"https:\/\/fsk-kino.peripherfilm.de\/wp-content\/plugins\/wp-youtube-lyte\/lyteCache.php?origThumbUrl=https%3A%2F%2Fi.ytimg.com%2Fvi%2FDF7JD6hxkoE%2Fhqdefault.jpg\" class=\"pL\"><div class=\"tC\"><div class=\"tT\" itemprop=\"name\">Trailer \u201eConducta\u201d<\/div><\/div><div class=\"play\"><\/div><div class=\"ctrl\"><div class=\"Lctrl\"><\/div><div class=\"Rctrl\"><\/div><\/div><\/div><noscript><a href=\"https:\/\/youtu.be\/DF7JD6hxkoE\" rel=\"nofollow\"><img loading=\"lazy\" decoding=\"async\" src=\"https:\/\/fsk-kino.peripherfilm.de\/wp-content\/plugins\/wp-youtube-lyte\/lyteCache.php?origThumbUrl=https%3A%2F%2Fi.ytimg.com%2Fvi%2FDF7JD6hxkoE%2F0.jpg\" alt=\"Trailer &amp;quot;Conducta&amp;quot;\" width=\"640\" height=\"340\"><br>Watch this video on YouTube<\/a><\/noscript><meta itemprop=\"description\" content=\"Bundesstart: 7. Januar 2016 http:\/\/kairosfilm.de\/filme\/conducta\/\"><\/div><\/div><div class=\"lL\" style=\"max-width:100%;width:640px;margin:5px;\"><\/div>\n","protected":false},"excerpt":{"rendered":"<p>Kuba 2014, ein Film von Ernesto Daranas. Ab 7.1. im&nbsp;fsk. Der elf\u00adj\u00e4h\u00adri\u00adge Chala w\u00e4chst bei sei\u00adner dro\u00adgen\u00ads\u00fcch\u00adti\u00adgen Mutter auf und muss mit mehr oder min\u00adder lega\u00adlen Jobs zum Lebensunterhalt bei\u00adtra\u00adgen, zum Beispiel indem er einem Nachbarn, der viel\u00adleicht sogar sein Vater ist, Hunde auf\u00adzie\u00adhen und f\u00fcr blu\u00adti\u00adge Wettk\u00e4mpfe abrich\u00adten hilft. Kein Wunder, f\u00e4llt er&nbsp;den&nbsp;[\u2026]<\/p>\n","protected":false},"author":2,"featured_media":2196,"comment_status":"closed","ping_status":"open","sticky":false,"template":"","format":"standard","meta":{"_crdt_document":"","wp_typography_post_enhancements_disabled":false,"slim_seo":{"title":"Conducta - fsk Kino","description":"Kuba 2014, ein Film von Ernesto Daranas. Ab 7.1. im fsk. Der elfj\u00e4hrige Chala w\u00e4chst bei seiner drogens\u00fcchtigen Mutter auf und muss mit mehr oder minder legalen"},"footnotes":""},"categories":[25],"tags":[198],"class_list":["post-2188","post","type-post","status-publish","format-standard","has-post-thumbnail","hentry","category-archiv","tag-nocache"],"_links":{"self":[{"href":"https:\/\/fsk-kino.peripherfilm.de\/en\/wp-json\/wp\/v2\/posts\/2188","targetHints":{"allow":["GET"]}}],"collection":[{"href":"https:\/\/fsk-kino.peripherfilm.de\/en\/wp-json\/wp\/v2\/posts"}],"about":[{"href":"https:\/\/fsk-kino.peripherfilm.de\/en\/wp-json\/wp\/v2\/types\/post"}],"author":[{"embeddable":true,"href":"https:\/\/fsk-kino.peripherfilm.de\/en\/wp-json\/wp\/v2\/users\/2"}],"replies":[{"embeddable":true,"href":"https:\/\/fsk-kino.peripherfilm.de\/en\/wp-json\/wp\/v2\/comments?post=2188"}],"version-history":[{"count":0,"href":"https:\/\/fsk-kino.peripherfilm.de\/en\/wp-json\/wp\/v2\/posts\/2188\/revisions"}],"wp:featuredmedia":[{"embeddable":true,"href":"https:\/\/fsk-kino.peripherfilm.de\/en\/wp-json\/wp\/v2\/media\/2196"}],"wp:attachment":[{"href":"https:\/\/fsk-kino.peripherfilm.de\/en\/wp-json\/wp\/v2\/media?parent=2188"}],"wp:term":[{"taxonomy":"category","embeddable":true,"href":"https:\/\/fsk-kino.peripherfilm.de\/en\/wp-json\/wp\/v2\/categories?post=2188"},{"taxonomy":"post_tag","embeddable":true,"href":"https:\/\/fsk-kino.peripherfilm.de\/en\/wp-json\/wp\/v2\/tags?post=2188"}],"curies":[{"name":"wp","href":"https:\/\/api.w.org\/{rel}","templated":true}]}}