{"id":21683,"date":"2023-04-26T12:12:52","date_gmt":"2023-04-26T10:12:52","guid":{"rendered":"https:\/\/fsk-kino.peripherfilm.de\/?p=21683"},"modified":"2023-06-11T12:42:07","modified_gmt":"2023-06-11T10:42:07","slug":"das-lehrerzimmer","status":"publish","type":"post","link":"https:\/\/fsk-kino.peripherfilm.de\/en\/das-lehrerzimmer\/","title":{"rendered":"Das Lehrerzimmer"},"content":{"rendered":"<p class=\"wp-block-paragraph\">A film by \u0130lker \u00c7atak.  In German, Turkish, Polish and English with German subtitles.&nbsp;<\/p>\n\n\n\n<p class=\"has-text-align-right wp-block-paragraph\">[<a href=\"#credits\">Credits<\/a>] [<a href=\"https:\/\/booking.cinetixx.de\/frontend\/#\/movie\/2278359999\/2758416260\">Tickets <span class=\"amp\">&amp;<\/span> Termine<\/a>] [<a href=\"#trailer\">Trailer<\/a>]<\/p>\n\n\n\n<p class=\"wp-block-paragraph\"><span class=\"dquo\">\u201c<\/span>What hap\u00adpens in the staff room stays in the staff room,\u201d says Carla Nowak in an inter\u00adview with the school news\u00adpa\u00adper. Even if that is purely wishful thin\u00adking for the tea\u00adcher at this point. This is her first job, and she is com\u00admit\u00adted to tea\u00adching mathe\u00adma\u00adtics and phy\u00adsi\u00adcal edu\u00adca\u00adti\u00adon to her class of seventh gra\u00add\u00aders. Things are going well and she is able to moti\u00adva\u00adte the\u00adse ado\u00adle\u00ads\u00adcents. Then a series of thefts occur at school and one of her stu\u00addents is quick\u00adly suspec\u00adted. An outra\u00adged Carla deci\u00addes to get to the bot\u00adtom of the mat\u00adter hers\u00adelf, but the case is not so easy to sol\u00adve and has reper\u00adcus\u00adsions. Quickly decried as idea\u00adli\u00adstic by the rest of the staff, Carla finds hers\u00adelf having to ans\u00adwer to angry par\u00adents and media\u00adte bet\u00adween quar\u00adrel\u00adling stu\u00addents. The more she tri\u00ades to do ever\u00ady\u00adthing right, the more she \u2013 and others \u2013 are pushed to their limits, and the enti\u00adre school sys\u00adtem is thrown off balan\u00adce.<br>\u0130lker \u00c7atak mis\u00adses not\u00adhing in his bril\u00adli\u00adant\u00adly obser\u00adved film. In his unspa\u00adring dra\u00adma, the school is a micro\u00adc\u00adosm in which the out\u00adside world no lon\u00adger exists and not\u00adhing remains pri\u00adva\u00adte. Das Lehrerzimmer is a stu\u00addy in power rela\u00adti\u00adons that demons\u00adtra\u00adtes how indi\u00advi\u00addu\u00adals are worn down bet\u00adween ent\u00adren\u00adched positions.<\/p>\n\n\n\n<figure class=\"wp-block-gallery has-nested-images columns-3 is-cropped wp-block-gallery-2 is-layout-flex wp-block-gallery-is-layout-flex\">\n<figure class=\"wp-block-image size-full\"><a href=\"https:\/\/fsk-kino.peripherfilm.de\/wp-content\/uploads\/2023\/04\/DasLehrerzimmer4.jpg\" data-lbwps-width=\"1133.0690298507\" data-lbwps-height=\"850\" data-lbwps-srcsmall=\"https:\/\/fsk-kino.peripherfilm.de\/wp-content\/uploads\/2023\/04\/DasLehrerzimmer4-400x300.jpg\"><img loading=\"lazy\" decoding=\"async\" width=\"1429\" height=\"1072\" data-id=\"21688\" src=\"https:\/\/fsk-kino.peripherfilm.de\/wp-content\/uploads\/2023\/04\/DasLehrerzimmer4.jpg\" alt=\"Das Lehrerzimmer\" class=\"wp-image-21688\" srcset=\"https:\/\/fsk-kino.peripherfilm.de\/wp-content\/uploads\/2023\/04\/DasLehrerzimmer4.jpg 1429w, https:\/\/fsk-kino.peripherfilm.de\/wp-content\/uploads\/2023\/04\/DasLehrerzimmer4-300x225.jpg 300w, https:\/\/fsk-kino.peripherfilm.de\/wp-content\/uploads\/2023\/04\/DasLehrerzimmer4-600x450.jpg 600w, https:\/\/fsk-kino.peripherfilm.de\/wp-content\/uploads\/2023\/04\/DasLehrerzimmer4-400x300.jpg 400w, https:\/\/fsk-kino.peripherfilm.de\/wp-content\/uploads\/2023\/04\/DasLehrerzimmer4-1024x768.jpg 1024w, https:\/\/fsk-kino.peripherfilm.de\/wp-content\/uploads\/2023\/04\/DasLehrerzimmer4-768x576.jpg 768w, https:\/\/fsk-kino.peripherfilm.de\/wp-content\/uploads\/2023\/04\/DasLehrerzimmer4-624x468.jpg 624w\" sizes=\"auto, (max-width: 1429px) 100vw, 1429px\"><\/a><\/figure>\n\n\n\n<figure class=\"wp-block-image size-full\"><a href=\"https:\/\/fsk-kino.peripherfilm.de\/wp-content\/uploads\/2023\/04\/DasLehrerzimmer3.jpg\" data-lbwps-width=\"1133.0690298507\" data-lbwps-height=\"850\" data-lbwps-srcsmall=\"https:\/\/fsk-kino.peripherfilm.de\/wp-content\/uploads\/2023\/04\/DasLehrerzimmer3-400x300.jpg\"><img loading=\"lazy\" decoding=\"async\" width=\"1429\" height=\"1072\" data-id=\"21684\" src=\"https:\/\/fsk-kino.peripherfilm.de\/wp-content\/uploads\/2023\/04\/DasLehrerzimmer3.jpg\" alt=\"Das Lehrerzimmer\" class=\"wp-image-21684\" srcset=\"https:\/\/fsk-kino.peripherfilm.de\/wp-content\/uploads\/2023\/04\/DasLehrerzimmer3.jpg 1429w, https:\/\/fsk-kino.peripherfilm.de\/wp-content\/uploads\/2023\/04\/DasLehrerzimmer3-300x225.jpg 300w, https:\/\/fsk-kino.peripherfilm.de\/wp-content\/uploads\/2023\/04\/DasLehrerzimmer3-600x450.jpg 600w, https:\/\/fsk-kino.peripherfilm.de\/wp-content\/uploads\/2023\/04\/DasLehrerzimmer3-400x300.jpg 400w, https:\/\/fsk-kino.peripherfilm.de\/wp-content\/uploads\/2023\/04\/DasLehrerzimmer3-1024x768.jpg 1024w, https:\/\/fsk-kino.peripherfilm.de\/wp-content\/uploads\/2023\/04\/DasLehrerzimmer3-768x576.jpg 768w, https:\/\/fsk-kino.peripherfilm.de\/wp-content\/uploads\/2023\/04\/DasLehrerzimmer3-624x468.jpg 624w\" sizes=\"auto, (max-width: 1429px) 100vw, 1429px\"><\/a><\/figure>\n\n\n\n<figure class=\"wp-block-image size-full\"><a href=\"https:\/\/fsk-kino.peripherfilm.de\/wp-content\/uploads\/2023\/04\/DasLehrerzimmer2.jpg\" data-lbwps-width=\"1133.0690298507\" data-lbwps-height=\"850\" data-lbwps-srcsmall=\"https:\/\/fsk-kino.peripherfilm.de\/wp-content\/uploads\/2023\/04\/DasLehrerzimmer2-400x300.jpg\"><img loading=\"lazy\" decoding=\"async\" width=\"1429\" height=\"1072\" data-id=\"21687\" src=\"https:\/\/fsk-kino.peripherfilm.de\/wp-content\/uploads\/2023\/04\/DasLehrerzimmer2.jpg\" alt=\"Das Lehrerzimmer\" class=\"wp-image-21687\" srcset=\"https:\/\/fsk-kino.peripherfilm.de\/wp-content\/uploads\/2023\/04\/DasLehrerzimmer2.jpg 1429w, https:\/\/fsk-kino.peripherfilm.de\/wp-content\/uploads\/2023\/04\/DasLehrerzimmer2-300x225.jpg 300w, https:\/\/fsk-kino.peripherfilm.de\/wp-content\/uploads\/2023\/04\/DasLehrerzimmer2-600x450.jpg 600w, https:\/\/fsk-kino.peripherfilm.de\/wp-content\/uploads\/2023\/04\/DasLehrerzimmer2-400x300.jpg 400w, https:\/\/fsk-kino.peripherfilm.de\/wp-content\/uploads\/2023\/04\/DasLehrerzimmer2-1024x768.jpg 1024w, https:\/\/fsk-kino.peripherfilm.de\/wp-content\/uploads\/2023\/04\/DasLehrerzimmer2-768x576.jpg 768w, https:\/\/fsk-kino.peripherfilm.de\/wp-content\/uploads\/2023\/04\/DasLehrerzimmer2-624x468.jpg 624w\" sizes=\"auto, (max-width: 1429px) 100vw, 1429px\"><\/a><\/figure>\n\n\n\n<figure class=\"wp-block-image size-full\"><a href=\"https:\/\/fsk-kino.peripherfilm.de\/wp-content\/uploads\/2023\/04\/DasLehrerzimmer1.jpg\" data-lbwps-width=\"1133.0690298507\" data-lbwps-height=\"850\" data-lbwps-srcsmall=\"https:\/\/fsk-kino.peripherfilm.de\/wp-content\/uploads\/2023\/04\/DasLehrerzimmer1-400x300.jpg\"><img loading=\"lazy\" decoding=\"async\" width=\"1429\" height=\"1072\" data-id=\"21686\" src=\"https:\/\/fsk-kino.peripherfilm.de\/wp-content\/uploads\/2023\/04\/DasLehrerzimmer1.jpg\" alt=\"Das Lehrerzimmer\" class=\"wp-image-21686\" srcset=\"https:\/\/fsk-kino.peripherfilm.de\/wp-content\/uploads\/2023\/04\/DasLehrerzimmer1.jpg 1429w, https:\/\/fsk-kino.peripherfilm.de\/wp-content\/uploads\/2023\/04\/DasLehrerzimmer1-300x225.jpg 300w, https:\/\/fsk-kino.peripherfilm.de\/wp-content\/uploads\/2023\/04\/DasLehrerzimmer1-600x450.jpg 600w, https:\/\/fsk-kino.peripherfilm.de\/wp-content\/uploads\/2023\/04\/DasLehrerzimmer1-400x300.jpg 400w, https:\/\/fsk-kino.peripherfilm.de\/wp-content\/uploads\/2023\/04\/DasLehrerzimmer1-1024x768.jpg 1024w, https:\/\/fsk-kino.peripherfilm.de\/wp-content\/uploads\/2023\/04\/DasLehrerzimmer1-768x576.jpg 768w, https:\/\/fsk-kino.peripherfilm.de\/wp-content\/uploads\/2023\/04\/DasLehrerzimmer1-624x468.jpg 624w\" sizes=\"auto, (max-width: 1429px) 100vw, 1429px\"><\/a><\/figure>\n<\/figure>\n\n\n\n<pre class=\"wp-block-code\"><code><a name=\"credits\"><\/a><strong>Credits<\/strong>:<\/code><\/pre>\n\n\n\n<p class=\"wp-block-paragraph\"><span class=\"caps\">DE<\/span> 2023, 94 min,  Deutsch,&nbsp; T\u00fcrkisch,&nbsp; Polnisch,&nbsp; Englisch OmU<br>Regie: \u0130lker \u00c7atak<br>Schnitt: Gesa J\u00e4ger<br>Kamera: Judith Kaufmann<br>mit: Leonie Benesch, Leonard Stettnisch, Eva L\u00f6bau, Michael Klammer, Anne-Kathrin Gummich<\/p>\n\n\n\n<pre class=\"wp-block-code\"><code><a name=\"trailer\"><\/a><strong>Trailer<\/strong>:<\/code><\/pre>\n\n\n<figure class=\"wp-block-embed-youtube wp-block-embed is-type-video is-provider-youtube wp-embed-aspect-16-9 wp-has-aspect-ratio\"><div class=\"lyte-wrapper\" title=\"DAS LEHRERZIMMER | Trailer deutsch | Jetzt im Kino!\" style=\"width:640px;max-width:100%;margin:5px;\"><div class=\"lyMe\" id=\"WYL_yQDczZuNL3o\" itemprop=\"video\" itemscope itemtype=\"https:\/\/schema.org\/VideoObject\"><div><meta itemprop=\"thumbnailUrl\" content=\"https:\/\/fsk-kino.peripherfilm.de\/wp-content\/plugins\/wp-youtube-lyte\/lyteCache.php?origThumbUrl=https%3A%2F%2Fi.ytimg.com%2Fvi%2FyQDczZuNL3o%2Fhqdefault.jpg\"><meta itemprop=\"embedURL\" content=\"https:\/\/www.youtube.com\/embed\/yQDczZuNL3o\"><meta itemprop=\"duration\" content=\"PT1M59S\"><meta itemprop=\"uploadDate\" content=\"2023-02-17T12:45:10Z\"><\/div><div id=\"lyte_yQDczZuNL3o\" data-src=\"https:\/\/fsk-kino.peripherfilm.de\/wp-content\/plugins\/wp-youtube-lyte\/lyteCache.php?origThumbUrl=https%3A%2F%2Fi.ytimg.com%2Fvi%2FyQDczZuNL3o%2Fhqdefault.jpg\" class=\"pL\"><div class=\"tC\"><div class=\"tT\" itemprop=\"name\"><span class=\"caps\">DAS<\/span> <span class=\"caps\">LEHRERZIMMER<\/span> | Trailer deutsch | Jetzt im&nbsp;Kino!<\/div><\/div><div class=\"play\"><\/div><div class=\"ctrl\"><div class=\"Lctrl\"><\/div><div class=\"Rctrl\"><\/div><\/div><\/div><noscript><a href=\"https:\/\/youtu.be\/yQDczZuNL3o\" rel=\"nofollow\"><img loading=\"lazy\" decoding=\"async\" src=\"https:\/\/fsk-kino.peripherfilm.de\/wp-content\/plugins\/wp-youtube-lyte\/lyteCache.php?origThumbUrl=https%3A%2F%2Fi.ytimg.com%2Fvi%2FyQDczZuNL3o%2F0.jpg\" alt=\"DAS LEHRERZIMMER | Trailer deutsch | Jetzt im Kino!\" width=\"640\" height=\"340\"><br>Watch this video on YouTube<\/a><\/noscript><meta itemprop=\"description\" content=\"DAS LEHRERZIMMER: Ein Film von Ilker \u00c7atak. Jetzt im Kino! Alle Infos: https:\/\/bit.ly\/3Vvab0K Carla Nowak (LEONIE BENESCH), eine engagierte Sport- und Mathematiklehrerin, tritt ihre erste Stelle an einem Gymnasium an. Im neuen Kollegium f\u00e4llt sie durch ihren Idealismus auf. Als es an der Schule zu einer Reihe von Diebst\u00e4hlen kommt und einer ihrer Sch\u00fcler verd\u00e4chtigt wird, beschlie\u00dft sie, der Sache eigenst\u00e4ndig auf den Grund zu gehen. Zwischen emp\u00f6rten Eltern, rechthaberischen Kollegen und angriffslustigen Sch\u00fclern versucht Carla zu vermitteln, wird dabei jedoch schonungslos mit den Strukturen des Systems Schule konfrontiert. Je verzweifelter sie sich bem\u00fcht, alles richtig zu machen, desto mehr droht die junge Lehrerin daran zu zerbrechen. Mit DAS LEHRERZIMMER gelingt dem preisgekr\u00f6nten Regisseur Ilker \u00c7atak (ES GILT DAS GESPROCHENE WORT) ein elektrisierendes Werk \u00fcber den Mikrokosmos Schule als Spiegel unserer Gesellschaft. Leonie Benesch (DER SCHWARM, DAS WEISSE BAND) kreiert durch ihre fesselnde Darstellung einer jungen P\u00e4dagogin, die mehr und mehr zwischen die Fronten ger\u00e4t, eine dichte Atmosph\u00e4re, die von Anfang an in den Bann zieht. Anhand ihrer Geschichte hinterfragt der Film auf kritische Weise unsere aktuelle Debattenkultur und entfacht somit eine grundlegende Diskussion rund um Wahrheit und Gerechtigkeit. In den weiteren starken Rollen sind u.a. Eva L\u00f6bau und Michael Klammer zu sehen. Kamerafrau Judith Kaufmann (CORSAGE) zeichnete f\u00fcr die eindringliche Bildgestaltung verantwortlich.\"><\/div><\/div><div class=\"lL\" style=\"max-width:100%;width:640px;margin:5px;\"><\/div><figcaption>Ausschnitt<\/figcaption><\/figure>\n\n\n<pre class=\"wp-block-code\"><code><a href=\"#oben\" data-type=\"internal\" data-id=\"#oben\">nach oben<\/a><\/code><\/pre>","protected":false},"excerpt":{"rendered":"<p>A film by \u0130lker \u00c7atak. In German, Turkish, Polish and English with German sub\u00adtit\u00adles.&nbsp; [Credits] [Tickets <span class=\"amp\">&amp;<\/span> Termine] [Trailer] \u201cWhat hap\u00adpens in the staff room stays in the staff room,\u201d says Carla Nowak in an inter\u00adview with the school news\u00adpa\u00adper. Even if that is purely wishful thin\u00adking for the tea\u00adcher at this point. This&nbsp;is&nbsp;[\u2026]<\/p>\n","protected":false},"author":2,"featured_media":21692,"comment_status":"closed","ping_status":"closed","sticky":false,"template":"","format":"standard","meta":{"_crdt_document":"","wp_typography_post_enhancements_disabled":false,"slim_seo":{"title":"Das Lehrerzimmer - fsk Kino","description":"[:de] Ein Film von \u0130lker \u00c7atak. [ Credits ] [ Tickets &amp; Termine ] [ Trailer ] Die junge Lehrerin Carla arbeitet mit viel Schwung und Idealismus in ihrem ers"},"footnotes":""},"categories":[25],"tags":[],"class_list":["post-21683","post","type-post","status-publish","format-standard","has-post-thumbnail","hentry","category-archiv"],"_links":{"self":[{"href":"https:\/\/fsk-kino.peripherfilm.de\/en\/wp-json\/wp\/v2\/posts\/21683","targetHints":{"allow":["GET"]}}],"collection":[{"href":"https:\/\/fsk-kino.peripherfilm.de\/en\/wp-json\/wp\/v2\/posts"}],"about":[{"href":"https:\/\/fsk-kino.peripherfilm.de\/en\/wp-json\/wp\/v2\/types\/post"}],"author":[{"embeddable":true,"href":"https:\/\/fsk-kino.peripherfilm.de\/en\/wp-json\/wp\/v2\/users\/2"}],"replies":[{"embeddable":true,"href":"https:\/\/fsk-kino.peripherfilm.de\/en\/wp-json\/wp\/v2\/comments?post=21683"}],"version-history":[{"count":0,"href":"https:\/\/fsk-kino.peripherfilm.de\/en\/wp-json\/wp\/v2\/posts\/21683\/revisions"}],"wp:featuredmedia":[{"embeddable":true,"href":"https:\/\/fsk-kino.peripherfilm.de\/en\/wp-json\/wp\/v2\/media\/21692"}],"wp:attachment":[{"href":"https:\/\/fsk-kino.peripherfilm.de\/en\/wp-json\/wp\/v2\/media?parent=21683"}],"wp:term":[{"taxonomy":"category","embeddable":true,"href":"https:\/\/fsk-kino.peripherfilm.de\/en\/wp-json\/wp\/v2\/categories?post=21683"},{"taxonomy":"post_tag","embeddable":true,"href":"https:\/\/fsk-kino.peripherfilm.de\/en\/wp-json\/wp\/v2\/tags?post=21683"}],"curies":[{"name":"wp","href":"https:\/\/api.w.org\/{rel}","templated":true}]}}