{"id":18619,"date":"2022-03-29T12:32:18","date_gmt":"2022-03-29T10:32:18","guid":{"rendered":"https:\/\/fsk-kino.peripherfilm.de\/?p=18619"},"modified":"2022-06-07T14:17:14","modified_gmt":"2022-06-07T12:17:14","slug":"sechs-tage-unter-strom","status":"publish","type":"post","link":"https:\/\/fsk-kino.peripherfilm.de\/en\/sechs-tage-unter-strom\/","title":{"rendered":"Sechs Tage unter Strom \u2013 Unterwegs in Barcelona"},"content":{"rendered":"<p class=\"wp-embed-aspect-16-9 wp-has-aspect-ratio wp-block-paragraph\">a film by <em><a href=\"https:\/\/en.wikipedia.org\/wiki\/Neus_Ball%C3%BAs\">Neus Ball\u00fas<\/a><\/em>. In Spanish and Katalan with German subtitles.<\/p>\n\n\n\n<p class=\"has-text-align-right wp-embed-aspect-16-9 wp-has-aspect-ratio wp-block-paragraph\">[<a href=\"#credits\">Credits<\/a>] [<a href=\"https:\/\/booking.cinetixx.de\/frontend\/#\/movie\/2278359999\/2561643061\">Tickets <span class=\"amp\">&amp;<\/span> Termine<\/a>] [<a href=\"#trailer\">Trailer<\/a>]<\/p>\n\n\n\n<p class=\"wp-block-paragraph\">To get through his one-week pro\u00adba\u00adtio\u00adna\u00adry con\u00adtract, a young Moroccan plum\u00adber must deal with equal\u00adly eccen\u00adtric col\u00adle\u00adagues and cus\u00adto\u00admers. Valero, his supe\u00adri\u00ador, doubts Moha has what it takes, or that cus\u00adto\u00admers will accept a Moroccan worker. Maybe six days is not enough time for someone to over\u00adco\u00adme their pre\u00adju\u00addi\u00adces. But it might be enough to dis\u00adco\u00adver that we must live together.<\/p>\n\n\n\n<p class=\"wp-block-paragraph\">My father is a plum\u00adber. I have heard all kinds of weird sto\u00adries about his job. Over the years, I have been struck by the pre\u00adju\u00addi\u00adces and com\u00adple\u00adxi\u00adties the\u00adse dai\u00adly-life situa\u00adtions revealed.<\/p>\n\n\n\n<figure class=\"wp-block-gallery has-nested-images columns-3 is-cropped wp-block-gallery-2 is-layout-flex wp-block-gallery-is-layout-flex\">\n<figure class=\"wp-block-image size-large\"><a href=\"https:\/\/fsk-kino.peripherfilm.de\/wp-content\/uploads\/2022\/03\/6tageunterstrom5.jpg\" data-lbwps-width=\"1490\" data-lbwps-height=\"838.18663136995\" data-lbwps-srcsmall=\"https:\/\/fsk-kino.peripherfilm.de\/wp-content\/uploads\/2022\/03\/6tageunterstrom5-400x225.jpg\"><img loading=\"lazy\" decoding=\"async\" width=\"1024\" height=\"576\" data-id=\"18624\" src=\"https:\/\/fsk-kino.peripherfilm.de\/wp-content\/uploads\/2022\/03\/6tageunterstrom5-1024x576.jpg\" alt class=\"wp-image-18624\" srcset=\"https:\/\/fsk-kino.peripherfilm.de\/wp-content\/uploads\/2022\/03\/6tageunterstrom5-1024x576.jpg 1024w, https:\/\/fsk-kino.peripherfilm.de\/wp-content\/uploads\/2022\/03\/6tageunterstrom5-300x169.jpg 300w, https:\/\/fsk-kino.peripherfilm.de\/wp-content\/uploads\/2022\/03\/6tageunterstrom5-600x338.jpg 600w, https:\/\/fsk-kino.peripherfilm.de\/wp-content\/uploads\/2022\/03\/6tageunterstrom5-400x225.jpg 400w, https:\/\/fsk-kino.peripherfilm.de\/wp-content\/uploads\/2022\/03\/6tageunterstrom5-768x432.jpg 768w, https:\/\/fsk-kino.peripherfilm.de\/wp-content\/uploads\/2022\/03\/6tageunterstrom5-624x351.jpg 624w, https:\/\/fsk-kino.peripherfilm.de\/wp-content\/uploads\/2022\/03\/6tageunterstrom5-200x113.jpg 200w, https:\/\/fsk-kino.peripherfilm.de\/wp-content\/uploads\/2022\/03\/6tageunterstrom5.jpg 1511w\" sizes=\"auto, (max-width: 1024px) 100vw, 1024px\"><\/a><\/figure>\n\n\n\n<figure class=\"wp-block-image size-large\"><a href=\"https:\/\/fsk-kino.peripherfilm.de\/wp-content\/uploads\/2022\/03\/6tageunterstrom4.jpg\" data-lbwps-width=\"1490\" data-lbwps-height=\"838.18663136995\" data-lbwps-srcsmall=\"https:\/\/fsk-kino.peripherfilm.de\/wp-content\/uploads\/2022\/03\/6tageunterstrom4-400x225.jpg\"><img loading=\"lazy\" decoding=\"async\" width=\"1024\" height=\"576\" data-id=\"18622\" src=\"https:\/\/fsk-kino.peripherfilm.de\/wp-content\/uploads\/2022\/03\/6tageunterstrom4-1024x576.jpg\" alt class=\"wp-image-18622\" srcset=\"https:\/\/fsk-kino.peripherfilm.de\/wp-content\/uploads\/2022\/03\/6tageunterstrom4-1024x576.jpg 1024w, https:\/\/fsk-kino.peripherfilm.de\/wp-content\/uploads\/2022\/03\/6tageunterstrom4-300x169.jpg 300w, https:\/\/fsk-kino.peripherfilm.de\/wp-content\/uploads\/2022\/03\/6tageunterstrom4-600x338.jpg 600w, https:\/\/fsk-kino.peripherfilm.de\/wp-content\/uploads\/2022\/03\/6tageunterstrom4-400x225.jpg 400w, https:\/\/fsk-kino.peripherfilm.de\/wp-content\/uploads\/2022\/03\/6tageunterstrom4-768x432.jpg 768w, https:\/\/fsk-kino.peripherfilm.de\/wp-content\/uploads\/2022\/03\/6tageunterstrom4-624x351.jpg 624w, https:\/\/fsk-kino.peripherfilm.de\/wp-content\/uploads\/2022\/03\/6tageunterstrom4-200x113.jpg 200w, https:\/\/fsk-kino.peripherfilm.de\/wp-content\/uploads\/2022\/03\/6tageunterstrom4.jpg 1511w\" sizes=\"auto, (max-width: 1024px) 100vw, 1024px\"><\/a><\/figure>\n\n\n\n<figure class=\"wp-block-image size-large\"><a href=\"https:\/\/fsk-kino.peripherfilm.de\/wp-content\/uploads\/2022\/03\/6tageunterstrom3.jpg\" data-lbwps-width=\"1490\" data-lbwps-height=\"838.18663136995\" data-lbwps-srcsmall=\"https:\/\/fsk-kino.peripherfilm.de\/wp-content\/uploads\/2022\/03\/6tageunterstrom3-400x225.jpg\"><img loading=\"lazy\" decoding=\"async\" width=\"1024\" height=\"576\" data-id=\"18623\" src=\"https:\/\/fsk-kino.peripherfilm.de\/wp-content\/uploads\/2022\/03\/6tageunterstrom3-1024x576.jpg\" alt class=\"wp-image-18623\" srcset=\"https:\/\/fsk-kino.peripherfilm.de\/wp-content\/uploads\/2022\/03\/6tageunterstrom3-1024x576.jpg 1024w, https:\/\/fsk-kino.peripherfilm.de\/wp-content\/uploads\/2022\/03\/6tageunterstrom3-300x169.jpg 300w, https:\/\/fsk-kino.peripherfilm.de\/wp-content\/uploads\/2022\/03\/6tageunterstrom3-600x338.jpg 600w, https:\/\/fsk-kino.peripherfilm.de\/wp-content\/uploads\/2022\/03\/6tageunterstrom3-400x225.jpg 400w, https:\/\/fsk-kino.peripherfilm.de\/wp-content\/uploads\/2022\/03\/6tageunterstrom3-768x432.jpg 768w, https:\/\/fsk-kino.peripherfilm.de\/wp-content\/uploads\/2022\/03\/6tageunterstrom3-624x351.jpg 624w, https:\/\/fsk-kino.peripherfilm.de\/wp-content\/uploads\/2022\/03\/6tageunterstrom3-200x113.jpg 200w, https:\/\/fsk-kino.peripherfilm.de\/wp-content\/uploads\/2022\/03\/6tageunterstrom3.jpg 1511w\" sizes=\"auto, (max-width: 1024px) 100vw, 1024px\"><\/a><\/figure>\n\n\n\n<figure class=\"wp-block-image size-large\"><a href=\"https:\/\/fsk-kino.peripherfilm.de\/wp-content\/uploads\/2022\/03\/2.jpg\" data-lbwps-width=\"1490\" data-lbwps-height=\"838.18663136995\" data-lbwps-srcsmall=\"https:\/\/fsk-kino.peripherfilm.de\/wp-content\/uploads\/2022\/03\/2-400x225.jpg\"><img loading=\"lazy\" decoding=\"async\" width=\"1024\" height=\"576\" data-id=\"18621\" src=\"https:\/\/fsk-kino.peripherfilm.de\/wp-content\/uploads\/2022\/03\/2-1024x576.jpg\" alt class=\"wp-image-18621\" srcset=\"https:\/\/fsk-kino.peripherfilm.de\/wp-content\/uploads\/2022\/03\/2-1024x576.jpg 1024w, https:\/\/fsk-kino.peripherfilm.de\/wp-content\/uploads\/2022\/03\/2-300x169.jpg 300w, https:\/\/fsk-kino.peripherfilm.de\/wp-content\/uploads\/2022\/03\/2-600x338.jpg 600w, https:\/\/fsk-kino.peripherfilm.de\/wp-content\/uploads\/2022\/03\/2-400x225.jpg 400w, https:\/\/fsk-kino.peripherfilm.de\/wp-content\/uploads\/2022\/03\/2-768x432.jpg 768w, https:\/\/fsk-kino.peripherfilm.de\/wp-content\/uploads\/2022\/03\/2-624x351.jpg 624w, https:\/\/fsk-kino.peripherfilm.de\/wp-content\/uploads\/2022\/03\/2-200x113.jpg 200w, https:\/\/fsk-kino.peripherfilm.de\/wp-content\/uploads\/2022\/03\/2.jpg 1511w\" sizes=\"auto, (max-width: 1024px) 100vw, 1024px\"><\/a><\/figure>\n<\/figure>\n\n\n\n<pre class=\"wp-block-code\"><code><a name=\"credits\"><\/a><strong>Credits<\/strong>:<\/code><\/pre>\n\n\n\n<p class=\"wp-block-paragraph\">Sis dies cor\u00adrents<br><em><span class=\"caps\">ES<\/span>, <span class=\"caps\">FR<\/span> 2021, 85 Min., span, kata\u00adlan., ber\u00adber OmU<br>Regie: Neus Ball\u00fas<br>Kamera: Anna Molins<br>Schnitt: Neus Ball\u00fas, Ariadna Ribas<br>mit: Mohamed Mellali, Valero Escolar, Pep<br>Sarr\u00e0, Paqui Becerra, Pere Codorniu<\/em><\/p>\n\n\n\n<p class=\"wp-block-paragraph\"><br><\/p>\n\n\n\n<pre class=\"wp-block-code\"><code><a name=\"trailer\"><\/a><strong>Trailer<\/strong>:<\/code><\/pre>\n\n\n<figure class=\"wp-block-embed-youtube wp-block-embed is-type-video is-provider-youtube wp-embed-aspect-16-9 wp-has-aspect-ratio\"><div class=\"lyte-wrapper\" title=\"SECHS TAGE UNTER STROM - UNTERWEGS IN BARCELONA - Trailer OmU German | Deutsch\" style=\"width:640px;max-width:100%;margin:5px;\"><div class=\"lyMe\" id=\"WYL_YiYxKUVd9ME\" itemprop=\"video\" itemscope itemtype=\"https:\/\/schema.org\/VideoObject\"><div><meta itemprop=\"thumbnailUrl\" content=\"https:\/\/fsk-kino.peripherfilm.de\/wp-content\/plugins\/wp-youtube-lyte\/lyteCache.php?origThumbUrl=https%3A%2F%2Fi.ytimg.com%2Fvi%2FYiYxKUVd9ME%2Fhqdefault.jpg\"><meta itemprop=\"embedURL\" content=\"https:\/\/www.youtube.com\/embed\/YiYxKUVd9ME\"><meta itemprop=\"duration\" content=\"PT2M25S\"><meta itemprop=\"uploadDate\" content=\"2022-03-25T12:41:02Z\"><\/div><div id=\"lyte_YiYxKUVd9ME\" data-src=\"https:\/\/fsk-kino.peripherfilm.de\/wp-content\/plugins\/wp-youtube-lyte\/lyteCache.php?origThumbUrl=https%3A%2F%2Fi.ytimg.com%2Fvi%2FYiYxKUVd9ME%2Fhqdefault.jpg\" class=\"pL\"><div class=\"tC\"><div class=\"tT\" itemprop=\"name\"><span class=\"caps\">SECHS<\/span> <span class=\"caps\">TAGE<\/span> <span class=\"caps\">UNTER<\/span> <span class=\"caps\">STROM<\/span> \u2013 <span class=\"caps\">UNTERWEGS<\/span> <span class=\"caps\">IN<\/span> <span class=\"caps\">BARCELONA<\/span> \u2013 Trailer OmU German | Deutsch<\/div><\/div><div class=\"play\"><\/div><div class=\"ctrl\"><div class=\"Lctrl\"><\/div><div class=\"Rctrl\"><\/div><\/div><\/div><noscript><a href=\"https:\/\/youtu.be\/YiYxKUVd9ME\" rel=\"nofollow\"><img loading=\"lazy\" decoding=\"async\" src=\"https:\/\/fsk-kino.peripherfilm.de\/wp-content\/plugins\/wp-youtube-lyte\/lyteCache.php?origThumbUrl=https%3A%2F%2Fi.ytimg.com%2Fvi%2FYiYxKUVd9ME%2F0.jpg\" alt=\"SECHS TAGE UNTER STROM - UNTERWEGS IN BARCELONA - Trailer OmU German | Deutsch\" width=\"640\" height=\"340\"><br>Watch this video on YouTube<\/a><\/noscript><meta itemprop=\"description\" content=\"OT: Sis dies corrents Neus Ball\u00fas | ES 2021 | 85 min Mit: Mohamed Mellali, Valero Escobar, Pep Sarr\u00e0 Kinostart: 20.5.2022 Moha (Mohamed Mellali), Valero (Valero Escolar) und Pep (Pep Sarr\u00e0) leben in Barcelona und arbeiten in einem Installateurs-Betrieb. Wenn es mit irgendetwas Probleme gibt: Sie kommen zu ihren Kunden nach Hause und reparieren es. Moha, der j\u00fcngste von ihnen, absolviert gerade eine einw\u00f6chige Probezeit, er soll Pep abl\u00f6sen, der in K\u00fcrze in Rente geht. Trotz seiner Sch\u00fcchternheit kommt er erstaunlich gut mit den Kunden zurecht \u2013 nur Valero hat ein Problem mit ihm. \u00bbEine geniale Kom\u00f6die\u00ab \u2013 Variety Mehr Infos: https:\/\/www.polyfilm.at\/film\/sechs-tage-unter-strom-unterwegs-in-barcelona\/\"><\/div><\/div><div class=\"lL\" style=\"max-width:100%;width:640px;margin:5px;\"><\/div><figcaption><\/figcaption><\/figure>\n\n\n<pre class=\"wp-block-code\"><code><a href=\"#oben\" data-type=\"internal\" data-id=\"#oben\">nach oben<\/a><\/code><\/pre>","protected":false},"excerpt":{"rendered":"<p>a film by Neus Ball\u00fas. In Spanish and Katalan with German sub\u00adtit\u00adles. [Credits] [Tickets <span class=\"amp\">&amp;<\/span> Termine] [Trailer] To get through his one-week pro\u00adba\u00adtio\u00adna\u00adry con\u00adtract, a young Moroccan plum\u00adber must deal with equal\u00adly eccen\u00adtric col\u00adle\u00adagues and cus\u00adto\u00admers. Valero, his supe\u00adri\u00ador, doubts Moha has what it takes, or that cus\u00adto\u00admers will accept a Moroccan worker. Maybe&nbsp;six&nbsp;[\u2026]<\/p>\n","protected":false},"author":2,"featured_media":18620,"comment_status":"closed","ping_status":"closed","sticky":false,"template":"","format":"standard","meta":{"_crdt_document":"","wp_typography_post_enhancements_disabled":false,"slim_seo":{"title":"Sechs Tage unter Strom - Unterwegs in Barcelona - fsk Kino","description":"[:de] ein Film von Neus Ball\u00fas . [ Credits ] [ Tickets &amp; Termine ] [ Trailer ] Valero (Valero Escolar), Moha (Mohamed Mellali) und Pep (Pep Sarr\u00e0) arbeiten"},"footnotes":""},"categories":[25],"tags":[],"class_list":["post-18619","post","type-post","status-publish","format-standard","has-post-thumbnail","hentry","category-archiv"],"_links":{"self":[{"href":"https:\/\/fsk-kino.peripherfilm.de\/en\/wp-json\/wp\/v2\/posts\/18619","targetHints":{"allow":["GET"]}}],"collection":[{"href":"https:\/\/fsk-kino.peripherfilm.de\/en\/wp-json\/wp\/v2\/posts"}],"about":[{"href":"https:\/\/fsk-kino.peripherfilm.de\/en\/wp-json\/wp\/v2\/types\/post"}],"author":[{"embeddable":true,"href":"https:\/\/fsk-kino.peripherfilm.de\/en\/wp-json\/wp\/v2\/users\/2"}],"replies":[{"embeddable":true,"href":"https:\/\/fsk-kino.peripherfilm.de\/en\/wp-json\/wp\/v2\/comments?post=18619"}],"version-history":[{"count":0,"href":"https:\/\/fsk-kino.peripherfilm.de\/en\/wp-json\/wp\/v2\/posts\/18619\/revisions"}],"wp:featuredmedia":[{"embeddable":true,"href":"https:\/\/fsk-kino.peripherfilm.de\/en\/wp-json\/wp\/v2\/media\/18620"}],"wp:attachment":[{"href":"https:\/\/fsk-kino.peripherfilm.de\/en\/wp-json\/wp\/v2\/media?parent=18619"}],"wp:term":[{"taxonomy":"category","embeddable":true,"href":"https:\/\/fsk-kino.peripherfilm.de\/en\/wp-json\/wp\/v2\/categories?post=18619"},{"taxonomy":"post_tag","embeddable":true,"href":"https:\/\/fsk-kino.peripherfilm.de\/en\/wp-json\/wp\/v2\/tags?post=18619"}],"curies":[{"name":"wp","href":"https:\/\/api.w.org\/{rel}","templated":true}]}}