{"id":185,"date":"2015-04-03T15:46:18","date_gmt":"2015-04-03T13:46:18","guid":{"rendered":"http:\/\/fsk-kino.peripherfilm.de\/?p=185"},"modified":"2021-08-31T11:44:31","modified_gmt":"2021-08-31T09:44:31","slug":"in-meinem-kopf-ein-universum","status":"publish","type":"post","link":"https:\/\/fsk-kino.peripherfilm.de\/en\/in-meinem-kopf-ein-universum\/","title":{"rendered":"In meinem Kopf ein Universum"},"content":{"rendered":"<p><strong>jetzt im fsk&nbsp;Kino<\/strong><\/p>\n<p>ein Film von Maciej Pieprzyca<\/p>\n<p><span class=\"dquo\">\u201e<\/span>Ihr Sohn ist nicht mehr als Gem\u00fcse\u201c bekommt die Mutter von einer wenig empa\u00adthi\u00adschen \u00c4rztin zu h\u00f6ren. Es ist das Jahr 1987, wir befin\u00adden uns in Polen, doch nicht nur hier ist das Wissen um schwe\u00adre Nervenerkrankungen noch nicht sehr ent\u00adwi\u00adckelt. Mateus ist sechs, sie\u00adben Jahre alt und sitzt im Rollstuhl. Sprechen kann er nicht, bewegt sich nur rob\u00adbend, doch im Gegensatz zu der \u00c4rztin ahnen die Eltern, dass ihr Sohn alles ande\u00adre als ein Gem\u00fcse ist. Die Jahre ver\u00adge\u00adhen, Mateus wird \u00e4lter. (\u2026) Bald l\u00e4sst ein Voice Over-Kommentar <!--more-->den Zuschauer an Mateus Gedanken teil\u00adha\u00adben. An etli\u00adche Filme f\u00fchlt man sich bei In mei\u00adnem Kopf ein Universum erin\u00adnert, auf den ers\u00adten Blick an r\u00fchr\u00adse\u00adli\u00adge Hollywood-Dramen wie Mein lin\u00adker Fu\u00df oder aktu\u00adell Die Entdeckung der Unendlichkeit, bald dann eher an unge\u00adw\u00f6hn\u00adli\u00adche\u00adre Filme wie Ziemlich bes\u00adte Freunde oder Schmetterling und Taucherglocke bis man schlie\u00df\u00adlich merkt, dass Maciej Pieprzycas Film etwas ganz und gar Eigenes ist. Auf einer wah\u00adren Geschichte basiert er zwar, hat mit der Darstellung von Dawid Ogrodnik (aber auch von Kamil Tkacz) eine erstaun\u00adli\u00adche, rein auf das Physische redu\u00adzier\u00adte Performance im Mittelpunkt, erz\u00e4hlt aber mit einem fast schrof\u00adfen Pragmatismus, der auch nur den Anschein von R\u00fchrseligkeit gar nicht erst auf\u00adkom\u00admen l\u00e4sst. Im Mittelpunkt steht stets Mateus, der v\u00f6l\u00adlig ohne Selbstmitleid \u00fcber sein Schicksal erz\u00e4hlt, dass vor allem von der Unm\u00f6glichkeit zu kom\u00admu\u00adni\u00adzie\u00adren gepr\u00e4gt wird. Lange Jahre k\u00f6n\u00adnen sei\u00adne Eltern, dann sei\u00adne Pflegerinnen sei\u00adne W\u00fcnsch nur erah\u00adnen, sie viel\u00adleicht an sei\u00adnen Augen able\u00adsen. Doch wel\u00adche kom\u00adpli\u00adzier\u00adten Gedanken in sei\u00adnem Kopf exis\u00adtie\u00adren und kei\u00adnen Weg nach Au\u00dfen fin\u00adden, dass muss ihnen zwangs\u00adl\u00e4u\u00adfig fremd blei\u00adben. Wie Pieprzyca die\u00adse an sich furcht\u00adbar tra\u00adgi\u00adsche Geschichte zu einem Film formt, der alles ande\u00adre als trau\u00adrig ist, ist bemer\u00adkens\u00adwert. Gerade das er dabei so voll\u00adkom\u00admen prag\u00adma\u00adtisch erz\u00e4hlt, die Normalit\u00e4t in Mateus Leben betont, auch wenn er von Au\u00dfen alles ande\u00adre als nor\u00admal wirkt, macht die Geschichte so ber\u00fch\u00adrend und \u201eIn mei\u00adnem Kopf ein Universum\u201c zu einem so au\u00dfer\u00ador\u00addent\u00adli\u00adchen Film.&nbsp;&nbsp; Michael Meyns \u2013 programmkino.de<\/p>\n<p><a href=\"http:\/\/fsk-kino.peripherfilm.de\/wp-content\/uploads\/2015\/04\/emkeu2.jpg\" data-lbwps-width=\"800\" data-lbwps-height=\"333\" data-lbwps-srcsmall=\"https:\/\/fsk-kino.peripherfilm.de\/wp-content\/uploads\/2015\/04\/emkeu2.jpg\"><img loading=\"lazy\" decoding=\"async\" class=\" size-medium wp-image-183 alignright\" src=\"http:\/\/fsk-kino.peripherfilm.de\/wp-content\/uploads\/2015\/04\/emkeu2-300x125.jpg\" alt=\"emkeu2\" width=\"300\" height=\"125\" srcset=\"https:\/\/fsk-kino.peripherfilm.de\/wp-content\/uploads\/2015\/04\/emkeu2-300x125.jpg 300w, https:\/\/fsk-kino.peripherfilm.de\/wp-content\/uploads\/2015\/04\/emkeu2-600x250.jpg 600w, https:\/\/fsk-kino.peripherfilm.de\/wp-content\/uploads\/2015\/04\/emkeu2-624x260.jpg 624w, https:\/\/fsk-kino.peripherfilm.de\/wp-content\/uploads\/2015\/04\/emkeu2.jpg 800w\" sizes=\"auto, (max-width: 300px) 100vw, 300px\"><\/a>[Chce si\u0119&nbsp;\u017cy\u0107]<\/p>\n<p>Polen&nbsp; 2014, 108 Min., poln.&nbsp;OmU<\/p>\n<p><strong>Regie, Buch:<\/strong> Maciej Pieprzyca<\/p>\n<p>mit: Dawid Ogrodnik Dorota Kolak, Arkadiusz Jakubik, Helena Sujecka, Mikolaj Roznerski, Kamil&nbsp;Tkacz<\/p>\n\n\n<div class=\"lyte-wrapper\" title=\"Deutscher Trailer von In meinem Kopf ein Universum\" style=\"width:640px;max-width:100%;margin:5px;\"><div class=\"lyMe\" id=\"WYL_A9gwTlDPL78\" itemprop=\"video\" itemscope itemtype=\"https:\/\/schema.org\/VideoObject\"><div><meta itemprop=\"thumbnailUrl\" content=\"https:\/\/fsk-kino.peripherfilm.de\/wp-content\/plugins\/wp-youtube-lyte\/lyteCache.php?origThumbUrl=https%3A%2F%2Fi.ytimg.com%2Fvi%2FA9gwTlDPL78%2Fhqdefault.jpg\"><meta itemprop=\"embedURL\" content=\"https:\/\/www.youtube.com\/embed\/A9gwTlDPL78\"><meta itemprop=\"duration\" content=\"PT2M33S\"><meta itemprop=\"uploadDate\" content=\"2015-03-06T11:54:51Z\"><\/div><div id=\"lyte_A9gwTlDPL78\" data-src=\"https:\/\/fsk-kino.peripherfilm.de\/wp-content\/plugins\/wp-youtube-lyte\/lyteCache.php?origThumbUrl=https%3A%2F%2Fi.ytimg.com%2Fvi%2FA9gwTlDPL78%2Fhqdefault.jpg\" class=\"pL\"><div class=\"tC\"><div class=\"tT\" itemprop=\"name\">Deutscher Trailer von In mei\u00adnem Kopf ein Universum<\/div><\/div><div class=\"play\"><\/div><div class=\"ctrl\"><div class=\"Lctrl\"><\/div><div class=\"Rctrl\"><\/div><\/div><\/div><noscript><a href=\"https:\/\/youtu.be\/A9gwTlDPL78\" rel=\"nofollow\"><img loading=\"lazy\" decoding=\"async\" src=\"https:\/\/fsk-kino.peripherfilm.de\/wp-content\/plugins\/wp-youtube-lyte\/lyteCache.php?origThumbUrl=https%3A%2F%2Fi.ytimg.com%2Fvi%2FA9gwTlDPL78%2F0.jpg\" alt=\"Deutscher Trailer von In meinem Kopf ein Universum\" width=\"640\" height=\"340\"><br>Watch this video on YouTube<\/a><\/noscript><meta itemprop=\"description\" content=\"Mateus liebt die Sterne. Oft lehnt er nachts am Fenster und blickt in die Tiefen des Universums. Und immer stellt er sich die eine Frage: \u201eWie kann ich den anderen zeigen, dass ich nicht zur\u00fcckgeblieben bin? Wie kann ich beweisen, dass ich f\u00fchle und denke wie jeder andere?\u201c Mateus leidet unter einer zerebralen Bewegungsst\u00f6rung und ist nicht im Stande seinen K\u00f6rper zu kontrollieren. Obwohl er nicht mit seiner Umwelt kommunizieren kann, nimmt er doch alles um sich herum wahr: Die absto\u00dfenden Bemerkungen seiner Schwester. Das L\u00e4cheln der wundersch\u00f6nen Anka. Die liebevolle F\u00fcrsorge seiner Mutter. Und die \u00fcppigen Br\u00fcste der netten Nachbarin. Doch der Tag wird kommen, an dem er es allen zeigen wird\u2026 IN MEINEM KOPF EIN UNIVERSUM ist ein bewegendes Drama, das zu Tr\u00e4nen r\u00fchrt, zum Nachdenken anregt und auch zum Lachen bringt. Basierend auf einer wahren Geschichte nutzt der Film eine selbstironische Perspektive, um den Zwiespalt seines gel\u00e4hmten Protagonisten zu beleuchten. Ein Drama mit der Emotionalit\u00e4t von MEIN LINKER FUSS und dem Humor von ZIEMLICH BESTE FREUNDE. Ausgezeichnet als Bester Film beim WORLD FILM FESTIVAL von Montr\u00e9al und gefeiert als Publikumsliebling beim INTERNATIONAL FILM FESTIVAL in Chicago. \u201eBasierend auf einer wahren Geschichte, ist IN MEINEM KOPF EIN UNIVERSUM ein unglaubliches Zeugnis vom Durchhalteverm\u00f6gen des menschlichen Geistes.\u201c clevelandfilm.org\"><\/div><\/div><div class=\"lL\" style=\"max-width:100%;width:640px;margin:5px;\"><\/div>\n<p>im Kino inder Originalfassung mit dt. Untertiteln<\/p>\n<p>&nbsp;<\/p>\n","protected":false},"excerpt":{"rendered":"<p>jetzt im fsk&nbsp;Kino ein Film von Maciej Pieprzyca \u201eIhr Sohn ist nicht mehr als Gem\u00fcse\u201c bekommt die Mutter von einer wenig empa\u00adthi\u00adschen \u00c4rztin zu h\u00f6ren. Es ist das Jahr 1987, wir befin\u00adden uns in Polen, doch nicht nur hier ist das Wissen um schwe\u00adre Nervenerkrankungen noch nicht sehr ent\u00adwi\u00adckelt. Mateus ist sechs, sie\u00adben Jahre&nbsp;alt&nbsp;[\u2026]<\/p>\n","protected":false},"author":2,"featured_media":184,"comment_status":"closed","ping_status":"open","sticky":false,"template":"","format":"standard","meta":{"_crdt_document":"","wp_typography_post_enhancements_disabled":false,"slim_seo":{"title":"In meinem Kopf ein Universum - fsk Kino","description":"jetzt im fsk Kino ein Film von Maciej Pieprzyca \u201eIhr Sohn ist nicht mehr als Gem\u00fcse\u201c bekommt die Mutter von einer wenig empathischen \u00c4rztin zu h\u00f6ren. Es ist das"},"footnotes":""},"categories":[25],"tags":[16,198],"class_list":["post-185","post","type-post","status-publish","format-standard","has-post-thumbnail","hentry","category-archiv","tag-jetzt","tag-nocache"],"_links":{"self":[{"href":"https:\/\/fsk-kino.peripherfilm.de\/en\/wp-json\/wp\/v2\/posts\/185","targetHints":{"allow":["GET"]}}],"collection":[{"href":"https:\/\/fsk-kino.peripherfilm.de\/en\/wp-json\/wp\/v2\/posts"}],"about":[{"href":"https:\/\/fsk-kino.peripherfilm.de\/en\/wp-json\/wp\/v2\/types\/post"}],"author":[{"embeddable":true,"href":"https:\/\/fsk-kino.peripherfilm.de\/en\/wp-json\/wp\/v2\/users\/2"}],"replies":[{"embeddable":true,"href":"https:\/\/fsk-kino.peripherfilm.de\/en\/wp-json\/wp\/v2\/comments?post=185"}],"version-history":[{"count":0,"href":"https:\/\/fsk-kino.peripherfilm.de\/en\/wp-json\/wp\/v2\/posts\/185\/revisions"}],"wp:featuredmedia":[{"embeddable":true,"href":"https:\/\/fsk-kino.peripherfilm.de\/en\/wp-json\/wp\/v2\/media\/184"}],"wp:attachment":[{"href":"https:\/\/fsk-kino.peripherfilm.de\/en\/wp-json\/wp\/v2\/media?parent=185"}],"wp:term":[{"taxonomy":"category","embeddable":true,"href":"https:\/\/fsk-kino.peripherfilm.de\/en\/wp-json\/wp\/v2\/categories?post=185"},{"taxonomy":"post_tag","embeddable":true,"href":"https:\/\/fsk-kino.peripherfilm.de\/en\/wp-json\/wp\/v2\/tags?post=185"}],"curies":[{"name":"wp","href":"https:\/\/api.w.org\/{rel}","templated":true}]}}