{"id":1789,"date":"2015-10-20T12:11:57","date_gmt":"2015-10-20T10:11:57","guid":{"rendered":"http:\/\/fsk-kino.peripherfilm.de\/?p=1789"},"modified":"2021-08-31T11:44:11","modified_gmt":"2021-08-31T09:44:11","slug":"el-club","status":"publish","type":"post","link":"https:\/\/fsk-kino.peripherfilm.de\/en\/el-club\/","title":{"rendered":"El Club"},"content":{"rendered":"<p><span class=\"dquo\">\u201e<\/span>Gott sah das Licht, und es war gut, und er schied das Licht von der Dunkelheit.\u201c Dieses Zitat aus der Genesis stellt Pablo Larra\u00edn sei\u00adnem kraft\u00advol\u00adlen Drama vor\u00adan. Gefolgt vom Bild eines Mannes, der am Meer einen Windhund trai\u00adniert. Immer im Kreis rennt der ange\u00adlein\u00adte Hund. Wie ver\u00adr\u00fcckt einem Fellk\u00f6der nach. Den Anweisungen sei\u00adnes Herrn unter\u00adtan, aber mehr noch den eige\u00adnen Instinkten. Nirgends ein Anfang, nir\u00adgends ein Ende. Befreiung, Erl\u00f6sung? Fehlanzeige. Daf\u00fcr blau\u00adgrau\u00ades Zwielicht, selbst die Sonne ist ver\u00add\u00fcs\u00adtert. Wenn der Hintergrund doch ein\u00admal hell ist, blei\u00adben die Gesichter der Protagonisten trotz\u00addem ver\u00adschat\u00adtet. Der Club der ver\u00adlo\u00adre\u00adnen Priester, abge\u00adscho\u00adben in ein Haus am Meer irgend\u00adwo am Dorfrand am Ende der Welt. Hierhin kom\u00admen die\u00adje\u00adni\u00adgen, \u00fcber die getu\u00adschelt wird, die eines Tages ohne wei\u00adte\u00adre Erkl\u00e4rung aus den Pfarreien ver\u00adschwin\u00adden. Sie haben gefehlt, Messdiener miss\u00adbraucht oder Babys armer Eltern an rei\u00adche Kinderlose ver\u00adkauft. In der Verbannung machen sie unter der stren\u00adgen Aufsicht von Ordensschwester M\u00f3nica Geld mit Hunderennen, ansons\u00adten sind Kartoffeln zu sch\u00e4\u00adlen und der Abwasch zu erle\u00addi\u00adgen.&nbsp; Ein wei\u00adte\u00adrer Versto\u00dfener wird zuge\u00adstellt, aber eines sei\u00adner Mi\u00dfbrauchsopfer, l\u00e4ngst erwach\u00adsen und durch das Geschehene aus der Bahn gewor\u00adfen, ver\u00adfolgt ihn und st\u00f6rt die Ruhe emp\u00adfind\u00adlich. Schlie\u00dflich kommt auch noch ein Jesuit daher, denn die Kirche hat letzt\u00adlich kein Interesse, den nutz\u00adlos gewor\u00adde\u00adnen lebens\u00adlang ein Heim zu spen\u00addie\u00adren.&nbsp; F\u00fcr die Verbannten spitzt sich die Lage zu, sie m\u00fc\u00df\u00adten sich neu erfin\u00adden und Opfer brin\u00adgen. Die Rituale sind ihnen schlie\u00df\u00adlich gel\u00e4ufig.<\/p>\n<div id=\"gallery-1\" class=\"gallery galleryid-1789 gallery-columns-3 gallery-size-thumbnail\"><figure class=\"gallery-item\">\n\t\t\t<div class=\"gallery-icon landscape\">\n\t\t\t\t<a href=\"https:\/\/fsk-kino.peripherfilm.de\/wp-content\/uploads\/2015\/10\/elclub4.jpg\"><img loading=\"lazy\" decoding=\"async\" width=\"150\" height=\"150\" src=\"https:\/\/fsk-kino.peripherfilm.de\/wp-content\/uploads\/2015\/10\/elclub4-150x150.jpg\" class=\"attachment-thumbnail size-thumbnail\" alt srcset=\"https:\/\/fsk-kino.peripherfilm.de\/wp-content\/uploads\/2015\/10\/elclub4-150x150.jpg 150w, https:\/\/fsk-kino.peripherfilm.de\/wp-content\/uploads\/2015\/10\/elclub4-100x100.jpg 100w\" sizes=\"auto, (max-width: 150px) 100vw, 150px\"><\/a>\n\t\t\t<\/div><\/figure><figure class=\"gallery-item\">\n\t\t\t<div class=\"gallery-icon landscape\">\n\t\t\t\t<a href=\"https:\/\/fsk-kino.peripherfilm.de\/wp-content\/uploads\/2015\/10\/elclub1.jpg\"><img loading=\"lazy\" decoding=\"async\" width=\"150\" height=\"150\" src=\"https:\/\/fsk-kino.peripherfilm.de\/wp-content\/uploads\/2015\/10\/elclub1-150x150.jpg\" class=\"attachment-thumbnail size-thumbnail\" alt srcset=\"https:\/\/fsk-kino.peripherfilm.de\/wp-content\/uploads\/2015\/10\/elclub1-150x150.jpg 150w, https:\/\/fsk-kino.peripherfilm.de\/wp-content\/uploads\/2015\/10\/elclub1-100x100.jpg 100w\" sizes=\"auto, (max-width: 150px) 100vw, 150px\"><\/a>\n\t\t\t<\/div><\/figure><figure class=\"gallery-item\">\n\t\t\t<div class=\"gallery-icon landscape\">\n\t\t\t\t<a href=\"https:\/\/fsk-kino.peripherfilm.de\/wp-content\/uploads\/2015\/10\/elclub2.jpg\"><img loading=\"lazy\" decoding=\"async\" width=\"150\" height=\"150\" src=\"https:\/\/fsk-kino.peripherfilm.de\/wp-content\/uploads\/2015\/10\/elclub2-150x150.jpg\" class=\"attachment-thumbnail size-thumbnail\" alt srcset=\"https:\/\/fsk-kino.peripherfilm.de\/wp-content\/uploads\/2015\/10\/elclub2-150x150.jpg 150w, https:\/\/fsk-kino.peripherfilm.de\/wp-content\/uploads\/2015\/10\/elclub2-100x100.jpg 100w\" sizes=\"auto, (max-width: 150px) 100vw, 150px\"><\/a>\n\t\t\t<\/div><\/figure><figure class=\"gallery-item\">\n\t\t\t<div class=\"gallery-icon landscape\">\n\t\t\t\t<a href=\"https:\/\/fsk-kino.peripherfilm.de\/wp-content\/uploads\/2015\/10\/elclub3.jpg\"><img loading=\"lazy\" decoding=\"async\" width=\"150\" height=\"150\" src=\"https:\/\/fsk-kino.peripherfilm.de\/wp-content\/uploads\/2015\/10\/elclub3-150x150.jpg\" class=\"attachment-thumbnail size-thumbnail\" alt srcset=\"https:\/\/fsk-kino.peripherfilm.de\/wp-content\/uploads\/2015\/10\/elclub3-150x150.jpg 150w, https:\/\/fsk-kino.peripherfilm.de\/wp-content\/uploads\/2015\/10\/elclub3-100x100.jpg 100w\" sizes=\"auto, (max-width: 150px) 100vw, 150px\"><\/a>\n\t\t\t<\/div><\/figure>\n\t\t<\/div>\n\n<p><em>Chile 2015, 98 Min.&nbsp; span. OmU&nbsp;<\/em><br>\n<em>Regie:&nbsp; Pablo Larra\u00edn&nbsp;<\/em><br>\n<em>Buch:&nbsp; Pablo Larra\u00edn, Guillermo Calder\u00f3n, Daniel Villalobos&nbsp;<\/em><br>\n<em>Kamera: Sergio Armstrong&nbsp;<\/em><br>\n<em>Schnitt: Sebasti\u00e1n Sep\u00falveda&nbsp;<\/em><\/p>\n<p><em>mit: Roberto Far\u00edas, Antonia Zegers,&nbsp; Alfredo Castro,&nbsp; Alejandro Goic, Alejandro Sieveking, Jaime Vadell,&nbsp; Marcelo Alonso<\/em><\/p>\n\n\n<div class=\"lyte-wrapper\" title=\"El Club (Trailer OmU deutsch HD)\" style=\"width:640px;max-width:100%;margin:5px;\"><div class=\"lyMe\" id=\"WYL_JahJUCvERO0\" itemprop=\"video\" itemscope itemtype=\"https:\/\/schema.org\/VideoObject\"><div><meta itemprop=\"thumbnailUrl\" content=\"https:\/\/fsk-kino.peripherfilm.de\/wp-content\/plugins\/wp-youtube-lyte\/lyteCache.php?origThumbUrl=https%3A%2F%2Fi.ytimg.com%2Fvi%2FJahJUCvERO0%2Fhqdefault.jpg\"><meta itemprop=\"embedURL\" content=\"https:\/\/www.youtube.com\/embed\/JahJUCvERO0\"><meta itemprop=\"duration\" content=\"PT2M2S\"><meta itemprop=\"uploadDate\" content=\"2015-10-07T13:12:59Z\"><\/div><div id=\"lyte_JahJUCvERO0\" data-src=\"https:\/\/fsk-kino.peripherfilm.de\/wp-content\/plugins\/wp-youtube-lyte\/lyteCache.php?origThumbUrl=https%3A%2F%2Fi.ytimg.com%2Fvi%2FJahJUCvERO0%2Fhqdefault.jpg\" class=\"pL\"><div class=\"tC\"><div class=\"tT\" itemprop=\"name\">El Club (Trailer OmU deutsch <span class=\"caps\">HD<\/span>)<\/div><\/div><div class=\"play\"><\/div><div class=\"ctrl\"><div class=\"Lctrl\"><\/div><div class=\"Rctrl\"><\/div><\/div><\/div><noscript><a href=\"https:\/\/youtu.be\/JahJUCvERO0\" rel=\"nofollow\"><img loading=\"lazy\" decoding=\"async\" src=\"https:\/\/fsk-kino.peripherfilm.de\/wp-content\/plugins\/wp-youtube-lyte\/lyteCache.php?origThumbUrl=https%3A%2F%2Fi.ytimg.com%2Fvi%2FJahJUCvERO0%2F0.jpg\" alt=\"El Club (Trailer OmU deutsch HD)\" width=\"640\" height=\"340\"><br>Watch this video on YouTube<\/a><\/noscript><meta itemprop=\"description\" content=\"\u00bbEin explosiver, packender, hellwacher Film!\u00ab THE UPCOMING http:\/\/el-club-der-film.de\/ Nach \u00a1NO! der neue Film von Pablo Larrain \u2013 im Kino! Ein abgelegenes Haus in einem kleinen Ort an der st\u00fcrmischen chilenischen Nordk\u00fcste. Hier leben Padre Vidal, Padre Ortega, Padre Silva und Padre Rami\u0301rez \u2013 doch sie sind nicht freiwillig hier. Man hat sie hierher geschickt, damit sie f\u00fcr Verfehlungen aus ihrer Vergangenheit b\u00fc\u00dfen, abgeschieden von der Welt und weltlicher Verfolgung. Sie scheinen nach strengen Hausregeln zu leben, umsorgt und beaufsichtigt von der gef\u00e4hrlich sanften Schwester M\u00f3nica. Die Ankunft eines neuen Mitbewohners durchbricht j\u00e4h das fragile Gleichgewicht ihrer t\u00e4glichen Routine. Denn Padre Mat\u00edas bringt die Vergangenheit mit, die sie hinter sich gelassen zu haben glaubten. \u00bbEL CLUB mit seiner heftigen, klugen, permanent \u00fcberraschenden Mischung aus bitter ernstem Material und bitter komischer Umsetzung katapultiert Pablo Larra\u00edn in die erste Reihe internationaler Filmemacher.\u00ab INDIEWIRE Ausgezeichnet mit dem \u00bbSilbernen B\u00e4ren \u2013 Gro\u00dfer Preis der Jury\u00ab auf der Berlinale 2015! \u00bbDieser Film trifft etwas, ganz tief innen und sehr stark.\u00ab EL MUNDO Padre Vidal ... Alfredo Castro | Sandokan ... Roberto Far\u00edas Hermana M\u00f3nica ... Antonia Zegers | Padre Silva ... Jaime Vadell Padre Ortega ... Alejandro Goic | Padre Ram\u00edrez ... Alejandro Sieveking Padre Garc\u00eda ... Marcelo Alonso | Padre Lazcano ... Jos\u00e9 Soza Padre Alfonso ... Francisco Reyes Regie ... Pablo Larra\u00edn | Produzent ... Juan de Dios Larra\u00edn Buch ... Guillermo Calder\u00f3n, Daniel Villalobos, Pablo Larra\u00edn Kamera ... Sergio Armstrong | Szenenbild \/ Kost\u00fcmbild ... Estefan\u00eda Larra\u00edn Musik ... Carlos Cabezas | Line Producer ... Eduardo Castro C. Schnitt ... Sebasti\u00e1n Sep\u00falveda | Sound Designer ... Miguel Hormaz\u00e1bal Post Producer ... Cristi\u00e1n Echeverr\u00eda | Executive Producers ... Roc\u00edo Jaude, Juan Ignacio Correa, Mariane Hartard Eine Produktion von FABULA | Im Verleih der PIFFL MEDIEN Chile 2015, 97 min, Cinemascope, 5.1 http:\/\/www.pifflmedien.de\/\"><\/div><\/div><div class=\"lL\" style=\"max-width:100%;width:640px;margin:5px;\"><\/div>\n","protected":false},"excerpt":{"rendered":"<p><span class=\"dquo\">\u201e<\/span>Gott sah das Licht, und es war gut, und er schied das Licht von der Dunkelheit.\u201c Dieses Zitat aus der Genesis stellt Pablo Larra\u00edn sei\u00adnem kraft\u00advol\u00adlen Drama vor\u00adan. Gefolgt vom Bild eines Mannes, der am Meer einen Windhund trai\u00adniert. Immer im Kreis rennt der ange\u00adlein\u00adte Hund. Wie ver\u00adr\u00fcckt einem Fellk\u00f6der nach. Den Anweisungen sei\u00adnes&nbsp;Herrn&nbsp;[\u2026]<\/p>\n","protected":false},"author":2,"featured_media":1794,"comment_status":"closed","ping_status":"open","sticky":false,"template":"","format":"standard","meta":{"_crdt_document":"","wp_typography_post_enhancements_disabled":false,"slim_seo":{"title":"El Club - fsk Kino","description":"\u201eGott sah das Licht, und es war gut, und er schied das Licht von der Dunkelheit.\u201c Dieses Zitat aus der Genesis stellt Pablo Larra\u00edn seinem kraftvollen Drama vor"},"footnotes":""},"categories":[25],"tags":[198],"class_list":["post-1789","post","type-post","status-publish","format-standard","has-post-thumbnail","hentry","category-archiv","tag-nocache"],"_links":{"self":[{"href":"https:\/\/fsk-kino.peripherfilm.de\/en\/wp-json\/wp\/v2\/posts\/1789","targetHints":{"allow":["GET"]}}],"collection":[{"href":"https:\/\/fsk-kino.peripherfilm.de\/en\/wp-json\/wp\/v2\/posts"}],"about":[{"href":"https:\/\/fsk-kino.peripherfilm.de\/en\/wp-json\/wp\/v2\/types\/post"}],"author":[{"embeddable":true,"href":"https:\/\/fsk-kino.peripherfilm.de\/en\/wp-json\/wp\/v2\/users\/2"}],"replies":[{"embeddable":true,"href":"https:\/\/fsk-kino.peripherfilm.de\/en\/wp-json\/wp\/v2\/comments?post=1789"}],"version-history":[{"count":0,"href":"https:\/\/fsk-kino.peripherfilm.de\/en\/wp-json\/wp\/v2\/posts\/1789\/revisions"}],"wp:featuredmedia":[{"embeddable":true,"href":"https:\/\/fsk-kino.peripherfilm.de\/en\/wp-json\/wp\/v2\/media\/1794"}],"wp:attachment":[{"href":"https:\/\/fsk-kino.peripherfilm.de\/en\/wp-json\/wp\/v2\/media?parent=1789"}],"wp:term":[{"taxonomy":"category","embeddable":true,"href":"https:\/\/fsk-kino.peripherfilm.de\/en\/wp-json\/wp\/v2\/categories?post=1789"},{"taxonomy":"post_tag","embeddable":true,"href":"https:\/\/fsk-kino.peripherfilm.de\/en\/wp-json\/wp\/v2\/tags?post=1789"}],"curies":[{"name":"wp","href":"https:\/\/api.w.org\/{rel}","templated":true}]}}