{"id":1660,"date":"2015-10-01T12:56:48","date_gmt":"2015-10-01T10:56:48","guid":{"rendered":"http:\/\/fsk-kino.peripherfilm.de\/?page_id=1660"},"modified":"2021-08-31T11:44:11","modified_gmt":"2021-08-31T09:44:11","slug":"fremd","status":"publish","type":"post","link":"https:\/\/fsk-kino.peripherfilm.de\/en\/fremd\/","title":{"rendered":"Fremd"},"content":{"rendered":"<p>Fremd beschreibt den von der Not dik\u00adtier\u00adten Aufbruch eines jun\u00adgen Maliers nach Europa. Seit zwei\u00adein\u00adhalb Jahren ist er unter\u00adwegs in eine Welt, in der er nie leben woll\u00adte. Der Film sucht die Beweggr\u00fcnde f\u00fcr die\u00adse Flucht und gew\u00e4hrt Einblick in die Lebensumst\u00e4nde und den zer\u00adm\u00fcr\u00adben\u00adden Alltag von Migranten auf ihrem Weg vom sub\u00adsa\u00adha\u00adri\u00adschen Afrika \u00fcber Algerien und Marokko nach Europa. Er zeigt ihr Leben, das gepr\u00e4gt ist von Hetze und Hoffnung, Flucht und Stillstand. Vom Leben als jah\u00adre\u00adlan\u00adger Reisender und vom \u00dcberleben in der Fremde.<\/p>\n<p><span class=\"dquo\">\u201e<\/span>Je n\u00e4her ich die jun\u00adgen M\u00e4nner und Frauen auf ihrer Odyssee vor Europa ken\u00adnen\u00adlern\u00adte, des\u00adto drin\u00adgen\u00adder ver\u00adsp\u00fcr\u00adte ich den Wunsch Ihnen \u2013 die in uns\u00adrer poli\u00adti\u00adschen Sprache meis\u00adtens nur als anony\u00adme Masse auf\u00adtau\u00adchen, vor der es sich zu sch\u00fct\u00adzen gilt \u2013 ein Gesicht zu ver\u00adlei\u00adhen. Ich will sie in \u201eFremd\u201c als Individuen wahr\u00adnehm\u00adbar wer\u00adden las\u00adsen und ihnen die M\u00f6glichkeit geben f\u00fcr sich selbst zu sprechen.<br>\nIch bewun\u00adder\u00adte die mir anfangs frem\u00adden Migranten f\u00fcr ihre Konsequenz und ihren unbe\u00adding\u00adten Willen einen Kontinent errei\u00adchen zu wol\u00adlen, den sie nur sche\u00admen\u00adhaft kann\u00adten. Diese Bereitschaft zu einem kom\u00adplet\u00adten Bruch mit ihrem bis\u00adhe\u00adri\u00adgen Leben mach\u00adte mich neu\u00adgie\u00adrig. Als mir bewusst wur\u00adde, unter wel\u00adchen Umst\u00e4nden sie in ihren L\u00e4ndern leben, wel\u00adcher Trostlosigkeit und Restriktion sie sich h\u00e4u\u00adfig gegen\u00ad\u00fcber\u00adse\u00adhen, ver\u00adstand ich, dass f\u00fcr sie ein Leben, selbst mit den ein\u00adfachs\u00adten W\u00fcnschen in ihren Heimatl\u00e4ndern unm\u00f6g\u00adlich&nbsp;ist.<br>\nDenn wie kann man sich selbst ver\u00adwirk\u00adli\u00adchen, auf Bildung, Rechtsstaatlichkeit, und per\u00ads\u00f6n\u00adli\u00adche Freiheit hof\u00adfen wenn man jeden Tag erneut ums \u00dcberleben k\u00e4mp\u00adfen muss? Wenn man kei\u00adnen Cent in der Tasche hat? Wenn man sich fremd f\u00fchlt im eige\u00adnen&nbsp;Land?<br>\nDie drang\u00adsa\u00adlier\u00adten, durs\u00adti\u00adgen aber immer noch unge\u00adbro\u00adche\u00adnen Migranten an pro\u00advi\u00adso\u00adri\u00adschen Orten, in W\u00e4ldern ver\u00adsteckt wie\u00adder\u00adzu\u00adtref\u00adfen, gab mir das Gef\u00fchl sie sei\u00aden ver\u00adlo\u00adren und ihre Reise br\u00e4ch\u00adte sie eher wei\u00adter von sich weg als n\u00e4her zu sich selbst.<br>\nFremd ist eine Geschichte \u00fcber Menschen auf Reisen, auf der Suche nach einem ande\u00adren Leben. Eine Reflexion \u00fcber den Verlust von Zeit und das Scheitern. Aber ist es nicht unser Scheitern?\u201d<br>\nMiriam Fa\u00dfbender<\/p>\n<div id=\"gallery-1\" class=\"gallery galleryid-1660 gallery-columns-3 gallery-size-thumbnail\"><figure class=\"gallery-item\">\n\t\t\t<div class=\"gallery-icon landscape\">\n\t\t\t\t<a href=\"https:\/\/fsk-kino.peripherfilm.de\/wp-content\/uploads\/2015\/10\/fremd1.jpg\"><img loading=\"lazy\" decoding=\"async\" width=\"150\" height=\"150\" src=\"https:\/\/fsk-kino.peripherfilm.de\/wp-content\/uploads\/2015\/10\/fremd1-150x150.jpg\" class=\"attachment-thumbnail size-thumbnail\" alt srcset=\"https:\/\/fsk-kino.peripherfilm.de\/wp-content\/uploads\/2015\/10\/fremd1-150x150.jpg 150w, https:\/\/fsk-kino.peripherfilm.de\/wp-content\/uploads\/2015\/10\/fremd1-100x100.jpg 100w\" sizes=\"auto, (max-width: 150px) 100vw, 150px\"><\/a>\n\t\t\t<\/div><\/figure><figure class=\"gallery-item\">\n\t\t\t<div class=\"gallery-icon landscape\">\n\t\t\t\t<a href=\"https:\/\/fsk-kino.peripherfilm.de\/wp-content\/uploads\/2015\/10\/fremd2.jpg\"><img loading=\"lazy\" decoding=\"async\" width=\"150\" height=\"150\" src=\"https:\/\/fsk-kino.peripherfilm.de\/wp-content\/uploads\/2015\/10\/fremd2-150x150.jpg\" class=\"attachment-thumbnail size-thumbnail\" alt srcset=\"https:\/\/fsk-kino.peripherfilm.de\/wp-content\/uploads\/2015\/10\/fremd2-150x150.jpg 150w, https:\/\/fsk-kino.peripherfilm.de\/wp-content\/uploads\/2015\/10\/fremd2-100x100.jpg 100w\" sizes=\"auto, (max-width: 150px) 100vw, 150px\"><\/a>\n\t\t\t<\/div><\/figure><figure class=\"gallery-item\">\n\t\t\t<div class=\"gallery-icon landscape\">\n\t\t\t\t<a href=\"https:\/\/fsk-kino.peripherfilm.de\/wp-content\/uploads\/2015\/10\/fremd3.jpg\"><img loading=\"lazy\" decoding=\"async\" width=\"150\" height=\"150\" src=\"https:\/\/fsk-kino.peripherfilm.de\/wp-content\/uploads\/2015\/10\/fremd3-150x150.jpg\" class=\"attachment-thumbnail size-thumbnail\" alt srcset=\"https:\/\/fsk-kino.peripherfilm.de\/wp-content\/uploads\/2015\/10\/fremd3-150x150.jpg 150w, https:\/\/fsk-kino.peripherfilm.de\/wp-content\/uploads\/2015\/10\/fremd3-100x100.jpg 100w\" sizes=\"auto, (max-width: 150px) 100vw, 150px\"><\/a>\n\t\t\t<\/div><\/figure><figure class=\"gallery-item\">\n\t\t\t<div class=\"gallery-icon landscape\">\n\t\t\t\t<a href=\"https:\/\/fsk-kino.peripherfilm.de\/wp-content\/uploads\/2015\/10\/fremd4.jpg\"><img loading=\"lazy\" decoding=\"async\" width=\"150\" height=\"150\" src=\"https:\/\/fsk-kino.peripherfilm.de\/wp-content\/uploads\/2015\/10\/fremd4-150x150.jpg\" class=\"attachment-thumbnail size-thumbnail\" alt srcset=\"https:\/\/fsk-kino.peripherfilm.de\/wp-content\/uploads\/2015\/10\/fremd4-150x150.jpg 150w, https:\/\/fsk-kino.peripherfilm.de\/wp-content\/uploads\/2015\/10\/fremd4-100x100.jpg 100w\" sizes=\"auto, (max-width: 150px) 100vw, 150px\"><\/a>\n\t\t\t<\/div><\/figure>\n\t\t<\/div>\n\n<p>D \/ <span class=\"caps\">MALI<\/span> \/ <span class=\"caps\">ALGERIEN<\/span> \/ <span class=\"caps\">MAROKKO<\/span> 2011<\/p>\n<p><strong>Regie, Buch <span class=\"amp\">&amp;<\/span> Kamera:<\/strong> Miriam Fa\u00dfbender<br>\n<strong>Schnitt:<\/strong> Andreas Landeck, Andrea Sch\u00f6nherr, Sylke Rohrlach<br>\n<strong>Ton:<\/strong> Rainer Gerlach, Kai&nbsp;L\u00fcde<br>\n<strong>Musik:<\/strong> Christof Vonderau<br>\n<strong>Produktion<\/strong>: Max Milhahn Filmproduktion<\/p>\n<p>93 Min., fran\u00adz\u00f6\u00adsisch, bam\u00adba\u00adra&nbsp;OmU<\/p>\n\n\n<p><iframe loading=\"lazy\" src=\"https:\/\/player.vimeo.com\/video\/61098585\" width=\"500\" height=\"281\" frameborder=\"0\" allowfullscreen=\"allowfullscreen\"><\/iframe><\/p>\n","protected":false},"excerpt":{"rendered":"<p>Fremd beschreibt den von der Not dik\u00adtier\u00adten Aufbruch eines jun\u00adgen Maliers nach Europa. Seit zwei\u00adein\u00adhalb Jahren ist er unter\u00adwegs in eine Welt, in der er nie leben woll\u00adte. Der Film sucht die Beweggr\u00fcnde f\u00fcr die\u00adse Flucht und gew\u00e4hrt Einblick in die Lebensumst\u00e4nde und den zer\u00adm\u00fcr\u00adben\u00adden Alltag von Migranten auf ihrem Weg vom sub\u00adsa\u00adha\u00adri\u00adschen Afrika \u00fcber&nbsp;[\u2026]<\/p>\n","protected":false},"author":2,"featured_media":1665,"comment_status":"closed","ping_status":"closed","sticky":false,"template":"","format":"standard","meta":{"_crdt_document":"","wp_typography_post_enhancements_disabled":false,"slim_seo":{"title":"Fremd - fsk Kino","description":"Fremd beschreibt den von der Not diktierten Aufbruch eines jungen Maliers nach Europa. Seit zweieinhalb Jahren ist er unterwegs in eine Welt, in der er nie lebe"},"footnotes":""},"categories":[25],"tags":[198],"class_list":["post-1660","post","type-post","status-publish","format-standard","has-post-thumbnail","hentry","category-archiv","tag-nocache"],"_links":{"self":[{"href":"https:\/\/fsk-kino.peripherfilm.de\/en\/wp-json\/wp\/v2\/posts\/1660","targetHints":{"allow":["GET"]}}],"collection":[{"href":"https:\/\/fsk-kino.peripherfilm.de\/en\/wp-json\/wp\/v2\/posts"}],"about":[{"href":"https:\/\/fsk-kino.peripherfilm.de\/en\/wp-json\/wp\/v2\/types\/post"}],"author":[{"embeddable":true,"href":"https:\/\/fsk-kino.peripherfilm.de\/en\/wp-json\/wp\/v2\/users\/2"}],"replies":[{"embeddable":true,"href":"https:\/\/fsk-kino.peripherfilm.de\/en\/wp-json\/wp\/v2\/comments?post=1660"}],"version-history":[{"count":0,"href":"https:\/\/fsk-kino.peripherfilm.de\/en\/wp-json\/wp\/v2\/posts\/1660\/revisions"}],"wp:featuredmedia":[{"embeddable":true,"href":"https:\/\/fsk-kino.peripherfilm.de\/en\/wp-json\/wp\/v2\/media\/1665"}],"wp:attachment":[{"href":"https:\/\/fsk-kino.peripherfilm.de\/en\/wp-json\/wp\/v2\/media?parent=1660"}],"wp:term":[{"taxonomy":"category","embeddable":true,"href":"https:\/\/fsk-kino.peripherfilm.de\/en\/wp-json\/wp\/v2\/categories?post=1660"},{"taxonomy":"post_tag","embeddable":true,"href":"https:\/\/fsk-kino.peripherfilm.de\/en\/wp-json\/wp\/v2\/tags?post=1660"}],"curies":[{"name":"wp","href":"https:\/\/api.w.org\/{rel}","templated":true}]}}