{"id":16224,"date":"2021-07-29T15:51:12","date_gmt":"2021-07-29T13:51:12","guid":{"rendered":"https:\/\/fsk-kino.peripherfilm.de\/?p=16224"},"modified":"2021-09-16T00:15:11","modified_gmt":"2021-09-15T22:15:11","slug":"thomas-brasch-aus-meinen-augenfenstern","status":"publish","type":"post","link":"https:\/\/fsk-kino.peripherfilm.de\/en\/thomas-brasch-aus-meinen-augenfenstern\/","title":{"rendered":"Thomas Brasch: Aus meinen Augenfenstern"},"content":{"rendered":"<p class=\"qtranxs-available-languages-message qtranxs-available-languages-message-en\">Sorry, this ent\u00adry is only available in <a href=\"https:\/\/fsk-kino.peripherfilm.de\/de\/wp-json\/wp\/v2\/posts\/16224\" class=\"qtranxs-available-language-link qtranxs-available-language-link-de\" title=\"Deutsch\">Deutsch<\/a>.<\/p><p class=\"wp-block-paragraph\">Im Rahmen des <a href=\"https:\/\/www.literaturfestival.com\/\">inter\u00adna\u00adtio\u00adna\u00adles lite\u00adra\u00adtur\u00adfes\u00adti\u00adval ber\u00adlin [ilb]<\/a> 2021 zei\u00adgen wir am 12.9. ein Thomas Brasch Programm:<\/p>\n\n\n\n<p class=\"wp-block-paragraph\">Thomas Brasch [1945\u20132001] war Dichter, Dramatiker, Autor, Filmschaffender und \u00dcbersetzer. In allen Bereichen scho\u00adnungs\u00adlos, unkon\u00adven\u00adtio\u00adnell und unnach\u00adgie\u00adbig, gleich\u00adzei\u00adtig fein\u00adf\u00fch\u00adlig und sanft. Als Kind j\u00fcdisch-kom\u00admu\u00adnis\u00adti\u00adscher Eltern wuchs Brasch in der <span class=\"caps\">DDR<\/span> auf, wo sein Vater zum stell\u00adver\u00adtre\u00adten\u00adden Kulturminister auf\u00adstieg, w\u00e4h\u00adrend er selbst mit sei\u00adner Kritik an den real\u00adso\u00adzia\u00adlis\u00adti\u00adschen Verh\u00e4ltnissen aneck\u00adte. 1976 ver\u00adlie\u00df er das Land, um in der <span class=\"caps\">BRD<\/span> sein Schaffen fort\u00adzu\u00adset\u00adzen. Zwischen den 70er und 90er Jahren kon\u00adfron\u00adtier\u00adte er das Publikum scharf\u00adsin\u00adnig und ori\u00adgi\u00adnell mit den Widerspr\u00fcchen der deut\u00adschen Nachkriegszeit. Seine Werke, dar\u00adun\u00adter zahl\u00adrei\u00adche Gedichte, der Roman \u201eVor den V\u00e4tern ster\u00adben die Sohne\u201c und der Film \u201eEngel aus Eisen\u201c, zeich\u00adnen sich durch eine kla\u00adre Bildsprache und einen \u201ebeschwingt aggres\u00adsi\u00adven\u201c Witz [<span class=\"caps\">SZ<\/span>] aus. Das ilb zeigt in Filmvorf\u00fchrungen, Performances und Lesungen die Facetten sei\u00adnes Schaffens.<\/p>\n\n\n\n<p class=\"wp-block-paragraph\">U.a. mit Annett Gr\u00f6schner <sup>D<\/sup>, Andreas Kleinert <sup>D<\/sup>, Matthias M\u00fccke<sup> D<\/sup>. Claus Peymann <sup>D<\/sup> [live zuge\u00adschal\u00adtet], Masha Qrella <sup>D<\/sup>, Hilde Stark<sup> D<\/sup>, Hanns Zischler <sup>D <\/sup>und Alexander Polzin, der das Programm der Brasch-Reihe mitgestaltete.<\/p>\n\n\n\n<hr class=\"wp-block-separator is-style-dots\">\n\n\n\n<p class=\"wp-block-paragraph\">So., 12.09.2021; 12:00 Uhr \u2013 fsk Kino [<a href=\"https:\/\/booking.cinetixx.de\/frontend\/#\/movie\/2278359999\/914518840\">Tickets<\/a>]<\/p>\n\n\n\n<p class=\"wp-block-paragraph\"><a href=\"https:\/\/www.literaturfestival.com\/festival\/programm\/2021\/es%202021\/brasch-engel-aus-eisen\"><span class=\"caps\">THOMAS<\/span> <span class=\"caps\">BRASCH<\/span>: <span class=\"caps\">AUS<\/span> <span class=\"caps\">MEINEN<\/span> <span class=\"caps\">AUGENFENSTERN<\/span><br>\u201e<span class=\"caps\">ENGEL<\/span> <span class=\"caps\">AUS<\/span> <span class=\"caps\">EISEN<\/span>\u201c. <span class=\"caps\">FILMVORFUHRUNG<\/span><\/a><\/p>\n\n\n\n<p class=\"wp-block-paragraph\">Das Filmdebut des Dramatikers Thomas Brasch, das 1981 im Auftrag des Zweiten Deutschen Fernsehens ent\u00adstand, erhielt im Jahr sei\u00adner Entstehung den Bayerischen Filmpreis. Erz\u00e4hlt wird die wah\u00adre Geschichte des jugend\u00adli\u00adchen Bandenchefs Werner Gladow, der zur Zeit der Berliner Luftbr\u00fccke Raubzuge durch Berlin unter\u00adnahm. Lebensnah demons\u00adtriert er Figuren, \u201ein denen sich die Widerspruche und die Verst\u00f6rung der Menschen nach dem Krieg beson\u00adders deut\u00adlich zei\u00adgen.\u201c [Lexikon des inter\u00adna\u00adtio\u00adna\u00adlen&nbsp;Films]<\/p>\n\n\n\n<figure data-wp-context=\"{&quot;imageId&quot;:&quot;69f273f8e2de9&quot;}\" data-wp-interactive=\"core\/image\" data-wp-key=\"69f273f8e2de9\" class=\"wp-block-image size-large is-resized wp-lightbox-container\"><img loading=\"lazy\" decoding=\"async\" data-wp-class--hide=\"state.isContentHidden\" data-wp-class--show=\"state.isContentVisible\" data-wp-init=\"callbacks.setButtonStyles\" data-wp-on--click=\"actions.showLightbox\" data-wp-on--load=\"callbacks.setButtonStyles\" data-wp-on--pointerdown=\"actions.preloadImage\" data-wp-on--pointerenter=\"actions.preloadImageWithDelay\" data-wp-on--pointerleave=\"actions.cancelPreload\" data-wp-on-window--resize=\"callbacks.setButtonStyles\" src=\"https:\/\/fsk-kino.peripherfilm.de\/wp-content\/uploads\/2021\/07\/Brasch-Engel_aus_Eisen-1-1024x674.jpg\" alt class=\"wp-image-16225\" width=\"655\" height=\"431\" srcset=\"https:\/\/fsk-kino.peripherfilm.de\/wp-content\/uploads\/2021\/07\/Brasch-Engel_aus_Eisen-1-1024x674.jpg 1024w, https:\/\/fsk-kino.peripherfilm.de\/wp-content\/uploads\/2021\/07\/Brasch-Engel_aus_Eisen-1-300x198.jpg 300w, https:\/\/fsk-kino.peripherfilm.de\/wp-content\/uploads\/2021\/07\/Brasch-Engel_aus_Eisen-1-scaled-600x395.jpg 600w, https:\/\/fsk-kino.peripherfilm.de\/wp-content\/uploads\/2021\/07\/Brasch-Engel_aus_Eisen-1-400x263.jpg 400w, https:\/\/fsk-kino.peripherfilm.de\/wp-content\/uploads\/2021\/07\/Brasch-Engel_aus_Eisen-1-768x506.jpg 768w, https:\/\/fsk-kino.peripherfilm.de\/wp-content\/uploads\/2021\/07\/Brasch-Engel_aus_Eisen-1-1536x1011.jpg 1536w, https:\/\/fsk-kino.peripherfilm.de\/wp-content\/uploads\/2021\/07\/Brasch-Engel_aus_Eisen-1-2048x1348.jpg 2048w, https:\/\/fsk-kino.peripherfilm.de\/wp-content\/uploads\/2021\/07\/Brasch-Engel_aus_Eisen-1-624x411.jpg 624w, https:\/\/fsk-kino.peripherfilm.de\/wp-content\/uploads\/2021\/07\/Brasch-Engel_aus_Eisen-1-200x132.jpg 200w\" sizes=\"auto, (max-width: 655px) 100vw, 655px\"><button class=\"lightbox-trigger\" type=\"button\" aria-haspopup=\"dialog\" data-wp-bind--aria-label=\"state.thisImage.triggerButtonAriaLabel\" data-wp-init=\"callbacks.initTriggerButton\" data-wp-on--click=\"actions.showLightbox\" data-wp-style--right=\"state.thisImage.buttonRight\" data-wp-style--top=\"state.thisImage.buttonTop\">\n\t\t\t<svg width=\"12\" height=\"12\" fill=\"none\" viewBox=\"0 0 12 12\">\n\t\t\t\t<path fill=\"#fff\" d=\"M2 0a2 2 0 0 0-2 2v2h1.5V2a.5.5 0 0 1 .5-.5h2V0H2Zm2 10.5H2a.5.5 0 0 1-.5-.5V8H0v2a2 2 0 0 0 2 2h2v-1.5ZM8 12v-1.5h2a.5.5 0 0 0 .5-.5V8H12v2a2 2 0 0 1-2 2H8Zm2-12a2 2 0 0 1 2 2v2h-1.5V2a.5.5 0 0 0-.5-.5H8V0h2Z\" \/>\n\t\t\t<\/svg>\n\t\t<\/button><figcaption>Engel aus&nbsp;Eisen<\/figcaption><\/figure>\n\n\n\n<hr class=\"wp-block-separator is-style-dots\">\n\n\n\n<p class=\"wp-block-paragraph\">So., 12.09.2021; 14:30 Uhr \u2013 fsk Kino [<a href=\"https:\/\/booking.cinetixx.de\/frontend\/#\/movie\/2278359999\/2417830796\">Tickets<\/a>]<\/p>\n\n\n\n<p class=\"wp-block-paragraph\"><a href=\"https:\/\/www.literaturfestival.com\/festival\/programm\/2021\/es%202021\/thomas-brasch-aus-meinen-augenfenstern-domino-filmvorfuehrung\"><span class=\"caps\">THOMAS<\/span> <span class=\"caps\">BRASCH<\/span>: <span class=\"caps\">AUS<\/span> <span class=\"caps\">MEINEN<\/span> <span class=\"caps\">AUGENFENSTERN<\/span><br>\u201e<span class=\"caps\">DOMINO<\/span>\u201c. <span class=\"caps\">FILMVORFUHRUNG<\/span><\/a><\/p>\n\n\n\n<p class=\"wp-block-paragraph\">Der mit Katharina Thalbach, Bernhard Wicki und Anne Bennent hoch\u00adka\u00adra\u00adtig besetz\u00adte Spielfilm von 1982 han\u00addelt von einer jun\u00adgen Theaterschauspielerin, die sich unsi\u00adcher zwi\u00adschen Fiktion und Realit\u00e4t bewegt und nach dem Tod ihres Mentors end\u00adg\u00fcl\u00adtig den Halt ver\u00adliert. \u201eDie Geschichte die\u00adser k\u00fcnst\u00adle\u00adri\u00adschen Identit\u00e4tskrise ist mit Versatzstucken des Zauberm\u00e4rchens zu einem viel\u00adschich\u00adti\u00adgen, ver\u00adtrack\u00adten Zeitbild ver\u00adbun\u00adden, zu einem Essay \u00fcber Realit\u00e4tsprobleme.\u201c [Lexikon des inter\u00adna\u00adtio\u00adna\u00adlen&nbsp;Films]<\/p>\n\n\n\n<figure data-wp-context=\"{&quot;imageId&quot;:&quot;69f273f8e45b7&quot;}\" data-wp-interactive=\"core\/image\" data-wp-key=\"69f273f8e45b7\" class=\"wp-block-image size-large wp-lightbox-container\"><img loading=\"lazy\" decoding=\"async\" width=\"1024\" height=\"756\" data-wp-class--hide=\"state.isContentHidden\" data-wp-class--show=\"state.isContentVisible\" data-wp-init=\"callbacks.setButtonStyles\" data-wp-on--click=\"actions.showLightbox\" data-wp-on--load=\"callbacks.setButtonStyles\" data-wp-on--pointerdown=\"actions.preloadImage\" data-wp-on--pointerenter=\"actions.preloadImageWithDelay\" data-wp-on--pointerleave=\"actions.cancelPreload\" data-wp-on-window--resize=\"callbacks.setButtonStyles\" src=\"https:\/\/fsk-kino.peripherfilm.de\/wp-content\/uploads\/2021\/07\/Brasch-Domino-3-1024x756.jpg\" alt class=\"wp-image-16227\" srcset=\"https:\/\/fsk-kino.peripherfilm.de\/wp-content\/uploads\/2021\/07\/Brasch-Domino-3-1024x756.jpg 1024w, https:\/\/fsk-kino.peripherfilm.de\/wp-content\/uploads\/2021\/07\/Brasch-Domino-3-300x222.jpg 300w, https:\/\/fsk-kino.peripherfilm.de\/wp-content\/uploads\/2021\/07\/Brasch-Domino-3-scaled-600x443.jpg 600w, https:\/\/fsk-kino.peripherfilm.de\/wp-content\/uploads\/2021\/07\/Brasch-Domino-3-400x295.jpg 400w, https:\/\/fsk-kino.peripherfilm.de\/wp-content\/uploads\/2021\/07\/Brasch-Domino-3-768x567.jpg 768w, https:\/\/fsk-kino.peripherfilm.de\/wp-content\/uploads\/2021\/07\/Brasch-Domino-3-1536x1135.jpg 1536w, https:\/\/fsk-kino.peripherfilm.de\/wp-content\/uploads\/2021\/07\/Brasch-Domino-3-2048x1513.jpg 2048w, https:\/\/fsk-kino.peripherfilm.de\/wp-content\/uploads\/2021\/07\/Brasch-Domino-3-624x461.jpg 624w, https:\/\/fsk-kino.peripherfilm.de\/wp-content\/uploads\/2021\/07\/Brasch-Domino-3-200x148.jpg 200w\" sizes=\"auto, (max-width: 1024px) 100vw, 1024px\"><button class=\"lightbox-trigger\" type=\"button\" aria-haspopup=\"dialog\" data-wp-bind--aria-label=\"state.thisImage.triggerButtonAriaLabel\" data-wp-init=\"callbacks.initTriggerButton\" data-wp-on--click=\"actions.showLightbox\" data-wp-style--right=\"state.thisImage.buttonRight\" data-wp-style--top=\"state.thisImage.buttonTop\">\n\t\t\t<svg width=\"12\" height=\"12\" fill=\"none\" viewBox=\"0 0 12 12\">\n\t\t\t\t<path fill=\"#fff\" d=\"M2 0a2 2 0 0 0-2 2v2h1.5V2a.5.5 0 0 1 .5-.5h2V0H2Zm2 10.5H2a.5.5 0 0 1-.5-.5V8H0v2a2 2 0 0 0 2 2h2v-1.5ZM8 12v-1.5h2a.5.5 0 0 0 .5-.5V8H12v2a2 2 0 0 1-2 2H8Zm2-12a2 2 0 0 1 2 2v2h-1.5V2a.5.5 0 0 0-.5-.5H8V0h2Z\" \/>\n\t\t\t<\/svg>\n\t\t<\/button><figcaption>Domino<\/figcaption><\/figure>\n\n\n\n<hr class=\"wp-block-separator is-style-dots\">\n\n\n\n<p class=\"wp-block-paragraph\">So., 12.09.2021; 16:30 Uhr \u2013 fsk Kino  [<a href=\"https:\/\/booking.cinetixx.de\/frontend\/#\/movie\/2278359999\/1935998158\">Tickets<\/a>]<\/p>\n\n\n\n<p class=\"wp-block-paragraph\"><a href=\"https:\/\/www.literaturfestival.com\/festival\/programm\/2021\/es%202021\/brasch-der-passagier\"><span class=\"caps\">THOMAS<\/span> <span class=\"caps\">BRASCH<\/span>: <span class=\"caps\">AUS<\/span> <span class=\"caps\">MEINEN<\/span> <span class=\"caps\">AUGENFENSTERN<\/span> <\/a><br><a href=\"https:\/\/www.literaturfestival.com\/festival\/programm\/2021\/es%202021\/brasch-der-passagier\">\u201c<span class=\"caps\">DER<\/span> <span class=\"caps\">PASSAGIER<\/span> \u2015 <span class=\"caps\">WELCOME<\/span> <span class=\"caps\">TO<\/span> <span class=\"caps\">GERMANY<\/span>\u201d. <span class=\"caps\">FILMVORFUHRUNG<\/span><\/a><\/p>\n\n\n\n<p class=\"wp-block-paragraph\">Braschs vier\u00adter und letz\u00adter Spielfilm von 1988 mit Tony Curtis in der Hauptrolle han\u00addelt von einem Hollywood-Regisseur, der in Westberlin einen Film dre\u00adhen will, um eige\u00adne Erlebnisse aus der Nazizeit zu bew\u00e4l\u00adti\u00adgen: 1942 war er einer von 13 j\u00fcdi\u00adschen KZ-H\u00e4ftlingen, die als Statisten f\u00fcr einen anti\u00adse\u00admi\u00adti\u00adschen Film aus\u00adge\u00adw\u00e4hlt wur\u00adden, wobei er den Tod eines Freundes ver\u00adschul\u00adde\u00adte. Der Film beleuch\u00adtet \u201edie Schwierigkeit, die Vergangenheit durch Kunst bew\u00e4l\u00adti\u00adgen zu k\u00f6n\u00adnen.\u201c [Lexikon des inter\u00adna\u00adtio\u00adna\u00adlen&nbsp;Films]<\/p>\n\n\n\n<figure data-wp-context=\"{&quot;imageId&quot;:&quot;69f273f8e5c51&quot;}\" data-wp-interactive=\"core\/image\" data-wp-key=\"69f273f8e5c51\" class=\"wp-block-image size-large wp-lightbox-container\"><img loading=\"lazy\" decoding=\"async\" width=\"1024\" height=\"679\" data-wp-class--hide=\"state.isContentHidden\" data-wp-class--show=\"state.isContentVisible\" data-wp-init=\"callbacks.setButtonStyles\" data-wp-on--click=\"actions.showLightbox\" data-wp-on--load=\"callbacks.setButtonStyles\" data-wp-on--pointerdown=\"actions.preloadImage\" data-wp-on--pointerenter=\"actions.preloadImageWithDelay\" data-wp-on--pointerleave=\"actions.cancelPreload\" data-wp-on-window--resize=\"callbacks.setButtonStyles\" src=\"https:\/\/fsk-kino.peripherfilm.de\/wp-content\/uploads\/2021\/07\/Brasch-Der_Passagier-3-1024x679.jpg\" alt class=\"wp-image-16226\" srcset=\"https:\/\/fsk-kino.peripherfilm.de\/wp-content\/uploads\/2021\/07\/Brasch-Der_Passagier-3-1024x679.jpg 1024w, https:\/\/fsk-kino.peripherfilm.de\/wp-content\/uploads\/2021\/07\/Brasch-Der_Passagier-3-300x199.jpg 300w, https:\/\/fsk-kino.peripherfilm.de\/wp-content\/uploads\/2021\/07\/Brasch-Der_Passagier-3-scaled-600x398.jpg 600w, https:\/\/fsk-kino.peripherfilm.de\/wp-content\/uploads\/2021\/07\/Brasch-Der_Passagier-3-400x265.jpg 400w, https:\/\/fsk-kino.peripherfilm.de\/wp-content\/uploads\/2021\/07\/Brasch-Der_Passagier-3-768x509.jpg 768w, https:\/\/fsk-kino.peripherfilm.de\/wp-content\/uploads\/2021\/07\/Brasch-Der_Passagier-3-1536x1019.jpg 1536w, https:\/\/fsk-kino.peripherfilm.de\/wp-content\/uploads\/2021\/07\/Brasch-Der_Passagier-3-2048x1358.jpg 2048w, https:\/\/fsk-kino.peripherfilm.de\/wp-content\/uploads\/2021\/07\/Brasch-Der_Passagier-3-624x414.jpg 624w, https:\/\/fsk-kino.peripherfilm.de\/wp-content\/uploads\/2021\/07\/Brasch-Der_Passagier-3-200x133.jpg 200w\" sizes=\"auto, (max-width: 1024px) 100vw, 1024px\"><button class=\"lightbox-trigger\" type=\"button\" aria-haspopup=\"dialog\" data-wp-bind--aria-label=\"state.thisImage.triggerButtonAriaLabel\" data-wp-init=\"callbacks.initTriggerButton\" data-wp-on--click=\"actions.showLightbox\" data-wp-style--right=\"state.thisImage.buttonRight\" data-wp-style--top=\"state.thisImage.buttonTop\">\n\t\t\t<svg width=\"12\" height=\"12\" fill=\"none\" viewBox=\"0 0 12 12\">\n\t\t\t\t<path fill=\"#fff\" d=\"M2 0a2 2 0 0 0-2 2v2h1.5V2a.5.5 0 0 1 .5-.5h2V0H2Zm2 10.5H2a.5.5 0 0 1-.5-.5V8H0v2a2 2 0 0 0 2 2h2v-1.5ZM8 12v-1.5h2a.5.5 0 0 0 .5-.5V8H12v2a2 2 0 0 1-2 2H8Zm2-12a2 2 0 0 1 2 2v2h-1.5V2a.5.5 0 0 0-.5-.5H8V0h2Z\" \/>\n\t\t\t<\/svg>\n\t\t<\/button><figcaption>Der Passagier<\/figcaption><\/figure>\n\n\n\n<hr class=\"wp-block-separator is-style-dots\">\n\n\n\n<p class=\"wp-block-paragraph\">So., 12.09.2021; 18:30 Uhr \u2013 fsk Kino [<a href=\"https:\/\/booking.cinetixx.de\/frontend\/#\/movie\/2278359999\/910809215\">Tickets<\/a>]<\/p>\n\n\n\n<p class=\"wp-block-paragraph\"><a href=\"https:\/\/www.literaturfestival.com\/festival\/programm\/2021\/es%202021\/rueter-brasch\"><span class=\"caps\">THOMAS<\/span> <span class=\"caps\">BRASCH<\/span>: <span class=\"caps\">AUS<\/span> <span class=\"caps\">MEINEN<\/span> <span class=\"caps\">AUGENFENSTERN<\/span> <\/a><br><a href=\"https:\/\/www.literaturfestival.com\/festival\/programm\/2021\/es%202021\/rueter-brasch\"><span class=\"caps\">CHRISTOPH<\/span> <span class=\"caps\">R\u00dcTER<\/span>: \u201e<span class=\"caps\">BRASCH<\/span>, <span class=\"caps\">DAS<\/span> <span class=\"caps\">W\u00dcNSCHEN<\/span> <span class=\"caps\">UND<\/span> <span class=\"caps\">DAS<\/span> <span class=\"caps\">F\u00dcRCHTEN<\/span><\/a>\u201c<\/p>\n\n\n\n<p class=\"wp-block-paragraph\"> Der Dokumentarfilm \u00fcber Thomas Brasch, der 2011 auf der Berlinale urauf\u00adge\u00adf\u00fchrt wur\u00adde, stellt eine Montage von hin\u00adter\u00adlas\u00adse\u00adnen Interviews, Selbstgespr\u00e4chen, pri\u00adva\u00adten Beobachtungen sowie Archivaufnahmen, Fernsehbeitr\u00e4gen und Filmausschnitten dar, die sich zu einem k\u00fcnst\u00adle\u00adri\u00adschen und per\u00ads\u00f6n\u00adli\u00adchen Portr\u00e4t des K\u00fcnstlers f\u00fcgt. Im Anschluss folgt ein Gespr\u00e4ch \u00fcber Brasch als Filmemacher mit Christoph R\u00fcter,&nbsp;Joachim von Vietinghoff und Hanns Zischler.<\/p>\n\n\n\n<figure data-wp-context=\"{&quot;imageId&quot;:&quot;69f273f8e6f20&quot;}\" data-wp-interactive=\"core\/image\" data-wp-key=\"69f273f8e6f20\" class=\"wp-block-image size-full wp-lightbox-container\"><img loading=\"lazy\" decoding=\"async\" width=\"990\" height=\"625\" data-wp-class--hide=\"state.isContentHidden\" data-wp-class--show=\"state.isContentVisible\" data-wp-init=\"callbacks.setButtonStyles\" data-wp-on--click=\"actions.showLightbox\" data-wp-on--load=\"callbacks.setButtonStyles\" data-wp-on--pointerdown=\"actions.preloadImage\" data-wp-on--pointerenter=\"actions.preloadImageWithDelay\" data-wp-on--pointerleave=\"actions.cancelPreload\" data-wp-on-window--resize=\"callbacks.setButtonStyles\" src=\"https:\/\/fsk-kino.peripherfilm.de\/wp-content\/uploads\/2021\/07\/Brasch_Presse_01_klein_RogerMelis.jpg\" alt class=\"wp-image-16228\" srcset=\"https:\/\/fsk-kino.peripherfilm.de\/wp-content\/uploads\/2021\/07\/Brasch_Presse_01_klein_RogerMelis.jpg 990w, https:\/\/fsk-kino.peripherfilm.de\/wp-content\/uploads\/2021\/07\/Brasch_Presse_01_klein_RogerMelis-300x189.jpg 300w, https:\/\/fsk-kino.peripherfilm.de\/wp-content\/uploads\/2021\/07\/Brasch_Presse_01_klein_RogerMelis-600x379.jpg 600w, https:\/\/fsk-kino.peripherfilm.de\/wp-content\/uploads\/2021\/07\/Brasch_Presse_01_klein_RogerMelis-400x253.jpg 400w, https:\/\/fsk-kino.peripherfilm.de\/wp-content\/uploads\/2021\/07\/Brasch_Presse_01_klein_RogerMelis-768x485.jpg 768w, https:\/\/fsk-kino.peripherfilm.de\/wp-content\/uploads\/2021\/07\/Brasch_Presse_01_klein_RogerMelis-624x394.jpg 624w, https:\/\/fsk-kino.peripherfilm.de\/wp-content\/uploads\/2021\/07\/Brasch_Presse_01_klein_RogerMelis-200x126.jpg 200w\" sizes=\"auto, (max-width: 990px) 100vw, 990px\"><button class=\"lightbox-trigger\" type=\"button\" aria-haspopup=\"dialog\" data-wp-bind--aria-label=\"state.thisImage.triggerButtonAriaLabel\" data-wp-init=\"callbacks.initTriggerButton\" data-wp-on--click=\"actions.showLightbox\" data-wp-style--right=\"state.thisImage.buttonRight\" data-wp-style--top=\"state.thisImage.buttonTop\">\n\t\t\t<svg width=\"12\" height=\"12\" fill=\"none\" viewBox=\"0 0 12 12\">\n\t\t\t\t<path fill=\"#fff\" d=\"M2 0a2 2 0 0 0-2 2v2h1.5V2a.5.5 0 0 1 .5-.5h2V0H2Zm2 10.5H2a.5.5 0 0 1-.5-.5V8H0v2a2 2 0 0 0 2 2h2v-1.5ZM8 12v-1.5h2a.5.5 0 0 0 .5-.5V8H12v2a2 2 0 0 1-2 2H8Zm2-12a2 2 0 0 1 2 2v2h-1.5V2a.5.5 0 0 0-.5-.5H8V0h2Z\" \/>\n\t\t\t<\/svg>\n\t\t<\/button><\/figure>","protected":false},"excerpt":{"rendered":"<p>Sorry, this ent\u00adry is only available in Deutsch. Im Rahmen des inter\u00adna\u00adtio\u00adna\u00adles lite\u00adra\u00adtur\u00adfes\u00adti\u00adval ber\u00adlin [ilb] 2021 zei\u00adgen wir am 12.9. ein Thomas Brasch Programm: Thomas Brasch [1945\u20132001] war Dichter, Dramatiker, Autor, Filmschaffender und \u00dcbersetzer. In allen Bereichen scho\u00adnungs\u00adlos, unkon\u00adven\u00adtio\u00adnell und unnach\u00adgie\u00adbig, gleich\u00adzei\u00adtig fein\u00adf\u00fch\u00adlig und sanft. Als Kind j\u00fcdisch-kom\u00ad\u00admu\u00ad\u00adnis\u00ad\u00adti\u00ad\u00adscher Eltern wuchs Brasch in der <span class=\"caps\">DDR<\/span>&nbsp;auf,&nbsp;[\u2026]<\/p>\n","protected":false},"author":2,"featured_media":0,"comment_status":"closed","ping_status":"closed","sticky":false,"template":"","format":"standard","meta":{"_crdt_document":"","wp_typography_post_enhancements_disabled":false,"slim_seo":{"title":"[:de]Thomas Brasch: Aus meinen Augenfenstern[:] - fsk Kino","description":"[:de] Im Rahmen des internationales literaturfestival berlin [ilb] 2021 zeigen wir am 12.9. ein Thomas Brasch Programm: Thomas Brasch [1945\u20132001] war Dichter, D"},"footnotes":""},"categories":[25],"tags":[],"class_list":["post-16224","post","type-post","status-publish","format-standard","hentry","category-archiv"],"_links":{"self":[{"href":"https:\/\/fsk-kino.peripherfilm.de\/en\/wp-json\/wp\/v2\/posts\/16224","targetHints":{"allow":["GET"]}}],"collection":[{"href":"https:\/\/fsk-kino.peripherfilm.de\/en\/wp-json\/wp\/v2\/posts"}],"about":[{"href":"https:\/\/fsk-kino.peripherfilm.de\/en\/wp-json\/wp\/v2\/types\/post"}],"author":[{"embeddable":true,"href":"https:\/\/fsk-kino.peripherfilm.de\/en\/wp-json\/wp\/v2\/users\/2"}],"replies":[{"embeddable":true,"href":"https:\/\/fsk-kino.peripherfilm.de\/en\/wp-json\/wp\/v2\/comments?post=16224"}],"version-history":[{"count":0,"href":"https:\/\/fsk-kino.peripherfilm.de\/en\/wp-json\/wp\/v2\/posts\/16224\/revisions"}],"wp:attachment":[{"href":"https:\/\/fsk-kino.peripherfilm.de\/en\/wp-json\/wp\/v2\/media?parent=16224"}],"wp:term":[{"taxonomy":"category","embeddable":true,"href":"https:\/\/fsk-kino.peripherfilm.de\/en\/wp-json\/wp\/v2\/categories?post=16224"},{"taxonomy":"post_tag","embeddable":true,"href":"https:\/\/fsk-kino.peripherfilm.de\/en\/wp-json\/wp\/v2\/tags?post=16224"}],"curies":[{"name":"wp","href":"https:\/\/api.w.org\/{rel}","templated":true}]}}