{"id":16149,"date":"2021-07-21T14:36:56","date_gmt":"2021-07-21T12:36:56","guid":{"rendered":"https:\/\/fsk-kino.peripherfilm.de\/?p=16149"},"modified":"2021-08-08T20:30:12","modified_gmt":"2021-08-08T18:30:12","slug":"der-atem-des-meeres","status":"publish","type":"post","link":"https:\/\/fsk-kino.peripherfilm.de\/en\/der-atem-des-meeres\/","title":{"rendered":"Der Atem des Meeres"},"content":{"rendered":"<p class=\"qtranxs-available-languages-message qtranxs-available-languages-message-en\">Sorry, this ent\u00adry is only available in <a href=\"https:\/\/fsk-kino.peripherfilm.de\/de\/wp-json\/wp\/v2\/posts\/16149\" class=\"qtranxs-available-language-link qtranxs-available-language-link-de\" title=\"Deutsch\">Deutsch<\/a>.<\/p><pre id=\"oben\" class=\"wp-block-code\"><code><a name=\"oben\"><\/a><\/code><\/pre>\n\n\n<p>&nbsp;<\/p>\n\n\n<p class=\"wp-block-paragraph\">ein Film von Pieter-Rim de&nbsp;Kroon.<\/p>\n\n\n<p>&nbsp;<\/p>\n\n\n<p class=\"has-text-align-right wp-block-paragraph\">[<a href=\"#credits\">Credits<\/a>] [<a href=\"https:\/\/booking.cinetixx.de\/frontend\/#\/movie\/2278359999\/2325529471\">Tickets <span class=\"amp\">&amp;<\/span> Termine<\/a>] [<a href=\"#trailer\">Trailer<\/a>]<\/p>\n\n\n<p>&nbsp;<\/p>\n\n\n<p class=\"wp-block-paragraph\"><span class=\"caps\">DER<\/span> <span class=\"caps\">ATEM<\/span> <span class=\"caps\">DES<\/span> <span class=\"caps\">MEERES<\/span> \u2013 ein poe\u00adti\u00adscher Kinodokumentarfilm \u00fcber das beein\u00addru\u00adcken\u00adde Universum des gr\u00f6\u00df\u00adten Marschlandes der Welt: das Wattenmeer. Im Rhythmus von Ebbe und Flut erz\u00e4hlt <span class=\"caps\">DER<\/span> <span class=\"caps\">ATEM<\/span> <span class=\"caps\">DES<\/span> <span class=\"caps\">MEERES<\/span> vom Wattenmeer, von den Menschen und der Natur, die die\u00adse au\u00dfer\u00adge\u00adw\u00f6hn\u00adli\u00adche Region for\u00admen. Von Den Helder in den Niederlanden \u00fcber die ost\u00adfrie\u00adsi\u00adschen K\u00fcsten bis nach Skallingen in D\u00e4nemark erstreckt sich eine Ansammlung von Inseln und Gemeinden, wovon jede ihren eige\u00adnen Charakter, ihre eige\u00adnen Besonderheiten hat. Doch sie alle geh\u00f6\u00adren zum Wattenmeer, das seit 20 Jahren den Titel UNESCO-Weltnaturerbe tr\u00e4gt.<br>St\u00e4ndig wech\u00adseln\u00addes Licht, Nebel, und Wind ver\u00ad\u00e4n\u00addern die Landschaft und Lebensr\u00e4ume von Seehunden, Krabben und Flundern. Das kom\u00adple\u00adxe Binnensystem, mit sei\u00adner ein\u00adzig\u00adar\u00adti\u00adgen Flora und Fauna birgt unz\u00e4h\u00adli\u00adge Geschichten und ein\u00adzig\u00adar\u00adti\u00adge Lebensformen, deren Entdeckung <span class=\"caps\">DER<\/span> <span class=\"caps\">ATEM<\/span> <span class=\"caps\">DES<\/span> <span class=\"caps\">MEERES<\/span> erleb\u00adbar macht.<br>Mal rich\u00adtet sich der Blick auf klei\u00adne Details, mal auf das gro\u00ad\u00dfe Ganze. Zugv\u00f6gel und Touristen, die jedes Jahr kom\u00admen und gehen, die Ver\u00e4nderung der Farbgebung von Watt und Wasser und der fas\u00adzi\u00adnie\u00adren\u00adde Wechsel der Gezeiten sind ein sich wie\u00adder\u00adho\u00adlen\u00adder Zyklus.<br><span class=\"caps\">DER<\/span> <span class=\"caps\">ATEM<\/span> <span class=\"caps\">DES<\/span> <span class=\"caps\">MEERES<\/span> ist ein poe\u00adti\u00adscher Kinodokumentarfilm, der eine Region vol\u00adler Gegens\u00e4tze zeigt. Das Wattenmeer ist gepr\u00e4gt von Stille und Sturm, Leben und Tod und nat\u00fcr\u00adlich vom Ein- und Ausatmen des Meeres, dem bestim\u00admen\u00adden Faktor, nach dem sich alles richtet.<\/p>\n\n\n<p>&nbsp;<\/p>\n\n\n<p class=\"wp-block-paragraph\">&nbsp;<\/p>\n\n\n<p>&nbsp;<\/p>\n\n\n<figure class=\"wp-block-gallery columns-2 is-cropped wp-block-gallery-1 is-layout-flex wp-block-gallery-is-layout-flex\"><ul class=\"blocks-gallery-grid\"><li class=\"blocks-gallery-item\"><figure><a href=\"https:\/\/fsk-kino.peripherfilm.de\/wp-content\/uploads\/2021\/07\/atemdesmeeres4.jpg\" data-lbwps-width=\"1490\" data-lbwps-height=\"624.19911286348\" data-lbwps-srcsmall=\"https:\/\/fsk-kino.peripherfilm.de\/wp-content\/uploads\/2021\/07\/atemdesmeeres4-400x168.jpg\"><img loading=\"lazy\" decoding=\"async\" width=\"1024\" height=\"429\" src=\"https:\/\/fsk-kino.peripherfilm.de\/wp-content\/uploads\/2021\/07\/atemdesmeeres4-1024x429.jpg\" alt data-id=\"16150\" data-full-url=\"https:\/\/fsk-kino.peripherfilm.de\/wp-content\/uploads\/2021\/07\/atemdesmeeres4.jpg\" data-link=\"https:\/\/fsk-kino.peripherfilm.de\/?attachment_id=16150\" class=\"wp-image-16150\" srcset=\"https:\/\/fsk-kino.peripherfilm.de\/wp-content\/uploads\/2021\/07\/atemdesmeeres4-1024x429.jpg 1024w, https:\/\/fsk-kino.peripherfilm.de\/wp-content\/uploads\/2021\/07\/atemdesmeeres4-300x126.jpg 300w, https:\/\/fsk-kino.peripherfilm.de\/wp-content\/uploads\/2021\/07\/atemdesmeeres4-600x251.jpg 600w, https:\/\/fsk-kino.peripherfilm.de\/wp-content\/uploads\/2021\/07\/atemdesmeeres4-400x168.jpg 400w, https:\/\/fsk-kino.peripherfilm.de\/wp-content\/uploads\/2021\/07\/atemdesmeeres4-768x322.jpg 768w, https:\/\/fsk-kino.peripherfilm.de\/wp-content\/uploads\/2021\/07\/atemdesmeeres4-1536x643.jpg 1536w, https:\/\/fsk-kino.peripherfilm.de\/wp-content\/uploads\/2021\/07\/atemdesmeeres4-624x261.jpg 624w, https:\/\/fsk-kino.peripherfilm.de\/wp-content\/uploads\/2021\/07\/atemdesmeeres4-200x84.jpg 200w, https:\/\/fsk-kino.peripherfilm.de\/wp-content\/uploads\/2021\/07\/atemdesmeeres4.jpg 2029w\" sizes=\"auto, (max-width: 1024px) 100vw, 1024px\"><\/a><\/figure><\/li><li class=\"blocks-gallery-item\"><figure><a href=\"https:\/\/fsk-kino.peripherfilm.de\/wp-content\/uploads\/2021\/07\/atemdesmeeres1.jpg\" data-lbwps-width=\"1490\" data-lbwps-height=\"624.19911286348\" data-lbwps-srcsmall=\"https:\/\/fsk-kino.peripherfilm.de\/wp-content\/uploads\/2021\/07\/atemdesmeeres1-400x168.jpg\"><img loading=\"lazy\" decoding=\"async\" width=\"1024\" height=\"429\" src=\"https:\/\/fsk-kino.peripherfilm.de\/wp-content\/uploads\/2021\/07\/atemdesmeeres1-1024x429.jpg\" alt data-id=\"16153\" data-full-url=\"https:\/\/fsk-kino.peripherfilm.de\/wp-content\/uploads\/2021\/07\/atemdesmeeres1.jpg\" data-link=\"https:\/\/fsk-kino.peripherfilm.de\/?attachment_id=16153\" class=\"wp-image-16153\" srcset=\"https:\/\/fsk-kino.peripherfilm.de\/wp-content\/uploads\/2021\/07\/atemdesmeeres1-1024x429.jpg 1024w, https:\/\/fsk-kino.peripherfilm.de\/wp-content\/uploads\/2021\/07\/atemdesmeeres1-300x126.jpg 300w, https:\/\/fsk-kino.peripherfilm.de\/wp-content\/uploads\/2021\/07\/atemdesmeeres1-600x251.jpg 600w, https:\/\/fsk-kino.peripherfilm.de\/wp-content\/uploads\/2021\/07\/atemdesmeeres1-400x168.jpg 400w, https:\/\/fsk-kino.peripherfilm.de\/wp-content\/uploads\/2021\/07\/atemdesmeeres1-768x322.jpg 768w, https:\/\/fsk-kino.peripherfilm.de\/wp-content\/uploads\/2021\/07\/atemdesmeeres1-1536x643.jpg 1536w, https:\/\/fsk-kino.peripherfilm.de\/wp-content\/uploads\/2021\/07\/atemdesmeeres1-624x261.jpg 624w, https:\/\/fsk-kino.peripherfilm.de\/wp-content\/uploads\/2021\/07\/atemdesmeeres1-200x84.jpg 200w, https:\/\/fsk-kino.peripherfilm.de\/wp-content\/uploads\/2021\/07\/atemdesmeeres1.jpg 2029w\" sizes=\"auto, (max-width: 1024px) 100vw, 1024px\"><\/a><\/figure><\/li><li class=\"blocks-gallery-item\"><figure><a href=\"https:\/\/fsk-kino.peripherfilm.de\/wp-content\/uploads\/2021\/07\/atemdesmeeres3.jpg\" data-lbwps-width=\"1490\" data-lbwps-height=\"624.19911286348\" data-lbwps-srcsmall=\"https:\/\/fsk-kino.peripherfilm.de\/wp-content\/uploads\/2021\/07\/atemdesmeeres3-400x168.jpg\"><img loading=\"lazy\" decoding=\"async\" width=\"1024\" height=\"429\" src=\"https:\/\/fsk-kino.peripherfilm.de\/wp-content\/uploads\/2021\/07\/atemdesmeeres3-1024x429.jpg\" alt data-id=\"16151\" data-full-url=\"https:\/\/fsk-kino.peripherfilm.de\/wp-content\/uploads\/2021\/07\/atemdesmeeres3.jpg\" data-link=\"https:\/\/fsk-kino.peripherfilm.de\/?attachment_id=16151\" class=\"wp-image-16151\" srcset=\"https:\/\/fsk-kino.peripherfilm.de\/wp-content\/uploads\/2021\/07\/atemdesmeeres3-1024x429.jpg 1024w, https:\/\/fsk-kino.peripherfilm.de\/wp-content\/uploads\/2021\/07\/atemdesmeeres3-300x126.jpg 300w, https:\/\/fsk-kino.peripherfilm.de\/wp-content\/uploads\/2021\/07\/atemdesmeeres3-600x251.jpg 600w, https:\/\/fsk-kino.peripherfilm.de\/wp-content\/uploads\/2021\/07\/atemdesmeeres3-400x168.jpg 400w, https:\/\/fsk-kino.peripherfilm.de\/wp-content\/uploads\/2021\/07\/atemdesmeeres3-768x322.jpg 768w, https:\/\/fsk-kino.peripherfilm.de\/wp-content\/uploads\/2021\/07\/atemdesmeeres3-1536x643.jpg 1536w, https:\/\/fsk-kino.peripherfilm.de\/wp-content\/uploads\/2021\/07\/atemdesmeeres3-624x261.jpg 624w, https:\/\/fsk-kino.peripherfilm.de\/wp-content\/uploads\/2021\/07\/atemdesmeeres3-200x84.jpg 200w, https:\/\/fsk-kino.peripherfilm.de\/wp-content\/uploads\/2021\/07\/atemdesmeeres3.jpg 2029w\" sizes=\"auto, (max-width: 1024px) 100vw, 1024px\"><\/a><\/figure><\/li><\/ul><\/figure>\n\n\n<p>&nbsp;<\/p>\n\n\n<pre class=\"wp-block-code\"><code><a name=\"credits\"><\/a><strong>Credits<\/strong>:<\/code><\/pre>\n\n\n<p>&nbsp;<\/p>\n\n\n<p class=\"wp-block-paragraph\"><span class=\"caps\">NL<\/span>\/<span class=\"caps\">DE<\/span> 2020, 105 Min., <br>Regie: Pieter-Rim de Kroon<br>Kamera: Victor Dekker<br>Schnitt: Erik Disselhoff<\/p>\n\n\n<p>&nbsp;<\/p>\n\n\n<pre class=\"wp-block-code\"><code><a name=\"trailer\"><\/a><strong>Trailer<\/strong>:<\/code><\/pre>\n\n\n<p>&nbsp;<\/p>\n\n\n<figure class=\"wp-block-video\"><video src=\"http:\/\/beta.realfictionfilme.de\/assets\/content\/filme\/2021\/der-atem-des-meeres\/der-atem-des-meeres_trailer_0960x0540.mp4\" controls=\"controls\" width=\"640\" height=\"360\"><\/video><\/figure>\n\n\n<p>&nbsp;<\/p>\n\n\n<pre class=\"wp-block-code\"><code><a href=\"#oben\" data-type=\"internal\" data-id=\"#oben\">nach oben<\/a><\/code><\/pre>","protected":false},"excerpt":{"rendered":"<p>Sorry, this ent\u00adry is only available in Deutsch. &nbsp; ein Film von Pieter-Rim de&nbsp;Kroon. &nbsp; [Credits] [Tickets <span class=\"amp\">&amp;<\/span> Termine] [Trailer] &nbsp; <span class=\"caps\">DER<\/span> <span class=\"caps\">ATEM<\/span> <span class=\"caps\">DES<\/span> <span class=\"caps\">MEERES<\/span> \u2013 ein poe\u00adti\u00adscher Kinodokumentarfilm \u00fcber das beein\u00addru\u00adcken\u00adde Universum des gr\u00f6\u00df\u00adten Marschlandes der Welt: das Wattenmeer. Im Rhythmus von Ebbe und Flut erz\u00e4hlt <span class=\"caps\">DER<\/span> <span class=\"caps\">ATEM<\/span> <span class=\"caps\">DES<\/span> <span class=\"caps\">MEERES<\/span> vom Wattenmeer, von&nbsp;den&nbsp;[\u2026]<\/p>\n","protected":false},"author":2,"featured_media":16152,"comment_status":"closed","ping_status":"closed","sticky":false,"template":"","format":"standard","meta":{"_crdt_document":"","wp_typography_post_enhancements_disabled":false,"slim_seo":{"title":"[:de]Der Atem des Meeres[:] - fsk Kino","description":"[:de] &nbsp; ein Film von Pieter-Rim de Kroon. &nbsp; [ Credits ] [ Tickets &amp; Termine ] [ Trailer ] &nbsp; DER ATEM DES MEERES - ein poetischer Kinodokument"},"footnotes":""},"categories":[25],"tags":[],"class_list":["post-16149","post","type-post","status-publish","format-standard","has-post-thumbnail","hentry","category-archiv"],"_links":{"self":[{"href":"https:\/\/fsk-kino.peripherfilm.de\/en\/wp-json\/wp\/v2\/posts\/16149","targetHints":{"allow":["GET"]}}],"collection":[{"href":"https:\/\/fsk-kino.peripherfilm.de\/en\/wp-json\/wp\/v2\/posts"}],"about":[{"href":"https:\/\/fsk-kino.peripherfilm.de\/en\/wp-json\/wp\/v2\/types\/post"}],"author":[{"embeddable":true,"href":"https:\/\/fsk-kino.peripherfilm.de\/en\/wp-json\/wp\/v2\/users\/2"}],"replies":[{"embeddable":true,"href":"https:\/\/fsk-kino.peripherfilm.de\/en\/wp-json\/wp\/v2\/comments?post=16149"}],"version-history":[{"count":0,"href":"https:\/\/fsk-kino.peripherfilm.de\/en\/wp-json\/wp\/v2\/posts\/16149\/revisions"}],"wp:featuredmedia":[{"embeddable":true,"href":"https:\/\/fsk-kino.peripherfilm.de\/en\/wp-json\/wp\/v2\/media\/16152"}],"wp:attachment":[{"href":"https:\/\/fsk-kino.peripherfilm.de\/en\/wp-json\/wp\/v2\/media?parent=16149"}],"wp:term":[{"taxonomy":"category","embeddable":true,"href":"https:\/\/fsk-kino.peripherfilm.de\/en\/wp-json\/wp\/v2\/categories?post=16149"},{"taxonomy":"post_tag","embeddable":true,"href":"https:\/\/fsk-kino.peripherfilm.de\/en\/wp-json\/wp\/v2\/tags?post=16149"}],"curies":[{"name":"wp","href":"https:\/\/api.w.org\/{rel}","templated":true}]}}