{"id":1549,"date":"2015-09-16T10:54:38","date_gmt":"2015-09-16T08:54:38","guid":{"rendered":"http:\/\/fsk-kino.peripherfilm.de\/?p=1549"},"modified":"2021-08-31T11:44:12","modified_gmt":"2021-08-31T09:44:12","slug":"wochenenden-in-der-normandie","status":"publish","type":"post","link":"https:\/\/fsk-kino.peripherfilm.de\/en\/wochenenden-in-der-normandie\/","title":{"rendered":"Wochenenden in der Normandie"},"content":{"rendered":"<p>Vor vie\u00adlen Jahren kauf\u00adten sich Sylvette und Ulrich und ihre Freunde Christine und Jean, alle jung ver\u00adhei\u00adra\u00adtet, zwei neben\u00adein\u00adan\u00adder ste\u00adhen\u00adde Ferienh\u00e4user am Meer. Seither tref\u00adfen sie sich dort regel\u00adm\u00e4\u00ad\u00dfig, und inzwi\u00adschen genie\u00ad\u00dfen auch die halb erwach\u00adse\u00adnen Kinder die Wochenenden. Eines Tages aber steht Christine v\u00f6l\u00adlig auf\u00adge\u00adl\u00f6st vor der T\u00fcr: Jean hat sich <!--more-->unver\u00admit\u00adtelt und sofort von ihr getrennt. Ulrich und Sylvette sind rat\u00adlos. Wie sol\u00adlen sie sich ver\u00adhal\u00adten, falls sie Partei ergrei\u00adfen sol\u00adlen? Wie, wenn die impul\u00adsi\u00adve Christine ihnen pein\u00adli\u00adche Ausbr\u00fcche beschert? Und was tun, wenn der sonst so distan\u00adziert wir\u00adken\u00adde Jean ganz selbst\u00adver\u00adst\u00e4nd\u00adlich die neue Freundin mit ins Haus bringt? Und wir steht es eigent\u00adlich um die eige\u00adne Ehe? Mit lei\u00adsem Humor, aber ohne Ironie erz\u00e4hlt der Film von einer Trennung nach lan\u00adger Ehe, die ihre Auswirkungen auf die gesam\u00adte Umgebung hat.<br>\n\u00bbMein Ansatz ist eher mini\u00adma\u00adlis\u00adtisch. Ich habe mir gesagt: sprich \u00fcber das Leben, aber blei\u00adbe an einem Ort, \u00e4hn\u00adlich wie ein guter Dokumentarfilmer, der unse\u00adre Augen f\u00fcr die Welt \u00f6ff\u00adnen will. Mal sehen, was da so pas\u00adsiert. Und so bewe\u00adgen wir uns in der Tat prak\u00adtisch nur auf dem Gel\u00e4nde mit den bei\u00adden H\u00e4usern und der Stra\u00dfe dazwi\u00adschen. Plus eini\u00adger Nebenschaupl\u00e4tze, die qua\u00adsi dazu\u00adge\u00adh\u00f6\u00adren: der Strand, der Bahnhof, der Supermarkt. Und alles geschieht an die\u00adsen Wochenenden. Der gan\u00adze Rest, das Leben der Protagonisten in der Stadt die Woche hin\u00addurch, bleibt bewusst aus\u00adge\u00adblen\u00addet. Wir wis\u00adsen als Zuschauer nicht alles \u00fcber die Personen, wir sehen nur einen Ausschnitt, und das gef\u00e4llt mir. Interessanterweise gab die\u00adse Beschr\u00e4nkung auf die Wochenenden mei\u00adner Co-Autorin Sophie Filli\u00e8res und mir beim Schreiben viel Freiheit. Wir konn\u00adten uns immer neu aus\u00adden\u00adken, was wohl in der Zwischenzeit gesche\u00adhen sein moch\u00adte, und wir hat\u00adten Spa\u00df dar\u00adan, uns sel\u00adber und das Publikum zu \u00fcber\u00adra\u00adschen.\u00ab Anne Villac\u00e8que<\/p>\n<div id=\"gallery-1\" class=\"gallery galleryid-1549 gallery-columns-3 gallery-size-thumbnail\"><figure class=\"gallery-item\">\n\t\t\t<div class=\"gallery-icon landscape\">\n\t\t\t\t<a href=\"https:\/\/fsk-kino.peripherfilm.de\/wp-content\/uploads\/2015\/09\/weekends2.jpg\"><img loading=\"lazy\" decoding=\"async\" width=\"150\" height=\"150\" src=\"https:\/\/fsk-kino.peripherfilm.de\/wp-content\/uploads\/2015\/09\/weekends2-150x150.jpg\" class=\"attachment-thumbnail size-thumbnail\" alt srcset=\"https:\/\/fsk-kino.peripherfilm.de\/wp-content\/uploads\/2015\/09\/weekends2-150x150.jpg 150w, https:\/\/fsk-kino.peripherfilm.de\/wp-content\/uploads\/2015\/09\/weekends2-100x100.jpg 100w\" sizes=\"auto, (max-width: 150px) 100vw, 150px\"><\/a>\n\t\t\t<\/div><\/figure><figure class=\"gallery-item\">\n\t\t\t<div class=\"gallery-icon landscape\">\n\t\t\t\t<a href=\"https:\/\/fsk-kino.peripherfilm.de\/wp-content\/uploads\/2015\/09\/weekends3.jpg\"><img loading=\"lazy\" decoding=\"async\" width=\"150\" height=\"150\" src=\"https:\/\/fsk-kino.peripherfilm.de\/wp-content\/uploads\/2015\/09\/weekends3-150x150.jpg\" class=\"attachment-thumbnail size-thumbnail\" alt srcset=\"https:\/\/fsk-kino.peripherfilm.de\/wp-content\/uploads\/2015\/09\/weekends3-150x150.jpg 150w, https:\/\/fsk-kino.peripherfilm.de\/wp-content\/uploads\/2015\/09\/weekends3-100x100.jpg 100w\" sizes=\"auto, (max-width: 150px) 100vw, 150px\"><\/a>\n\t\t\t<\/div><\/figure><figure class=\"gallery-item\">\n\t\t\t<div class=\"gallery-icon landscape\">\n\t\t\t\t<a href=\"https:\/\/fsk-kino.peripherfilm.de\/wp-content\/uploads\/2015\/09\/weekends4.jpg\"><img loading=\"lazy\" decoding=\"async\" width=\"150\" height=\"150\" src=\"https:\/\/fsk-kino.peripherfilm.de\/wp-content\/uploads\/2015\/09\/weekends4-150x150.jpg\" class=\"attachment-thumbnail size-thumbnail\" alt srcset=\"https:\/\/fsk-kino.peripherfilm.de\/wp-content\/uploads\/2015\/09\/weekends4-150x150.jpg 150w, https:\/\/fsk-kino.peripherfilm.de\/wp-content\/uploads\/2015\/09\/weekends4-100x100.jpg 100w\" sizes=\"auto, (max-width: 150px) 100vw, 150px\"><\/a>\n\t\t\t<\/div><\/figure><figure class=\"gallery-item\">\n\t\t\t<div class=\"gallery-icon landscape\">\n\t\t\t\t<a href=\"https:\/\/fsk-kino.peripherfilm.de\/wp-content\/uploads\/2015\/09\/weekends5.jpg\"><img loading=\"lazy\" decoding=\"async\" width=\"150\" height=\"150\" src=\"https:\/\/fsk-kino.peripherfilm.de\/wp-content\/uploads\/2015\/09\/weekends5-150x150.jpg\" class=\"attachment-thumbnail size-thumbnail\" alt srcset=\"https:\/\/fsk-kino.peripherfilm.de\/wp-content\/uploads\/2015\/09\/weekends5-150x150.jpg 150w, https:\/\/fsk-kino.peripherfilm.de\/wp-content\/uploads\/2015\/09\/weekends5-100x100.jpg 100w\" sizes=\"auto, (max-width: 150px) 100vw, 150px\"><\/a>\n\t\t\t<\/div><\/figure><figure class=\"gallery-item\">\n\t\t\t<div class=\"gallery-icon landscape\">\n\t\t\t\t<a href=\"https:\/\/fsk-kino.peripherfilm.de\/wp-content\/uploads\/2015\/09\/weekends1.jpg\"><img loading=\"lazy\" decoding=\"async\" width=\"150\" height=\"150\" src=\"https:\/\/fsk-kino.peripherfilm.de\/wp-content\/uploads\/2015\/09\/weekends1-150x150.jpg\" class=\"attachment-thumbnail size-thumbnail\" alt srcset=\"https:\/\/fsk-kino.peripherfilm.de\/wp-content\/uploads\/2015\/09\/weekends1-150x150.jpg 150w, https:\/\/fsk-kino.peripherfilm.de\/wp-content\/uploads\/2015\/09\/weekends1-100x100.jpg 100w\" sizes=\"auto, (max-width: 150px) 100vw, 150px\"><\/a>\n\t\t\t<\/div><\/figure>\n\t\t<\/div>\n\n<p><em><span class=\"caps\">OT<\/span>: Week-ends<br>\nF 2014, franz. OmU, 90&nbsp;Min.<\/em><br>\n<em> Buch: Anne Villac\u00e8que, Sophie Filli\u00e8res<\/em><br>\n<em>Regie: Anne Villac\u00e8que<\/em><br>\n<em> mit: Karin Viard, No\u00e9mie Lvovsky, Jacques Gamblin, Ulrich Tukur, Aur\u00e9lia Petit, Iliana Zabeth, u.A.<\/em><br>\n<em> Webseite: <a href=\"http:\/\/www.kairosfilm.de\/filme\/wochenenden_in_der_normandie\">www.kairosfilm.de<\/a><\/em><\/p>\n\n\n<div class=\"lyte-wrapper\" title=\"Trailer &amp;quot;Wochenenden in der Normandie&amp;quot;\" style=\"width:640px;max-width:100%;margin:5px;\"><div class=\"lyMe\" id=\"WYL_SR2airNMGJ0\" itemprop=\"video\" itemscope itemtype=\"https:\/\/schema.org\/VideoObject\"><div><meta itemprop=\"thumbnailUrl\" content=\"https:\/\/fsk-kino.peripherfilm.de\/wp-content\/plugins\/wp-youtube-lyte\/lyteCache.php?origThumbUrl=https%3A%2F%2Fi.ytimg.com%2Fvi%2FSR2airNMGJ0%2Fhqdefault.jpg\"><meta itemprop=\"embedURL\" content=\"https:\/\/www.youtube.com\/embed\/SR2airNMGJ0\"><meta itemprop=\"duration\" content=\"PT1M36S\"><meta itemprop=\"uploadDate\" content=\"2015-08-14T13:29:31Z\"><\/div><div id=\"lyte_SR2airNMGJ0\" data-src=\"https:\/\/fsk-kino.peripherfilm.de\/wp-content\/plugins\/wp-youtube-lyte\/lyteCache.php?origThumbUrl=https%3A%2F%2Fi.ytimg.com%2Fvi%2FSR2airNMGJ0%2Fhqdefault.jpg\" class=\"pL\"><div class=\"tC\"><div class=\"tT\" itemprop=\"name\">Trailer \u201eWochenenden in der Normandie\u201d<\/div><\/div><div class=\"play\"><\/div><div class=\"ctrl\"><div class=\"Lctrl\"><\/div><div class=\"Rctrl\"><\/div><\/div><\/div><noscript><a href=\"https:\/\/youtu.be\/SR2airNMGJ0\" rel=\"nofollow\"><img loading=\"lazy\" decoding=\"async\" src=\"https:\/\/fsk-kino.peripherfilm.de\/wp-content\/plugins\/wp-youtube-lyte\/lyteCache.php?origThumbUrl=https%3A%2F%2Fi.ytimg.com%2Fvi%2FSR2airNMGJ0%2F0.jpg\" alt=\"Trailer &amp;quot;Wochenenden in der Normandie&amp;quot;\" width=\"640\" height=\"340\"><br>Watch this video on YouTube<\/a><\/noscript><meta itemprop=\"description\" content=\"Bundesstart: 8. Oktober 2015 http:\/\/kairosfilm.de\/filme\/wochenenden_in_der_normandie\/ Zwei befreundete Ehepaare: Sylvette und Ulrich, Christine und Jean. Man kennt sich seit Jahrzehnten, trifft sich regelm\u00e4\u00dfig am Wochenende in den benachbarten Ferienh\u00e4usern in der Normandie. Doch pl\u00f6tzlich ist nichts mehr wie zuvor: die Ehe zwischen der quirligen Christine und dem eher verschlossenen Jean zerbricht. Beide trennen sich, tauchen aber immer mal wieder alleine oder mit jeweils neuen Partnern im Ferienhaus auf. Insbesondere Christine scheint dabei st\u00e4ndig extremen Gef\u00fchlsschwankungen ausgesetzt. Der Beziehungsstress ihrer Freunde l\u00e4sst auch Sylvette und Ulrich nicht unber\u00fchrt. Liebgewordene Gewohnheiten funktionieren nicht mehr, unerwartete Fragen stellen sich: Wie kann die Freundschaft zu Christine und Jean weitergehen, wenn die sich jetzt hassen? Wie verh\u00e4lt man sich zu deren neuen Partnern? Ist man \u00fcberhaupt noch befreundet? Und wie sieht es eigentlich mit der eigenen Beziehung aus? WOCHENENDEN IN DER NORMANDIE ist ein unterhaltsamer und scharfsichtiger Film \u00fcber Freundschaft und Liebe, wundersch\u00f6n fotografiert im Laufe der wechselnden Jahreszeiten und besetzt mit einem gro\u00dfartigen franz\u00f6sisch-deutschen Schauspieler-Quartett. Frankreich 2013, 90 Min. Franz\u00f6sische Originalfassung mit deutschen Untertiteln Regie: Anne Villac\u00e8que Darsteller: No\u00e9mie Lvovsky, Ulrich Tukur, Karin Viard, Jacques Gamblin\"><\/div><\/div><div class=\"lL\" style=\"max-width:100%;width:640px;margin:5px;\"><\/div>\n","protected":false},"excerpt":{"rendered":"<p>Vor vie\u00adlen Jahren kauf\u00adten sich Sylvette und Ulrich und ihre Freunde Christine und Jean, alle jung ver\u00adhei\u00adra\u00adtet, zwei neben\u00adein\u00adan\u00adder ste\u00adhen\u00adde Ferienh\u00e4user am Meer. Seither tref\u00adfen sie sich dort regel\u00adm\u00e4\u00ad\u00dfig, und inzwi\u00adschen genie\u00ad\u00dfen auch die halb erwach\u00adse\u00adnen Kinder die Wochenenden. Eines Tages aber steht Christine v\u00f6l\u00adlig auf\u00adge\u00adl\u00f6st vor der T\u00fcr: Jean hat&nbsp;sich&nbsp;<\/p>\n","protected":false},"author":2,"featured_media":1555,"comment_status":"closed","ping_status":"open","sticky":false,"template":"","format":"standard","meta":{"_crdt_document":"","wp_typography_post_enhancements_disabled":false,"slim_seo":{"title":"Wochenenden in der Normandie - fsk Kino","description":"Vor vielen Jahren kauften sich Sylvette und Ulrich und ihre Freunde Christine und Jean, alle jung verheiratet, zwei nebeneinander stehende Ferienh\u00e4user am Meer."},"footnotes":""},"categories":[25],"tags":[198],"class_list":["post-1549","post","type-post","status-publish","format-standard","has-post-thumbnail","hentry","category-archiv","tag-nocache"],"_links":{"self":[{"href":"https:\/\/fsk-kino.peripherfilm.de\/en\/wp-json\/wp\/v2\/posts\/1549","targetHints":{"allow":["GET"]}}],"collection":[{"href":"https:\/\/fsk-kino.peripherfilm.de\/en\/wp-json\/wp\/v2\/posts"}],"about":[{"href":"https:\/\/fsk-kino.peripherfilm.de\/en\/wp-json\/wp\/v2\/types\/post"}],"author":[{"embeddable":true,"href":"https:\/\/fsk-kino.peripherfilm.de\/en\/wp-json\/wp\/v2\/users\/2"}],"replies":[{"embeddable":true,"href":"https:\/\/fsk-kino.peripherfilm.de\/en\/wp-json\/wp\/v2\/comments?post=1549"}],"version-history":[{"count":0,"href":"https:\/\/fsk-kino.peripherfilm.de\/en\/wp-json\/wp\/v2\/posts\/1549\/revisions"}],"wp:featuredmedia":[{"embeddable":true,"href":"https:\/\/fsk-kino.peripherfilm.de\/en\/wp-json\/wp\/v2\/media\/1555"}],"wp:attachment":[{"href":"https:\/\/fsk-kino.peripherfilm.de\/en\/wp-json\/wp\/v2\/media?parent=1549"}],"wp:term":[{"taxonomy":"category","embeddable":true,"href":"https:\/\/fsk-kino.peripherfilm.de\/en\/wp-json\/wp\/v2\/categories?post=1549"},{"taxonomy":"post_tag","embeddable":true,"href":"https:\/\/fsk-kino.peripherfilm.de\/en\/wp-json\/wp\/v2\/tags?post=1549"}],"curies":[{"name":"wp","href":"https:\/\/api.w.org\/{rel}","templated":true}]}}