{"id":14170,"date":"2013-11-01T12:02:59","date_gmt":"2013-11-01T11:02:59","guid":{"rendered":"https:\/\/fsk-kino.peripherfilm.de\/?p=14170"},"modified":"2024-09-09T11:52:12","modified_gmt":"2024-09-09T09:52:12","slug":"das-merkwuerdige-kaetzchen","status":"publish","type":"post","link":"https:\/\/fsk-kino.peripherfilm.de\/en\/das-merkwuerdige-kaetzchen\/","title":{"rendered":"Das merkw\u00fcrdige K\u00e4tzchen"},"content":{"rendered":"<p>A film by Ramon Z\u00fcrcher.<\/p>\n<p style=\"text-align: right;\">[<a href=\"#credits\">Credits<\/a>]&nbsp; [<a href=\"#trailer\">Trailer<\/a>]<\/p>\n<p>Siblings Karin and Simon are visi\u00adting their par\u00adents and their litt\u00adle sis\u00adter Clara. That evening, other rela\u00adti\u00adves will be joi\u00adning them for din\u00adner. Over the cour\u00adse of the day, the washing machi\u00adne is repai\u00adred, peo\u00adp\u00adle sit tog\u00ade\u00adther at the kit\u00adchen table, car\u00adry out an expe\u00adri\u00adment with oran\u00adge peel, talk about lungs, and sew on a but\u00adton that was deli\u00adbera\u00adte\u00adly torn&nbsp;off.<br>\nThis sequence of fami\u00adly sce\u00adnes in a Berlin flat com\u00adple\u00adte with cat and dog crea\u00adtes a wond\u00adrous world of the ever\u00ady\u00adday: Coming and going, all man\u00adner of doings, each move\u00adment lea\u00adding to the next, one word fol\u00adlo\u00adwing ano\u00adther. It is a careful\u00adly staged chain reac\u00adtion of actions and sen\u00adten\u00adces. And in bet\u00adween, silent gazes and anec\u00addo\u00adtes about expe\u00adri\u00aden\u00adces. The peo\u00adp\u00adle act oddly even-tem\u00adpe\u00adred\u00adly; their dia\u00adlo\u00adgues are direct and unemo\u00adtio\u00adnal. Even the pets and the mate\u00adri\u00adal sur\u00adroun\u00addings play a part. Some objects seem ali\u00adve as if by magic. Commonplace actions and fami\u00adli\u00adar items appear absurd and eerie in this nar\u00adra\u00adti\u00adve cos\u00admos. Putting the absur\u00addi\u00adties of dai\u00adly life on dis\u00adplay and trans\u00adla\u00adting unspec\u00adta\u00adcu\u00adlar events into an exci\u00adting cho\u00adreo\u00adgra\u00adphy of ever\u00ady\u00adday life, this film is no small&nbsp;feat.<\/p>\n<div id=\"gallery-2\" class=\"gallery galleryid-14170 gallery-columns-2 gallery-size-medium\"><figure class=\"gallery-item\">\n\t\t\t<div class=\"gallery-icon landscape\">\n\t\t\t\t<a href=\"https:\/\/fsk-kino.peripherfilm.de\/wp-content\/uploads\/2020\/11\/008-Clara.jpg\"><img loading=\"lazy\" decoding=\"async\" width=\"400\" height=\"240\" src=\"https:\/\/fsk-kino.peripherfilm.de\/wp-content\/uploads\/2020\/11\/008-Clara-400x240.jpg\" class=\"attachment-medium size-medium\" alt srcset=\"https:\/\/fsk-kino.peripherfilm.de\/wp-content\/uploads\/2020\/11\/008-Clara-400x240.jpg 400w, https:\/\/fsk-kino.peripherfilm.de\/wp-content\/uploads\/2020\/11\/008-Clara-300x180.jpg 300w, https:\/\/fsk-kino.peripherfilm.de\/wp-content\/uploads\/2020\/11\/008-Clara-600x360.jpg 600w, https:\/\/fsk-kino.peripherfilm.de\/wp-content\/uploads\/2020\/11\/008-Clara-1024x614.jpg 1024w, https:\/\/fsk-kino.peripherfilm.de\/wp-content\/uploads\/2020\/11\/008-Clara-768x461.jpg 768w, https:\/\/fsk-kino.peripherfilm.de\/wp-content\/uploads\/2020\/11\/008-Clara-1536x922.jpg 1536w, https:\/\/fsk-kino.peripherfilm.de\/wp-content\/uploads\/2020\/11\/008-Clara-624x374.jpg 624w, https:\/\/fsk-kino.peripherfilm.de\/wp-content\/uploads\/2020\/11\/008-Clara.jpg 1800w\" sizes=\"auto, (max-width: 400px) 100vw, 400px\"><\/a>\n\t\t\t<\/div><\/figure><figure class=\"gallery-item\">\n\t\t\t<div class=\"gallery-icon landscape\">\n\t\t\t\t<a href=\"https:\/\/fsk-kino.peripherfilm.de\/wp-content\/uploads\/2020\/11\/004-Jonas_Vater_Schwager_Mutter.jpg\"><img loading=\"lazy\" decoding=\"async\" width=\"400\" height=\"240\" src=\"https:\/\/fsk-kino.peripherfilm.de\/wp-content\/uploads\/2020\/11\/004-Jonas_Vater_Schwager_Mutter-400x240.jpg\" class=\"attachment-medium size-medium\" alt srcset=\"https:\/\/fsk-kino.peripherfilm.de\/wp-content\/uploads\/2020\/11\/004-Jonas_Vater_Schwager_Mutter-400x240.jpg 400w, https:\/\/fsk-kino.peripherfilm.de\/wp-content\/uploads\/2020\/11\/004-Jonas_Vater_Schwager_Mutter-300x180.jpg 300w, https:\/\/fsk-kino.peripherfilm.de\/wp-content\/uploads\/2020\/11\/004-Jonas_Vater_Schwager_Mutter-600x360.jpg 600w, https:\/\/fsk-kino.peripherfilm.de\/wp-content\/uploads\/2020\/11\/004-Jonas_Vater_Schwager_Mutter-1024x614.jpg 1024w, https:\/\/fsk-kino.peripherfilm.de\/wp-content\/uploads\/2020\/11\/004-Jonas_Vater_Schwager_Mutter-768x461.jpg 768w, https:\/\/fsk-kino.peripherfilm.de\/wp-content\/uploads\/2020\/11\/004-Jonas_Vater_Schwager_Mutter-1536x922.jpg 1536w, https:\/\/fsk-kino.peripherfilm.de\/wp-content\/uploads\/2020\/11\/004-Jonas_Vater_Schwager_Mutter-624x374.jpg 624w, https:\/\/fsk-kino.peripherfilm.de\/wp-content\/uploads\/2020\/11\/004-Jonas_Vater_Schwager_Mutter.jpg 1800w\" sizes=\"auto, (max-width: 400px) 100vw, 400px\"><\/a>\n\t\t\t<\/div><\/figure><figure class=\"gallery-item\">\n\t\t\t<div class=\"gallery-icon landscape\">\n\t\t\t\t<a href=\"https:\/\/fsk-kino.peripherfilm.de\/wp-content\/uploads\/2020\/11\/001-Mutter.jpg\"><img loading=\"lazy\" decoding=\"async\" width=\"400\" height=\"240\" src=\"https:\/\/fsk-kino.peripherfilm.de\/wp-content\/uploads\/2020\/11\/001-Mutter-400x240.jpg\" class=\"attachment-medium size-medium\" alt srcset=\"https:\/\/fsk-kino.peripherfilm.de\/wp-content\/uploads\/2020\/11\/001-Mutter-400x240.jpg 400w, https:\/\/fsk-kino.peripherfilm.de\/wp-content\/uploads\/2020\/11\/001-Mutter-300x180.jpg 300w, https:\/\/fsk-kino.peripherfilm.de\/wp-content\/uploads\/2020\/11\/001-Mutter-600x360.jpg 600w, https:\/\/fsk-kino.peripherfilm.de\/wp-content\/uploads\/2020\/11\/001-Mutter-1024x614.jpg 1024w, https:\/\/fsk-kino.peripherfilm.de\/wp-content\/uploads\/2020\/11\/001-Mutter-768x461.jpg 768w, https:\/\/fsk-kino.peripherfilm.de\/wp-content\/uploads\/2020\/11\/001-Mutter-1536x922.jpg 1536w, https:\/\/fsk-kino.peripherfilm.de\/wp-content\/uploads\/2020\/11\/001-Mutter-624x374.jpg 624w, https:\/\/fsk-kino.peripherfilm.de\/wp-content\/uploads\/2020\/11\/001-Mutter.jpg 1800w\" sizes=\"auto, (max-width: 400px) 100vw, 400px\"><\/a>\n\t\t\t<\/div><\/figure><figure class=\"gallery-item\">\n\t\t\t<div class=\"gallery-icon landscape\">\n\t\t\t\t<a href=\"https:\/\/fsk-kino.peripherfilm.de\/wp-content\/uploads\/2020\/11\/005-Karin.jpg\"><img loading=\"lazy\" decoding=\"async\" width=\"400\" height=\"240\" src=\"https:\/\/fsk-kino.peripherfilm.de\/wp-content\/uploads\/2020\/11\/005-Karin-400x240.jpg\" class=\"attachment-medium size-medium\" alt srcset=\"https:\/\/fsk-kino.peripherfilm.de\/wp-content\/uploads\/2020\/11\/005-Karin-400x240.jpg 400w, https:\/\/fsk-kino.peripherfilm.de\/wp-content\/uploads\/2020\/11\/005-Karin-300x180.jpg 300w, https:\/\/fsk-kino.peripherfilm.de\/wp-content\/uploads\/2020\/11\/005-Karin-600x360.jpg 600w, https:\/\/fsk-kino.peripherfilm.de\/wp-content\/uploads\/2020\/11\/005-Karin-1024x614.jpg 1024w, https:\/\/fsk-kino.peripherfilm.de\/wp-content\/uploads\/2020\/11\/005-Karin-768x461.jpg 768w, https:\/\/fsk-kino.peripherfilm.de\/wp-content\/uploads\/2020\/11\/005-Karin-1536x922.jpg 1536w, https:\/\/fsk-kino.peripherfilm.de\/wp-content\/uploads\/2020\/11\/005-Karin-624x374.jpg 624w, https:\/\/fsk-kino.peripherfilm.de\/wp-content\/uploads\/2020\/11\/005-Karin.jpg 1800w\" sizes=\"auto, (max-width: 400px) 100vw, 400px\"><\/a>\n\t\t\t<\/div><\/figure>\n\t\t<\/div>\n\n<p>[nbsp]<br>\n<strong><a name=\"credits\"><\/a>Credits:<\/strong><\/p>\n<p>Deutschland 2013.<br>\nRegie, Buch, Schnitt: Ramon Z\u00fcrcher<\/p>\n<p>Kamera: Alexander Ha\u00dfkerl<br>\nKost\u00fcme: Doroth\u00e9e Bach<br>\nTon: Benjamin Kalisch<br>\nMusik: Thee More Shallows<br>\nSzenenbild: Matthias Werner, Sabine Kassebaum<br>\nMaske: Vivien Rahn<br>\nHerstellungsleitung: Myriam Eichler<br>\nProducer: Johanna Bergel, Silvan Z\u00fcrcher<\/p>\n<p>Produktion: dffb, Berlin, in Koproduktion mit Ramon und Silvan Z\u00fcrcher und Alexander Ha\u00dfkerl<\/p>\n<p>Darsteller: Jenny Schily (Mutter), Anjorka Strechel (Karin), Mia Kasalo (Clara), Luk Pfaff (Simon), Matthias Dittmer (Vater), Armin Marewski (Schwager), Leon Alan Beiersdorf (Jonas), Sabine Werner (Tante), Kath-<br>\nleen Morgeneyer (Hanna), Monika Hetterle (Gro\u00dfmutter), Gustav K\u00f6rner<br>\n(Nachbarsjunge), Lea Draeger (Frau auf Balkon)<\/p>\n<p>Format: <span class=\"caps\">DCP<\/span>, Farbe. L\u00e4nge: 72 Minuten. Sprache: Deutsch.<br>\nUrauff\u00fchrung: 11. Februar 2013, Forum der Berlinale<\/p>\n<p><strong><a name=\"termine\"><\/a><\/strong><\/p>\n<p>[nbsp]<br>\n<strong><a name=\"trailer\"><\/a>Trailer:<\/strong><\/p>\n<div class=\"lyte-wrapper\" title=\"&amp;quot;Das merkw\u00fcrdige K\u00e4tzchen&amp;quot; Trailer\" style=\"width:640px;max-width:100%;margin:5px;\"><div class=\"lyMe\" id=\"WYL_eL-U3goNMCk\" itemprop=\"video\" itemscope itemtype=\"https:\/\/schema.org\/VideoObject\"><div><meta itemprop=\"thumbnailUrl\" content=\"https:\/\/fsk-kino.peripherfilm.de\/wp-content\/plugins\/wp-youtube-lyte\/lyteCache.php?origThumbUrl=https%3A%2F%2Fi.ytimg.com%2Fvi%2FeL-U3goNMCk%2Fhqdefault.jpg\"><meta itemprop=\"embedURL\" content=\"https:\/\/www.youtube.com\/embed\/eL-U3goNMCk\"><meta itemprop=\"duration\" content=\"PT1M52S\"><meta itemprop=\"uploadDate\" content=\"2013-10-28T11:07:08Z\"><\/div><div id=\"lyte_eL-U3goNMCk\" data-src=\"https:\/\/fsk-kino.peripherfilm.de\/wp-content\/plugins\/wp-youtube-lyte\/lyteCache.php?origThumbUrl=https%3A%2F%2Fi.ytimg.com%2Fvi%2FeL-U3goNMCk%2Fhqdefault.jpg\" class=\"pL\"><div class=\"tC\"><div class=\"tT\" itemprop=\"name\">\u201eDas merk\u00adw\u00fcr\u00addi\u00adge K\u00e4tzchen\u201d Trailer<\/div><\/div><div class=\"play\"><\/div><div class=\"ctrl\"><div class=\"Lctrl\"><\/div><div class=\"Rctrl\"><\/div><\/div><\/div><noscript><a href=\"https:\/\/youtu.be\/eL-U3goNMCk\" rel=\"nofollow\"><img loading=\"lazy\" decoding=\"async\" src=\"https:\/\/fsk-kino.peripherfilm.de\/wp-content\/plugins\/wp-youtube-lyte\/lyteCache.php?origThumbUrl=https%3A%2F%2Fi.ytimg.com%2Fvi%2FeL-U3goNMCk%2F0.jpg\" alt=\"&amp;quot;Das merkw\u00fcrdige K\u00e4tzchen&amp;quot; Trailer\" width=\"640\" height=\"340\"><br>Watch this video on YouTube<\/a><\/noscript><meta itemprop=\"description\" content=\"Trailer zu &quot;Das merkw\u00fcrdige K\u00e4tzchen&quot; von Ramon Z\u00fcrcher http:\/\/www.peripherfilm.de\/dasmerkwuerdigekaetzchen\"><\/div><\/div><div class=\"lL\" style=\"max-width:100%;width:640px;margin:5px;\"><\/div>\n<p><a href=\"#oben\">nach oben<\/a><\/p>","protected":false},"excerpt":{"rendered":"<p>A film by Ramon Z\u00fcrcher. [Credits]&nbsp; [Trailer] Siblings Karin and Simon are visi\u00adting their par\u00adents and their litt\u00adle sis\u00adter Clara. That evening, other rela\u00adti\u00adves will be joi\u00adning them for din\u00adner. Over the cour\u00adse of the day, the washing machi\u00adne is repai\u00adred, peo\u00adp\u00adle sit tog\u00ade\u00adther at the kit\u00adchen table, car\u00adry out an expe\u00adri\u00adment with oran\u00adge&nbsp;peel,&nbsp;[\u2026]<\/p>\n","protected":false},"author":2,"featured_media":14175,"comment_status":"closed","ping_status":"closed","sticky":false,"template":"","format":"standard","meta":{"_crdt_document":"","wp_typography_post_enhancements_disabled":false,"slim_seo":{"title":"Das merkw\u00fcrdige K\u00e4tzchen - fsk Kino","description":"[:de] Ein Film von Ramon Z\u00fcrcher. \u00a0[ Credits ]\u00a0 [ Trailer ] An einem Samstag im Herbst sind Karin und Simon bei ihren Eltern und der j\u00fcngsten Schwester Clara zu"},"footnotes":""},"categories":[25],"tags":[],"class_list":["post-14170","post","type-post","status-publish","format-standard","has-post-thumbnail","hentry","category-archiv"],"_links":{"self":[{"href":"https:\/\/fsk-kino.peripherfilm.de\/en\/wp-json\/wp\/v2\/posts\/14170","targetHints":{"allow":["GET"]}}],"collection":[{"href":"https:\/\/fsk-kino.peripherfilm.de\/en\/wp-json\/wp\/v2\/posts"}],"about":[{"href":"https:\/\/fsk-kino.peripherfilm.de\/en\/wp-json\/wp\/v2\/types\/post"}],"author":[{"embeddable":true,"href":"https:\/\/fsk-kino.peripherfilm.de\/en\/wp-json\/wp\/v2\/users\/2"}],"replies":[{"embeddable":true,"href":"https:\/\/fsk-kino.peripherfilm.de\/en\/wp-json\/wp\/v2\/comments?post=14170"}],"version-history":[{"count":0,"href":"https:\/\/fsk-kino.peripherfilm.de\/en\/wp-json\/wp\/v2\/posts\/14170\/revisions"}],"wp:featuredmedia":[{"embeddable":true,"href":"https:\/\/fsk-kino.peripherfilm.de\/en\/wp-json\/wp\/v2\/media\/14175"}],"wp:attachment":[{"href":"https:\/\/fsk-kino.peripherfilm.de\/en\/wp-json\/wp\/v2\/media?parent=14170"}],"wp:term":[{"taxonomy":"category","embeddable":true,"href":"https:\/\/fsk-kino.peripherfilm.de\/en\/wp-json\/wp\/v2\/categories?post=14170"},{"taxonomy":"post_tag","embeddable":true,"href":"https:\/\/fsk-kino.peripherfilm.de\/en\/wp-json\/wp\/v2\/tags?post=14170"}],"curies":[{"name":"wp","href":"https:\/\/api.w.org\/{rel}","templated":true}]}}