{"id":14041,"date":"2020-10-19T13:45:39","date_gmt":"2020-10-19T11:45:39","guid":{"rendered":"https:\/\/fsk-kino.peripherfilm.de\/?p=14041"},"modified":"2021-07-11T15:45:18","modified_gmt":"2021-07-11T13:45:18","slug":"und-morgen-die-ganze-welt","status":"publish","type":"post","link":"https:\/\/fsk-kino.peripherfilm.de\/en\/und-morgen-die-ganze-welt\/","title":{"rendered":"Und morgen die ganze&nbsp;Welt"},"content":{"rendered":"<p>A film by Julia von Heinz. In German with English subtitles.<\/p>\n<p style=\"text-align: right;\">[<a href=\"#credits\">Credits<\/a>] [<a href=\"https:\/\/booking.cinetixx.de\/frontend\/#\/event\/2278359999\/2319247164\">Tickets <span class=\"amp\">&amp;<\/span> Termine<\/a>] [<a href=\"#trailer\">Trailer<\/a>]<\/p>\n<p>Germany is struck by a vio\u00adlent series of racist ter\u00adror attacks. 20-year-old Luisa joins a sub\u00addi\u00advi\u00adsi\u00adon of the Antifa to oppo\u00adse the upri\u00adsing neo-Nazi move\u00adment. With her reck\u00adless actions, she not only fights against the extre\u00adme right but also tri\u00ades to impress Alfa, an Antifa acti\u00advist she is secret\u00adly in love with. Soon, things esca\u00adla\u00adte, and Luisa and her fri\u00adends clash over the ques\u00adti\u00adon if vio\u00adlence could ever be a legi\u00adti\u00adma\u00adte poli\u00adti\u00adcal ans\u00adwer to fascism and hatred.<\/p>\n<div id=\"gallery-2\" class=\"gallery galleryid-14041 gallery-columns-3 gallery-size-thumbnail\"><figure class=\"gallery-item\">\n\t\t\t<div class=\"gallery-icon landscape\">\n\t\t\t\t<a href=\"https:\/\/fsk-kino.peripherfilm.de\/wp-content\/uploads\/2020\/10\/undmorgendieganzewelt1.jpg\"><img loading=\"lazy\" decoding=\"async\" width=\"150\" height=\"150\" src=\"https:\/\/fsk-kino.peripherfilm.de\/wp-content\/uploads\/2020\/10\/undmorgendieganzewelt1-150x150.jpg\" class=\"attachment-thumbnail size-thumbnail\" alt srcset=\"https:\/\/fsk-kino.peripherfilm.de\/wp-content\/uploads\/2020\/10\/undmorgendieganzewelt1-150x150.jpg 150w, https:\/\/fsk-kino.peripherfilm.de\/wp-content\/uploads\/2020\/10\/undmorgendieganzewelt1-100x100.jpg 100w\" sizes=\"auto, (max-width: 150px) 100vw, 150px\"><\/a>\n\t\t\t<\/div><\/figure><figure class=\"gallery-item\">\n\t\t\t<div class=\"gallery-icon landscape\">\n\t\t\t\t<a href=\"https:\/\/fsk-kino.peripherfilm.de\/wp-content\/uploads\/2020\/10\/undmorgendieganzewelt3.jpg\"><img loading=\"lazy\" decoding=\"async\" width=\"150\" height=\"150\" src=\"https:\/\/fsk-kino.peripherfilm.de\/wp-content\/uploads\/2020\/10\/undmorgendieganzewelt3-150x150.jpg\" class=\"attachment-thumbnail size-thumbnail\" alt srcset=\"https:\/\/fsk-kino.peripherfilm.de\/wp-content\/uploads\/2020\/10\/undmorgendieganzewelt3-150x150.jpg 150w, https:\/\/fsk-kino.peripherfilm.de\/wp-content\/uploads\/2020\/10\/undmorgendieganzewelt3-100x100.jpg 100w\" sizes=\"auto, (max-width: 150px) 100vw, 150px\"><\/a>\n\t\t\t<\/div><\/figure><figure class=\"gallery-item\">\n\t\t\t<div class=\"gallery-icon landscape\">\n\t\t\t\t<a href=\"https:\/\/fsk-kino.peripherfilm.de\/wp-content\/uploads\/2020\/10\/undmorgendieganzewelt4.jpg\"><img loading=\"lazy\" decoding=\"async\" width=\"150\" height=\"150\" src=\"https:\/\/fsk-kino.peripherfilm.de\/wp-content\/uploads\/2020\/10\/undmorgendieganzewelt4-150x150.jpg\" class=\"attachment-thumbnail size-thumbnail\" alt srcset=\"https:\/\/fsk-kino.peripherfilm.de\/wp-content\/uploads\/2020\/10\/undmorgendieganzewelt4-150x150.jpg 150w, https:\/\/fsk-kino.peripherfilm.de\/wp-content\/uploads\/2020\/10\/undmorgendieganzewelt4-100x100.jpg 100w\" sizes=\"auto, (max-width: 150px) 100vw, 150px\"><\/a>\n\t\t\t<\/div><\/figure>\n\t\t<\/div>\n\n<p>[nbsp]<br>\n<strong><a name=\"credits\"><\/a>Credits:<\/strong><\/p>\n<p><span class=\"caps\">DE<\/span> 2020 \u201a111 Min., dt&nbsp;OmeU<br>\nRegie <span class=\"amp\">&amp;<\/span> Buch: Julia von&nbsp;Heinz<br>\nKamera: Daniela Knapp<br>\nSchnitt: Georg S\u00f6ring<br>\nmit: Mala Emde, Tonio Schneider, Luisa-C\u00e9line Gaffron, Andreas Lust<\/p>\n<p>[nbsp]<br>\n<strong><a name=\"trailer\"><\/a>Trailer:<\/strong><\/p>\n<div class=\"lyte-wrapper\" title=\"UND MORGEN DIE GANZE WELT | Offizieller Trailer deutsch | Jetzt im Kino\" style=\"width:640px;max-width:100%;margin:5px;\"><div class=\"lyMe\" id=\"WYL_ajN8FZ9hnMk\" itemprop=\"video\" itemscope itemtype=\"https:\/\/schema.org\/VideoObject\"><div><meta itemprop=\"thumbnailUrl\" content=\"https:\/\/fsk-kino.peripherfilm.de\/wp-content\/plugins\/wp-youtube-lyte\/lyteCache.php?origThumbUrl=https%3A%2F%2Fi.ytimg.com%2Fvi%2FajN8FZ9hnMk%2Fhqdefault.jpg\"><meta itemprop=\"embedURL\" content=\"https:\/\/www.youtube.com\/embed\/ajN8FZ9hnMk\"><meta itemprop=\"duration\" content=\"PT1M56S\"><meta itemprop=\"uploadDate\" content=\"2020-09-09T10:01:08Z\"><\/div><div id=\"lyte_ajN8FZ9hnMk\" data-src=\"https:\/\/fsk-kino.peripherfilm.de\/wp-content\/plugins\/wp-youtube-lyte\/lyteCache.php?origThumbUrl=https%3A%2F%2Fi.ytimg.com%2Fvi%2FajN8FZ9hnMk%2Fhqdefault.jpg\" class=\"pL\"><div class=\"tC\"><div class=\"tT\" itemprop=\"name\"><span class=\"caps\">UND<\/span> <span class=\"caps\">MORGEN<\/span> <span class=\"caps\">DIE<\/span> <span class=\"caps\">GANZE<\/span> <span class=\"caps\">WELT<\/span> | Offizieller Trailer deutsch | Jetzt im&nbsp;Kino<\/div><\/div><div class=\"play\"><\/div><div class=\"ctrl\"><div class=\"Lctrl\"><\/div><div class=\"Rctrl\"><\/div><\/div><\/div><noscript><a href=\"https:\/\/youtu.be\/ajN8FZ9hnMk\" rel=\"nofollow\"><img loading=\"lazy\" decoding=\"async\" src=\"https:\/\/fsk-kino.peripherfilm.de\/wp-content\/plugins\/wp-youtube-lyte\/lyteCache.php?origThumbUrl=https%3A%2F%2Fi.ytimg.com%2Fvi%2FajN8FZ9hnMk%2F0.jpg\" alt=\"UND MORGEN DIE GANZE WELT | Offizieller Trailer deutsch | Jetzt im Kino\" width=\"640\" height=\"340\"><br>Watch this video on YouTube<\/a><\/noscript><meta itemprop=\"description\" content=\"UND MORGEN DIE GANZE WELT | Jetzt im Kino! Spielzeiten: https:\/\/bit.ly\/2Tx3SuC https:\/\/www.undmorgendieganzewelt-film.de Luisa (MALA EMDE) ist 20 Jahre alt, stammt aus gutem Haus, studiert Jura im ersten Semester. Und sie will, dass sich etwas ver\u00e4ndert in Deutschland. Alarmiert vom Rechtsruck im Land und der zunehmenden Beliebtheit populistischer Parteien, tut sie sich mit ihren Freunden zusammen, um sich klar gegen die neue Rechte zu positionieren. Schnell findet sie Anschluss bei dem charismatischen Alfa (NOAH SAAVEDRA) und dessen besten Freund Lenor (TONIO SCHNEIDER): F\u00fcr die beiden ist auch der Einsatz von Gewalt ein legitimes Mittel, um Widerstand zu leisten. Bald schon \u00fcberst\u00fcrzen sich die Ereignisse. Und Luisa muss entscheiden, wie weit zu gehen sie bereit ist \u2013 auch wenn das fatale Konsequenzen f\u00fcr sie und ihre Freunde haben k\u00f6nnte. Inspiriert von eigenen Erlebnissen, hat Julia von Heinz zusammen mit John Quester das Drehbuch geschrieben. In der Hauptrolle fasziniert Mala Emde (\u201e303\u201c) als k\u00e4mpferische junge Frau, die im Sturm und Drang der Gef\u00fchle vor radikalen Entscheidungen steht. An ihrer Seite erweisen sich Noah Saavedra (\u201eFreud\u201c), Tonio Schneider und Luisa-C\u00e9line Gaffron (\u201eAls Hitler das rosa Kaninchen stahl\u201c) als nicht minder aufregende Entdeckungen. Der Film wird im Wettbewerb der 77. Internationalen Filmfestspiele in Venedig laufen sowie die Hofer Filmtage er\u00f6ffnen.\"><\/div><\/div><div class=\"lL\" style=\"max-width:100%;width:640px;margin:5px;\"><\/div>\n<p style=\"text-align: right;\"><a href=\"#oben\">top<\/a><\/p>\n<p><\/p>","protected":false},"excerpt":{"rendered":"<p>A film by Julia von Heinz. In German with English sub\u00adtit\u00adles. [Credits] [Tickets <span class=\"amp\">&amp;<\/span> Termine] [Trailer] Germany is struck by a vio\u00adlent series of racist ter\u00adror attacks. 20-year-old Luisa joins a sub\u00addi\u00advi\u00adsi\u00adon of the Antifa to oppo\u00adse the upri\u00adsing neo-Nazi move\u00adment. With her reck\u00adless actions, she not only fights against the extre\u00adme right but&nbsp;also&nbsp;[\u2026]<\/p>\n","protected":false},"author":2,"featured_media":14043,"comment_status":"closed","ping_status":"closed","sticky":false,"template":"","format":"standard","meta":{"_crdt_document":"","wp_typography_post_enhancements_disabled":false,"slim_seo":{"title":"Und morgen die ganze Welt - fsk Kino","description":"[:de] Ein Film von Julia von Heinz. [ Credits ] [ Tickets &amp; Termine ] [ Trailer ] Julia von Heinz war \u201eunsere Frau in Venedig\u201c, denn Und morgen die ganze We"},"footnotes":""},"categories":[25],"tags":[],"class_list":["post-14041","post","type-post","status-publish","format-standard","has-post-thumbnail","hentry","category-archiv"],"_links":{"self":[{"href":"https:\/\/fsk-kino.peripherfilm.de\/en\/wp-json\/wp\/v2\/posts\/14041","targetHints":{"allow":["GET"]}}],"collection":[{"href":"https:\/\/fsk-kino.peripherfilm.de\/en\/wp-json\/wp\/v2\/posts"}],"about":[{"href":"https:\/\/fsk-kino.peripherfilm.de\/en\/wp-json\/wp\/v2\/types\/post"}],"author":[{"embeddable":true,"href":"https:\/\/fsk-kino.peripherfilm.de\/en\/wp-json\/wp\/v2\/users\/2"}],"replies":[{"embeddable":true,"href":"https:\/\/fsk-kino.peripherfilm.de\/en\/wp-json\/wp\/v2\/comments?post=14041"}],"version-history":[{"count":0,"href":"https:\/\/fsk-kino.peripherfilm.de\/en\/wp-json\/wp\/v2\/posts\/14041\/revisions"}],"wp:featuredmedia":[{"embeddable":true,"href":"https:\/\/fsk-kino.peripherfilm.de\/en\/wp-json\/wp\/v2\/media\/14043"}],"wp:attachment":[{"href":"https:\/\/fsk-kino.peripherfilm.de\/en\/wp-json\/wp\/v2\/media?parent=14041"}],"wp:term":[{"taxonomy":"category","embeddable":true,"href":"https:\/\/fsk-kino.peripherfilm.de\/en\/wp-json\/wp\/v2\/categories?post=14041"},{"taxonomy":"post_tag","embeddable":true,"href":"https:\/\/fsk-kino.peripherfilm.de\/en\/wp-json\/wp\/v2\/tags?post=14041"}],"curies":[{"name":"wp","href":"https:\/\/api.w.org\/{rel}","templated":true}]}}