{"id":13900,"date":"2020-09-23T10:46:01","date_gmt":"2020-09-23T08:46:01","guid":{"rendered":"https:\/\/fsk-kino.peripherfilm.de\/?p=13900"},"modified":"2021-07-11T15:46:07","modified_gmt":"2021-07-11T13:46:07","slug":"schwesterlein","status":"publish","type":"post","link":"https:\/\/fsk-kino.peripherfilm.de\/en\/schwesterlein\/","title":{"rendered":"Schwesterlein"},"content":{"rendered":"<p>A film by St\u00e9phanie Chuat <span class=\"amp\">&amp;<\/span> V\u00e9ronique Reymond. In German, French and English with German subtitles.<\/p>\n<p style=\"text-align: right;\">[<a href=\"#credits\">Credits<\/a>] [<a href=\"https:\/\/booking.cinetixx.de\/frontend\/#\/event\/2278359999\/2319179305\">Tickets <span class=\"amp\">&amp;<\/span> Termine<\/a>] [<a href=\"#trailer\">Trailer<\/a>]<\/p>\n<p>Lisa has given up her ambi\u00adti\u00adons as a play\u00adw\u00adright in Berlin and moved to Switzerland with her child\u00adren and hus\u00adband, who runs an inter\u00adna\u00adtio\u00adnal school the\u00adre. When her twin brot\u00adher Sven, a star actor at Berlin\u2019s Schaub\u00fchne theat\u00adre, falls ill with leuk\u00adaemia, Lisa returns to the German capi\u00adtal. His hopes of get\u00adting back on the stage give Sven the strength he needs to fight the dise\u00ada\u00adse. But when his con\u00addi\u00adti\u00adon dete\u00adrio\u00adra\u00adtes and his mother, also an actor, pro\u00adves unre\u00adlia\u00adble, Lisa takes the reins and whisks her brot\u00adher back to Switzerland. She hopes that new tre\u00adat\u00adments, fami\u00adly life and moun\u00adtain air will work a mira\u00adcle. Brother and sis\u00adter, Berlin and Switzerland, life and theat\u00adre, sick\u00adness and health. With its out\u00adstan\u00adding lea\u00adding cast, <em class=\"tit1\">Schwesterlein<\/em> inter\u00adwea\u00adves the\u00adse com\u00adple\u00admen\u00adta\u00adry bina\u00adries into a matu\u00adre, moving and com\u00adplex dra\u00adma. This film explo\u00adres the mea\u00adning of heal\u00ading and sacri\u00adfice, the inte\u00adgri\u00adty of an adult sibling rela\u00adti\u00adonship \u2013 a topic that has rare\u00adly been addres\u00adsed as it is here \u2013 and artis\u00adtic work as a core aspi\u00adra\u00adti\u00adon in life. A fairy tale, with two adults as Hansel and Gretel, the theat\u00adre as the gin\u00adger\u00adb\u00adread house and the ill\u00adness as the evil&nbsp;witch.<\/p>\n<div id=\"gallery-2\" class=\"gallery galleryid-13900 gallery-columns-3 gallery-size-thumbnail\"><figure class=\"gallery-item\">\n\t\t\t<div class=\"gallery-icon landscape\">\n\t\t\t\t<a href=\"https:\/\/fsk-kino.peripherfilm.de\/wp-content\/uploads\/2020\/09\/Schwesterlein43.jpg\"><img loading=\"lazy\" decoding=\"async\" width=\"150\" height=\"150\" src=\"https:\/\/fsk-kino.peripherfilm.de\/wp-content\/uploads\/2020\/09\/Schwesterlein43-150x150.jpg\" class=\"attachment-thumbnail size-thumbnail\" alt srcset=\"https:\/\/fsk-kino.peripherfilm.de\/wp-content\/uploads\/2020\/09\/Schwesterlein43-150x150.jpg 150w, https:\/\/fsk-kino.peripherfilm.de\/wp-content\/uploads\/2020\/09\/Schwesterlein43-100x100.jpg 100w\" sizes=\"auto, (max-width: 150px) 100vw, 150px\"><\/a>\n\t\t\t<\/div><\/figure><figure class=\"gallery-item\">\n\t\t\t<div class=\"gallery-icon landscape\">\n\t\t\t\t<a href=\"https:\/\/fsk-kino.peripherfilm.de\/wp-content\/uploads\/2020\/09\/Schwesterlein3.jpg\"><img loading=\"lazy\" decoding=\"async\" width=\"150\" height=\"150\" src=\"https:\/\/fsk-kino.peripherfilm.de\/wp-content\/uploads\/2020\/09\/Schwesterlein3-150x150.jpg\" class=\"attachment-thumbnail size-thumbnail\" alt srcset=\"https:\/\/fsk-kino.peripherfilm.de\/wp-content\/uploads\/2020\/09\/Schwesterlein3-150x150.jpg 150w, https:\/\/fsk-kino.peripherfilm.de\/wp-content\/uploads\/2020\/09\/Schwesterlein3-100x100.jpg 100w\" sizes=\"auto, (max-width: 150px) 100vw, 150px\"><\/a>\n\t\t\t<\/div><\/figure><figure class=\"gallery-item\">\n\t\t\t<div class=\"gallery-icon landscape\">\n\t\t\t\t<a href=\"https:\/\/fsk-kino.peripherfilm.de\/wp-content\/uploads\/2020\/09\/Schwesterlein2.jpg\"><img loading=\"lazy\" decoding=\"async\" width=\"150\" height=\"150\" src=\"https:\/\/fsk-kino.peripherfilm.de\/wp-content\/uploads\/2020\/09\/Schwesterlein2-150x150.jpg\" class=\"attachment-thumbnail size-thumbnail\" alt srcset=\"https:\/\/fsk-kino.peripherfilm.de\/wp-content\/uploads\/2020\/09\/Schwesterlein2-150x150.jpg 150w, https:\/\/fsk-kino.peripherfilm.de\/wp-content\/uploads\/2020\/09\/Schwesterlein2-100x100.jpg 100w\" sizes=\"auto, (max-width: 150px) 100vw, 150px\"><\/a>\n\t\t\t<\/div><\/figure>\n\t\t<\/div>\n\n<p>[nbsp]<br>\n<strong><a name=\"credits\"><\/a>Credits:<\/strong><\/p>\n<p><em><span class=\"caps\">CH<\/span> 2020, 99 Min., dt.,frz,engl. OmU<\/em><br>\n<em>Regie, Buch: St\u00e9phanie Chuat, V\u00e9ronique Reymond<\/em><br>\n<em>Kamera: Filip Zumbrunn<\/em><br>\n<em>Schnitt: Myriam Rachmuth<\/em><br>\n<em>mit: <\/em><span class=\"film-meta staff\"><em>Nina Hoss, Lars Eidinger, Marthe Keller, Jens Albinus, Thomas Ostermeier, Linne-Lu Lungershausen, Noah Tscharland, Isabelle Caillat, Moritz Gottwald, Urs Jucker<\/em><\/span><\/p>\n<p>[nbsp]<br>\n<strong><a name=\"trailer\"><\/a>Trailer:<\/strong><\/p>\n<div class=\"lyte-wrapper\" title=\"Schwesterlein | Offizieller Trailer Deutsch HD | Jetzt im Kino!\" style=\"width:640px;max-width:100%;margin:5px;\"><div class=\"lyMe\" id=\"WYL_34pHuhA5-6Y\" itemprop=\"video\" itemscope itemtype=\"https:\/\/schema.org\/VideoObject\"><div><meta itemprop=\"thumbnailUrl\" content=\"https:\/\/fsk-kino.peripherfilm.de\/wp-content\/plugins\/wp-youtube-lyte\/lyteCache.php?origThumbUrl=https%3A%2F%2Fi.ytimg.com%2Fvi%2F34pHuhA5-6Y%2Fhqdefault.jpg\"><meta itemprop=\"embedURL\" content=\"https:\/\/www.youtube.com\/embed\/34pHuhA5-6Y\"><meta itemprop=\"duration\" content=\"PT2M14S\"><meta itemprop=\"uploadDate\" content=\"2020-08-19T17:07:27Z\"><\/div><div id=\"lyte_34pHuhA5-6Y\" data-src=\"https:\/\/fsk-kino.peripherfilm.de\/wp-content\/plugins\/wp-youtube-lyte\/lyteCache.php?origThumbUrl=https%3A%2F%2Fi.ytimg.com%2Fvi%2F34pHuhA5-6Y%2Fhqdefault.jpg\" class=\"pL\"><div class=\"tC\"><div class=\"tT\" itemprop=\"name\">Schwesterlein | Offizieller Trailer Deutsch <span class=\"caps\">HD<\/span> | Jetzt im&nbsp;Kino!<\/div><\/div><div class=\"play\"><\/div><div class=\"ctrl\"><div class=\"Lctrl\"><\/div><div class=\"Rctrl\"><\/div><\/div><\/div><noscript><a href=\"https:\/\/youtu.be\/34pHuhA5-6Y\" rel=\"nofollow\"><img loading=\"lazy\" decoding=\"async\" src=\"https:\/\/fsk-kino.peripherfilm.de\/wp-content\/plugins\/wp-youtube-lyte\/lyteCache.php?origThumbUrl=https%3A%2F%2Fi.ytimg.com%2Fvi%2F34pHuhA5-6Y%2F0.jpg\" alt=\"Schwesterlein | Offizieller Trailer Deutsch HD | Jetzt im Kino!\" width=\"640\" height=\"340\"><br>Watch this video on YouTube<\/a><\/noscript><meta itemprop=\"description\" content=\"\u201eEin Triumph von Hoss und Eidinger\u201c Der Tagesspiegel Lisa, einst brillante Theaterautorin, lebt mit ihrer Familie in der Schweiz, doch ihr Herz ist in Berlin geblieben \u2013 bei ihrem Zwillingsbruder Sven, dem ber\u00fchmten B\u00fchnendarsteller. Seit dieser an einer aggressiven Leuk\u00e4mie erkrankt ist, sind die Geschwister noch enger verbunden. Lisa weigert sich, den Schicksalsschlag hinzunehmen und setzt alle Hebel in Bewegung, um Sven wieder auf die B\u00fchne zu bringen. Er ist ihr Seelenverwandter, f\u00fcr den sie alles andere vernachl\u00e4ssigt. Selbst als ihre Ehe in Schieflage ger\u00e4t, hat sie nur Augen f\u00fcr ihren Bruder, in dem sich ihre tiefsten Sehns\u00fcchte spiegeln: Er weckt in ihr das Verlangen, wieder kreativ zu sein, sich lebendig zu f\u00fchlen. Mit SCHWESTERLEIN ist den Schweizer Regisseurinnen St\u00e9phanie Chuat und V\u00e9ronique Reymond ein aufw\u00fchlendes Drama gelungen, das sich voll und ganz auf seine \u00fcberragenden Hauptdarsteller verlassen kann: Nina Hoss und Lars Eidinger\u2013 erstmals gemeinsam vor der Kamera \u2013 verk\u00f6rpern das innige Geschwisterpaar voller Glaubw\u00fcrdigkeit und leidenschaftlicher Intensit\u00e4t. Eine ber\u00fchrende Liebeserkl\u00e4rung an die Kunst und die belebende Kraft der Kreativit\u00e4t. #NinaHoss #LarsEidinger #Berlinale\"><\/div><\/div><div class=\"lL\" style=\"max-width:100%;width:640px;margin:5px;\"><\/div>\n<p style=\"text-align: right;\"><a href=\"#oben\">top<\/a><\/p>\n<p><\/p>","protected":false},"excerpt":{"rendered":"<p>A film by St\u00e9phanie Chuat <span class=\"amp\">&amp;<\/span> V\u00e9ronique Reymond. In German, French and English with German sub\u00adtit\u00adles. [Credits] [Tickets <span class=\"amp\">&amp;<\/span> Termine] [Trailer] Lisa has given up her ambi\u00adti\u00adons as a play\u00adw\u00adright in Berlin and moved to Switzerland with her child\u00adren and hus\u00adband, who runs an inter\u00adna\u00adtio\u00adnal school the\u00adre. When her twin brot\u00adher Sven, a star&nbsp;actor&nbsp;[\u2026]<\/p>\n","protected":false},"author":2,"featured_media":13904,"comment_status":"closed","ping_status":"closed","sticky":false,"template":"","format":"standard","meta":{"_crdt_document":"","wp_typography_post_enhancements_disabled":false,"slim_seo":{"title":"Schwesterlein - fsk Kino","description":"[:de] Ein Film von St\u00e9phanie Chuat &amp; V\u00e9ronique Reymond. [ Credits ] [ Tickets &amp; Termine ] [ Trailer ] Was haben Thurston Moore und Christian Petzold gem"},"footnotes":""},"categories":[25],"tags":[],"class_list":["post-13900","post","type-post","status-publish","format-standard","has-post-thumbnail","hentry","category-archiv"],"_links":{"self":[{"href":"https:\/\/fsk-kino.peripherfilm.de\/en\/wp-json\/wp\/v2\/posts\/13900","targetHints":{"allow":["GET"]}}],"collection":[{"href":"https:\/\/fsk-kino.peripherfilm.de\/en\/wp-json\/wp\/v2\/posts"}],"about":[{"href":"https:\/\/fsk-kino.peripherfilm.de\/en\/wp-json\/wp\/v2\/types\/post"}],"author":[{"embeddable":true,"href":"https:\/\/fsk-kino.peripherfilm.de\/en\/wp-json\/wp\/v2\/users\/2"}],"replies":[{"embeddable":true,"href":"https:\/\/fsk-kino.peripherfilm.de\/en\/wp-json\/wp\/v2\/comments?post=13900"}],"version-history":[{"count":0,"href":"https:\/\/fsk-kino.peripherfilm.de\/en\/wp-json\/wp\/v2\/posts\/13900\/revisions"}],"wp:featuredmedia":[{"embeddable":true,"href":"https:\/\/fsk-kino.peripherfilm.de\/en\/wp-json\/wp\/v2\/media\/13904"}],"wp:attachment":[{"href":"https:\/\/fsk-kino.peripherfilm.de\/en\/wp-json\/wp\/v2\/media?parent=13900"}],"wp:term":[{"taxonomy":"category","embeddable":true,"href":"https:\/\/fsk-kino.peripherfilm.de\/en\/wp-json\/wp\/v2\/categories?post=13900"},{"taxonomy":"post_tag","embeddable":true,"href":"https:\/\/fsk-kino.peripherfilm.de\/en\/wp-json\/wp\/v2\/tags?post=13900"}],"curies":[{"name":"wp","href":"https:\/\/api.w.org\/{rel}","templated":true}]}}