{"id":13737,"date":"2020-08-31T12:12:38","date_gmt":"2020-08-31T10:12:38","guid":{"rendered":"https:\/\/fsk-kino.peripherfilm.de\/?p=13737"},"modified":"2021-02-15T13:48:48","modified_gmt":"2021-02-15T12:48:48","slug":"40-jahre-ag-dok-wie-erich-seine-arbeit-verlor","status":"publish","type":"post","link":"https:\/\/fsk-kino.peripherfilm.de\/en\/40-jahre-ag-dok-wie-erich-seine-arbeit-verlor\/","title":{"rendered":"40 Jahre <span class=\"caps\">AG<\/span> <span class=\"caps\">DOK<\/span>: Wie Erich seine Arbeit verlor"},"content":{"rendered":"<p class=\"qtranxs-available-languages-message qtranxs-available-languages-message-en\">Sorry, this ent\u00adry is only available in <a href=\"https:\/\/fsk-kino.peripherfilm.de\/de\/wp-json\/wp\/v2\/posts\/13737\" class=\"qtranxs-available-language-link qtranxs-available-language-link-de\" title=\"Deutsch\">Deutsch<\/a>.<\/p><p><\/p>\n<p style=\"text-align: right;\">[<a href=\"https:\/\/booking.cinetixx.de\/frontend\/#\/event\/2278359999\/501480342\">Tickets <span class=\"amp\">&amp;<\/span> Termin<\/a>]<\/p>\n<p>Der jun\u00adge west\u00addeut\u00adsche Kameramann Kai von Westerman ger\u00e4t mit\u00adten in die Ereignisse. 1989 arbei\u00adte\u00adte er f\u00fcr einen Korrespondenten des fran\u00adz\u00f6\u00adsi\u00adschen Fernsehens in der <span class=\"caps\">DDR<\/span>. Als die Menschen auf die Stra\u00dfe gin\u00adgen, bekam er den Auftrag, den Franzosen in knap\u00adpen Beitr\u00e4gen die Ereignisse zu erkl\u00e4\u00adren. So doku\u00admen\u00adtier\u00adten bei\u00adde die Kraft und Dramatik der Friedlichen Revolution, aber das meis\u00adte Material wur\u00adde nicht gesen\u00addet. Erst jetzt, 20 Jahre nach der Wende, hat von Westerman dar\u00adaus einen Film gemacht, der die Ereignisse des Herbstes 1989 beschreibt. Der Dokumentarfilm gibt in sub\u00adti\u00adler Weise ein\u00adma\u00adli\u00adge Geschehnisse des Jahres 1989 wie\u00adder. Er zeich\u00adnet das Lebensgef\u00fchl von DDR-B\u00fcrgern nach, die f\u00fcr Freiheit und Demokratie auf die Stra\u00dfe gin\u00adgen, ohne zu wis\u00adsen, wie es aus\u00adge\u00adhen w\u00fcr\u00adde. Es ist ein Film, der zum Nachdenken anregt und durch die bestechen\u00adde Sicht auf die Ereignisse des Herbstes \u201989 ein wert\u00advol\u00adles Zeitdokument darstellt.<br>\n<em>Regie: Kai von Westerman, D <sup class=\"numerator\">1989<\/sup>\u2044<sub class=\"denominator\">1999<\/sub>, 90 Min.<\/em> Zu Gast: Kai von Westerman<\/p>\n<p>Zusammen mit:<br>\n<strong>Z mojego okna (From My Window)<\/strong><br>\nRegie: J\u00f3zef Robakowski, Polen 2000, 20&nbsp;Min.<br>\nDer pol\u00adni\u00adsche Filmemacher und Videok\u00fcnstler J\u00f3zef Robakowski film\u00adte \u00fcber 22 Jahre den sich ver\u00ad\u00e4n\u00addern\u00adden Blick aus dem Fenster sei\u00adner Wohnung in einem sozia\u00adlis\u00adti\u00adschen Wohnblock in \u0141\u00f3d\u017a. Er beob\u00adach\u00adtet den \u00dcbergang Polens vom Sozialismus der Nachkriegszeit in die Zeit der Solidarno\u015b\u0107 in den sp\u00e4\u00adten 1980er Jahren und des\u00adsen \u00dcbergang in die Dritte Republik, den Einstieg Polens in die Marktwirtschaft.<\/p>\n<p><iframe loading=\"lazy\" src=\"https:\/\/player.vimeo.com\/video\/354918731\" width=\"640\" height=\"360\" frameborder=\"0\" allowfullscreen=\"allowfullscreen\"><\/iframe><\/p>\n<p><a href=\"https:\/\/vimeo.com\/354918731\">Wie Erich sei\u00adne Arbeit ver\u00adlor \u2013 Trailer<\/a> from <a href=\"https:\/\/vimeo.com\/user23597251\">Westermans Filme<\/a> on <a href=\"https:\/\/vimeo.com\">Vimeo<\/a>.<\/p>\n<p>&nbsp;<\/p>","protected":false},"excerpt":{"rendered":"<p>Sorry, this ent\u00adry is only available in Deutsch. [Tickets <span class=\"amp\">&amp;<\/span> Termin] Der jun\u00adge west\u00addeut\u00adsche Kameramann Kai von Westerman ger\u00e4t mit\u00adten in die Ereignisse. 1989 arbei\u00adte\u00adte er f\u00fcr einen Korrespondenten des fran\u00adz\u00f6\u00adsi\u00adschen Fernsehens in der <span class=\"caps\">DDR<\/span>. Als die Menschen auf die Stra\u00dfe gin\u00adgen, bekam er den Auftrag, den Franzosen in knap\u00adpen Beitr\u00e4gen die Ereignisse zu erkl\u00e4ren.&nbsp;[\u2026]<\/p>\n","protected":false},"author":2,"featured_media":13739,"comment_status":"closed","ping_status":"closed","sticky":false,"template":"","format":"standard","meta":{"_crdt_document":"","wp_typography_post_enhancements_disabled":false,"slim_seo":{"title":"[:de]40 Jahre AG DOK: Wie Erich seine Arbeit verlor[:] - fsk Kino","description":"[:de] [ Tickets &amp; Termin ] Der junge westdeutsche Kameramann Kai von Westerman ger\u00e4t mitten in die Ereignisse. 1989 arbeitete er f\u00fcr einen Korrespondenten d"},"footnotes":""},"categories":[25],"tags":[],"class_list":["post-13737","post","type-post","status-publish","format-standard","has-post-thumbnail","hentry","category-archiv"],"_links":{"self":[{"href":"https:\/\/fsk-kino.peripherfilm.de\/en\/wp-json\/wp\/v2\/posts\/13737","targetHints":{"allow":["GET"]}}],"collection":[{"href":"https:\/\/fsk-kino.peripherfilm.de\/en\/wp-json\/wp\/v2\/posts"}],"about":[{"href":"https:\/\/fsk-kino.peripherfilm.de\/en\/wp-json\/wp\/v2\/types\/post"}],"author":[{"embeddable":true,"href":"https:\/\/fsk-kino.peripherfilm.de\/en\/wp-json\/wp\/v2\/users\/2"}],"replies":[{"embeddable":true,"href":"https:\/\/fsk-kino.peripherfilm.de\/en\/wp-json\/wp\/v2\/comments?post=13737"}],"version-history":[{"count":0,"href":"https:\/\/fsk-kino.peripherfilm.de\/en\/wp-json\/wp\/v2\/posts\/13737\/revisions"}],"wp:featuredmedia":[{"embeddable":true,"href":"https:\/\/fsk-kino.peripherfilm.de\/en\/wp-json\/wp\/v2\/media\/13739"}],"wp:attachment":[{"href":"https:\/\/fsk-kino.peripherfilm.de\/en\/wp-json\/wp\/v2\/media?parent=13737"}],"wp:term":[{"taxonomy":"category","embeddable":true,"href":"https:\/\/fsk-kino.peripherfilm.de\/en\/wp-json\/wp\/v2\/categories?post=13737"},{"taxonomy":"post_tag","embeddable":true,"href":"https:\/\/fsk-kino.peripherfilm.de\/en\/wp-json\/wp\/v2\/tags?post=13737"}],"curies":[{"name":"wp","href":"https:\/\/api.w.org\/{rel}","templated":true}]}}