{"id":13703,"date":"2020-08-26T14:04:37","date_gmt":"2020-08-26T12:04:37","guid":{"rendered":"https:\/\/fsk-kino.peripherfilm.de\/?p=13703"},"modified":"2021-02-15T13:48:48","modified_gmt":"2021-02-15T12:48:48","slug":"achtung-berlin-2020","status":"publish","type":"post","link":"https:\/\/fsk-kino.peripherfilm.de\/en\/achtung-berlin-2020\/","title":{"rendered":"Achtung Berlin 2020"},"content":{"rendered":"<p class=\"qtranxs-available-languages-message qtranxs-available-languages-message-en\">Sorry, this ent\u00adry is only available in <a href=\"https:\/\/fsk-kino.peripherfilm.de\/de\/wp-json\/wp\/v2\/posts\/13703\" class=\"qtranxs-available-language-link qtranxs-available-language-link-de\" title=\"Deutsch\">Deutsch<\/a>.<\/p><p>Das Filmfestival f\u00fcr neu\u00ades deut\u00adsches Kino aus Berlin und Brandenburg kommt auch die\u00adses Jahr ins fsk (coro\u00adnabe\u00addingt etwas sp\u00e4\u00adter): 16. \u2013 20. September 2020<br>\n<a href=\"https:\/\/achtungberlin.de\/\">www.achtungberlin.de<\/a><\/p>\n<p>Die Filme au\u00dfer <span class=\"caps\">YU<\/span> <span class=\"caps\">GONG<\/span> lau\u00adfen in Anwesenheit des Filmteams:<\/p>\n<p><strong>Sebastian springt \u00fcber Gel\u00e4nder<br>\n<img loading=\"lazy\" decoding=\"async\" class=\"size-medium wp-image-13709 alignnone\" src=\"https:\/\/fsk-kino.peripherfilm.de\/wp-content\/uploads\/2020\/08\/sebastianspringt-400x295.jpg\" alt width=\"400\" height=\"295\" srcset=\"https:\/\/fsk-kino.peripherfilm.de\/wp-content\/uploads\/2020\/08\/sebastianspringt-400x295.jpg 400w, https:\/\/fsk-kino.peripherfilm.de\/wp-content\/uploads\/2020\/08\/sebastianspringt-300x221.jpg 300w, https:\/\/fsk-kino.peripherfilm.de\/wp-content\/uploads\/2020\/08\/sebastianspringt-600x443.jpg 600w, https:\/\/fsk-kino.peripherfilm.de\/wp-content\/uploads\/2020\/08\/sebastianspringt-1024x756.jpg 1024w, https:\/\/fsk-kino.peripherfilm.de\/wp-content\/uploads\/2020\/08\/sebastianspringt-768x567.jpg 768w, https:\/\/fsk-kino.peripherfilm.de\/wp-content\/uploads\/2020\/08\/sebastianspringt-624x461.jpg 624w, https:\/\/fsk-kino.peripherfilm.de\/wp-content\/uploads\/2020\/08\/sebastianspringt.jpg 1429w\" sizes=\"auto, (max-width: 400px) 100vw, 400px\"><\/strong><br>\nDrei Lebensabschnitte auf Sebastians Weg. Als Kind auf sich selbst gestellt, als Jugendlicher zwi\u00adschen zwei Welten pen\u00addelnd und als jun\u00adger Mann, der sich ent\u00adschei\u00adden&nbsp;muss.<br>\n<em><span class=\"caps\">DE<\/span> 2019, 70 Min., OmeU, R\/B\/M Ceylan Ataman-Checa D Joseph Peschko, Finn Freyer, Ambar de la Horra, Frederieke Morgenroth K Albrecht von Gru\u0308nhagen<\/em><br>\n(Do, 17.9. 18:30) <a href=\"https:\/\/booking.cinetixx.de\/frontend\/#\/event\/2278359999\/2274038241\">[Tickets]<\/a><\/p>\n<p><strong>Yu Gong<br>\n<img loading=\"lazy\" decoding=\"async\" class=\"size-medium wp-image-13708 alignnone\" src=\"https:\/\/fsk-kino.peripherfilm.de\/wp-content\/uploads\/2020\/08\/yugong-400x225.jpg\" alt width=\"400\" height=\"225\" srcset=\"https:\/\/fsk-kino.peripherfilm.de\/wp-content\/uploads\/2020\/08\/yugong-400x225.jpg 400w, https:\/\/fsk-kino.peripherfilm.de\/wp-content\/uploads\/2020\/08\/yugong-300x169.jpg 300w, https:\/\/fsk-kino.peripherfilm.de\/wp-content\/uploads\/2020\/08\/yugong-600x338.jpg 600w, https:\/\/fsk-kino.peripherfilm.de\/wp-content\/uploads\/2020\/08\/yugong-1024x576.jpg 1024w, https:\/\/fsk-kino.peripherfilm.de\/wp-content\/uploads\/2020\/08\/yugong-768x432.jpg 768w, https:\/\/fsk-kino.peripherfilm.de\/wp-content\/uploads\/2020\/08\/yugong-624x351.jpg 624w, https:\/\/fsk-kino.peripherfilm.de\/wp-content\/uploads\/2020\/08\/yugong.jpg 1429w\" sizes=\"auto, (max-width: 400px) 100vw, 400px\"><\/strong><br>\nDie Fabel des Narrs Yu Gong, der Berge ver\u00adset\u00adzen woll\u00adte, als Metapher f\u00fcr die kom\u00adple\u00adxen sino-afri\u00adka\u00adni\u00adschen Beziehungen, wel\u00adche der Film in einer Reise durch Afrika dokumentiert.<br>\n<em><span class=\"caps\">DE<\/span> 2019, 84 Min., OmeU, R\/B\/K\/M\/P: Daniel K\u00f6tter<\/em><br>\n(Do, 17.9. 21:00) <a href=\"https:\/\/booking.cinetixx.de\/frontend\/#\/event\/2278359999\/2320446118\">[Tickets]<\/a><\/p>\n<p><strong>Zustand und Gel\u00e4nde<br>\n<img loading=\"lazy\" decoding=\"async\" class=\"size-medium wp-image-13707 alignnone\" src=\"https:\/\/fsk-kino.peripherfilm.de\/wp-content\/uploads\/2020\/08\/zustangelaende-400x225.jpg\" alt width=\"400\" height=\"225\" srcset=\"https:\/\/fsk-kino.peripherfilm.de\/wp-content\/uploads\/2020\/08\/zustangelaende-400x225.jpg 400w, https:\/\/fsk-kino.peripherfilm.de\/wp-content\/uploads\/2020\/08\/zustangelaende-300x169.jpg 300w, https:\/\/fsk-kino.peripherfilm.de\/wp-content\/uploads\/2020\/08\/zustangelaende-600x338.jpg 600w, https:\/\/fsk-kino.peripherfilm.de\/wp-content\/uploads\/2020\/08\/zustangelaende-1024x576.jpg 1024w, https:\/\/fsk-kino.peripherfilm.de\/wp-content\/uploads\/2020\/08\/zustangelaende-768x432.jpg 768w, https:\/\/fsk-kino.peripherfilm.de\/wp-content\/uploads\/2020\/08\/zustangelaende-624x351.jpg 624w, https:\/\/fsk-kino.peripherfilm.de\/wp-content\/uploads\/2020\/08\/zustangelaende.jpg 1429w\" sizes=\"auto, (max-width: 400px) 100vw, 400px\"><\/strong><br>\nDer Film han\u00addelt von Orten, ihren \u00dcberschreibungen durch die Zeit und wie sich poli\u00adti\u00adsche Erinnerungskulturen in sie ein\u00adge\u00adschrie\u00adben haben; \u2013 aus\u00adge\u00adhend von sog. \u2018Wilden Konzentrationslagern\u2019 der NS-Zeit.<br>\n<em><span class=\"caps\">DE<\/span> 2019, 118 Min., OmeU, R\/B\/M\/P Ute Adamczewski B Andr\u00e9 Siegers K Stefan Neuberger<\/em><br>\n(Fr, 18.9. 18:00) <a href=\"https:\/\/booking.cinetixx.de\/frontend\/#\/event\/2278359999\/2255607920\">[Tickets]<\/a><\/p>\n<p><a href=\"https:\/\/fsk-kino.peripherfilm.de\/peripher-filmverleih\/kunst-kommt-aus-dem-schnabel-wie-er-gewachsen-ist\/\"><strong>Kunst kommt aus dem Schnabel wie er gewach\u00adsen&nbsp;ist<\/strong><\/a><img loading=\"lazy\" decoding=\"async\" class=\"size-medium wp-image-12923\" src=\"https:\/\/fsk-kino.peripherfilm.de\/wp-content\/uploads\/2020\/02\/Adolf_Beutler-400x225.jpg\" alt width=\"400\" height=\"225\" srcset=\"https:\/\/fsk-kino.peripherfilm.de\/wp-content\/uploads\/2020\/02\/Adolf_Beutler-400x225.jpg 400w, https:\/\/fsk-kino.peripherfilm.de\/wp-content\/uploads\/2020\/02\/Adolf_Beutler-300x169.jpg 300w, https:\/\/fsk-kino.peripherfilm.de\/wp-content\/uploads\/2020\/02\/Adolf_Beutler-600x338.jpg 600w, https:\/\/fsk-kino.peripherfilm.de\/wp-content\/uploads\/2020\/02\/Adolf_Beutler-1024x576.jpg 1024w, https:\/\/fsk-kino.peripherfilm.de\/wp-content\/uploads\/2020\/02\/Adolf_Beutler-768x432.jpg 768w, https:\/\/fsk-kino.peripherfilm.de\/wp-content\/uploads\/2020\/02\/Adolf_Beutler-1536x864.jpg 1536w, https:\/\/fsk-kino.peripherfilm.de\/wp-content\/uploads\/2020\/02\/Adolf_Beutler-624x351.jpg 624w, https:\/\/fsk-kino.peripherfilm.de\/wp-content\/uploads\/2020\/02\/Adolf_Beutler.jpg 1920w\" sizes=\"auto, (max-width: 400px) 100vw, 400px\"><br>\nDer Film beglei\u00adtet die t\u00e4g\u00adli\u00adche Arbeit von K\u00fcnstler*innen der Spandauer Kunstwerkstatt fu\u0308r Menschen mit Behinderung. Die Idee von Kunst wird ganzheitlich.<br>\n<em><span class=\"caps\">DE<\/span> 2020, 106 Min., OmeU, R\/K\/M\/P: Sabine Herpich, P: B\u00fcchner Filmproduktion<\/em><br>\n(Fr, 18.9. 21:00) <a href=\"https:\/\/booking.cinetixx.de\/frontend\/#\/event\/2278359999\/2320446534\">[Tickets]<\/a><\/p>\n<p><strong>30 Jahre, aber den Sinn des Lebens habe ich immer noch nicht rausgefunden<br>\n<img loading=\"lazy\" decoding=\"async\" class=\"size-medium wp-image-13706 alignnone\" src=\"https:\/\/fsk-kino.peripherfilm.de\/wp-content\/uploads\/2020\/08\/30jahre-400x160.jpg\" alt width=\"400\" height=\"160\" srcset=\"https:\/\/fsk-kino.peripherfilm.de\/wp-content\/uploads\/2020\/08\/30jahre-400x160.jpg 400w, https:\/\/fsk-kino.peripherfilm.de\/wp-content\/uploads\/2020\/08\/30jahre-300x120.jpg 300w, https:\/\/fsk-kino.peripherfilm.de\/wp-content\/uploads\/2020\/08\/30jahre-600x240.jpg 600w, https:\/\/fsk-kino.peripherfilm.de\/wp-content\/uploads\/2020\/08\/30jahre-1024x410.jpg 1024w, https:\/\/fsk-kino.peripherfilm.de\/wp-content\/uploads\/2020\/08\/30jahre-768x307.jpg 768w, https:\/\/fsk-kino.peripherfilm.de\/wp-content\/uploads\/2020\/08\/30jahre-624x250.jpg 624w, https:\/\/fsk-kino.peripherfilm.de\/wp-content\/uploads\/2020\/08\/30jahre.jpg 1429w\" sizes=\"auto, (max-width: 400px) 100vw, 400px\"><\/strong><br>\n30 Jahre fil\u00admi\u00adsche Selbstportraits an jedem Geburtstag, eine Super\u20118 Rolle pro&nbsp;Jahr.<br>\n<em><span class=\"caps\">DE<\/span> 2019, 91 Min., R\/B\/K\/M Jan Peters<\/em><br>\n(Sa 19.9. 18:30) <a href=\"https:\/\/booking.cinetixx.de\/frontend\/#\/event\/2278359999\/2320446607\">[Tickets]<\/a><\/p>\n<p><strong>Tr\u00e4ume von R\u00e4umen<br>\n<img loading=\"lazy\" decoding=\"async\" class=\"alignnone size-medium wp-image-13705\" src=\"https:\/\/fsk-kino.peripherfilm.de\/wp-content\/uploads\/2020\/08\/traumeraume-400x225.jpg\" alt width=\"400\" height=\"225\" srcset=\"https:\/\/fsk-kino.peripherfilm.de\/wp-content\/uploads\/2020\/08\/traumeraume-400x225.jpg 400w, https:\/\/fsk-kino.peripherfilm.de\/wp-content\/uploads\/2020\/08\/traumeraume-300x169.jpg 300w, https:\/\/fsk-kino.peripherfilm.de\/wp-content\/uploads\/2020\/08\/traumeraume-600x338.jpg 600w, https:\/\/fsk-kino.peripherfilm.de\/wp-content\/uploads\/2020\/08\/traumeraume-1024x576.jpg 1024w, https:\/\/fsk-kino.peripherfilm.de\/wp-content\/uploads\/2020\/08\/traumeraume-768x432.jpg 768w, https:\/\/fsk-kino.peripherfilm.de\/wp-content\/uploads\/2020\/08\/traumeraume-624x351.jpg 624w, https:\/\/fsk-kino.peripherfilm.de\/wp-content\/uploads\/2020\/08\/traumeraume.jpg 1429w\" sizes=\"auto, (max-width: 400px) 100vw, 400px\"><\/strong><br>\nDer Film beglei\u00adtet die ver\u00adblie\u00adbe\u00adnen Bewohner*innen eines Hauses im Herzen Berlins und stellt die Frage nach Leerstand als sub\u00adver\u00adsi\u00adven Akt gegen die Utopie des geord\u00adne\u00adten&nbsp;Raums.<br>\n<em><span class=\"caps\">DE<\/span> 2019, 85 Min., OmeU, R\/B\/K Matthias Lintner K Francisco Medina, Matilda Mester, Carlos Andres Lopez, Christopher Aoun<\/em><br>\n(Sa 19.9. 21:00) <a href=\"https:\/\/booking.cinetixx.de\/frontend\/#\/event\/2278359999\/2320446743\">[Tickets]<\/a><\/p>\n<p><a href=\"https:\/\/fsk-kino.peripherfilm.de\/sunburned\/\"><strong>Sunburned<\/strong><\/a><br>\n<img loading=\"lazy\" decoding=\"async\" class=\"alignnone size-medium wp-image-13203\" src=\"https:\/\/fsk-kino.peripherfilm.de\/wp-content\/uploads\/2020\/05\/sunburned1-400x199.jpg\" alt width=\"400\" height=\"199\" srcset=\"https:\/\/fsk-kino.peripherfilm.de\/wp-content\/uploads\/2020\/05\/sunburned1-400x199.jpg 400w, https:\/\/fsk-kino.peripherfilm.de\/wp-content\/uploads\/2020\/05\/sunburned1-300x150.jpg 300w, https:\/\/fsk-kino.peripherfilm.de\/wp-content\/uploads\/2020\/05\/sunburned1-600x299.jpg 600w, https:\/\/fsk-kino.peripherfilm.de\/wp-content\/uploads\/2020\/05\/sunburned1-1024x510.jpg 1024w, https:\/\/fsk-kino.peripherfilm.de\/wp-content\/uploads\/2020\/05\/sunburned1-768x383.jpg 768w, https:\/\/fsk-kino.peripherfilm.de\/wp-content\/uploads\/2020\/05\/sunburned1-1536x766.jpg 1536w, https:\/\/fsk-kino.peripherfilm.de\/wp-content\/uploads\/2020\/05\/sunburned1-624x311.jpg 624w, https:\/\/fsk-kino.peripherfilm.de\/wp-content\/uploads\/2020\/05\/sunburned1.jpg 1705w\" sizes=\"auto, (max-width: 400px) 100vw, 400px\"><br>\nVon ihrer Familie im Spanien-Urlaub ver\u00adnach\u00adl\u00e4s\u00adsigt, sieht sich Claire mit den weit\u00adaus gr\u00f6\u00ad\u00dfe\u00adren Problemen des jun\u00adgen afri\u00adka\u00adni\u00adschen Strandverk\u00e4ufers Amram konfrontiert.<br>\n<em><span class=\"caps\">DE<\/span>\/<span class=\"caps\">NL<\/span>\/<span class=\"caps\">PL<\/span> 2019, 94 Min., OmeU, R\/B Carolina Hellsg\u00e5rd D Zita Gaier, Gedion Oduor Wekesa, Sabine Timoteo, K Wojciech Staron M Ruth Sch\u00f6negge<\/em><br>\n(So 20.9. 18:30) <a href=\"https:\/\/booking.cinetixx.de\/frontend\/#\/event\/2278359999\/2249030060\">[Tickets]<\/a><\/p>\n<p><strong><a href=\"https:\/\/fsk-kino.peripherfilm.de\/sag-du-es-mir\/\">Sag du es&nbsp;mir<\/a><br>\n<img loading=\"lazy\" decoding=\"async\" class=\"alignnone size-medium wp-image-13704\" src=\"https:\/\/fsk-kino.peripherfilm.de\/wp-content\/uploads\/2020\/08\/sagduesmir-400x225.jpg\" alt width=\"400\" height=\"225\" srcset=\"https:\/\/fsk-kino.peripherfilm.de\/wp-content\/uploads\/2020\/08\/sagduesmir-400x225.jpg 400w, https:\/\/fsk-kino.peripherfilm.de\/wp-content\/uploads\/2020\/08\/sagduesmir-300x169.jpg 300w, https:\/\/fsk-kino.peripherfilm.de\/wp-content\/uploads\/2020\/08\/sagduesmir-600x338.jpg 600w, https:\/\/fsk-kino.peripherfilm.de\/wp-content\/uploads\/2020\/08\/sagduesmir-1024x576.jpg 1024w, https:\/\/fsk-kino.peripherfilm.de\/wp-content\/uploads\/2020\/08\/sagduesmir-768x432.jpg 768w, https:\/\/fsk-kino.peripherfilm.de\/wp-content\/uploads\/2020\/08\/sagduesmir-624x351.jpg 624w, https:\/\/fsk-kino.peripherfilm.de\/wp-content\/uploads\/2020\/08\/sagduesmir.jpg 1429w\" sizes=\"auto, (max-width: 400px) 100vw, 400px\"><\/strong><br>\nSilke wird in Potsdam von der Br\u00fccke gesto\u00ad\u00dfen. Pl\u00f6tzlich taucht ihre Schwester auf. Und dann gibt es noch die Perspektive des T\u00e4ters. Ein Verwirrspiel um Opfer-und T\u00e4terschaft, Wahrheit und&nbsp;L\u00fcge.<br>\n<em><span class=\"caps\">DE<\/span> 2019, 104 Min., OmeU, R\/B Michael Fetter Nathansky D Christina Gro\u00dfe, Marc Ben Puch, Gisa Flake K Leander Ott&nbsp;<\/em><br>\n(So. 20.9. 21:00) <a href=\"https:\/\/booking.cinetixx.de\/frontend\/#\/event\/2278359999\/2320446831\">[Tickets]<\/a><\/p>","protected":false},"excerpt":{"rendered":"<p>Sorry, this ent\u00adry is only available in Deutsch.Das Filmfestival f\u00fcr neu\u00ades deut\u00adsches Kino aus Berlin und Brandenburg kommt auch die\u00adses Jahr ins fsk (coro\u00adnabe\u00addingt etwas sp\u00e4\u00adter): 16. \u2013 20. September 2020 www.achtungberlin.de Die Filme au\u00dfer <span class=\"caps\">YU<\/span> <span class=\"caps\">GONG<\/span> lau\u00adfen in Anwesenheit des Filmteams: Sebastian springt \u00fcber Gel\u00e4nder Drei Lebensabschnitte auf Sebastians Weg. Als Kind auf&nbsp;sich&nbsp;[\u2026]<\/p>\n","protected":false},"author":2,"featured_media":13712,"comment_status":"closed","ping_status":"closed","sticky":false,"template":"","format":"standard","meta":{"_crdt_document":"","wp_typography_post_enhancements_disabled":false,"slim_seo":{"title":"[:de]Achtung Berlin 2020[:] - fsk Kino","description":"[:de]Das Filmfestival f\u00fcr neues deutsches Kino aus Berlin und Brandenburg kommt auch dieses Jahr ins fsk (coronabedingt etwas sp\u00e4ter): 16. - 20. September 2020"},"footnotes":""},"categories":[25],"tags":[],"class_list":["post-13703","post","type-post","status-publish","format-standard","has-post-thumbnail","hentry","category-archiv"],"_links":{"self":[{"href":"https:\/\/fsk-kino.peripherfilm.de\/en\/wp-json\/wp\/v2\/posts\/13703","targetHints":{"allow":["GET"]}}],"collection":[{"href":"https:\/\/fsk-kino.peripherfilm.de\/en\/wp-json\/wp\/v2\/posts"}],"about":[{"href":"https:\/\/fsk-kino.peripherfilm.de\/en\/wp-json\/wp\/v2\/types\/post"}],"author":[{"embeddable":true,"href":"https:\/\/fsk-kino.peripherfilm.de\/en\/wp-json\/wp\/v2\/users\/2"}],"replies":[{"embeddable":true,"href":"https:\/\/fsk-kino.peripherfilm.de\/en\/wp-json\/wp\/v2\/comments?post=13703"}],"version-history":[{"count":0,"href":"https:\/\/fsk-kino.peripherfilm.de\/en\/wp-json\/wp\/v2\/posts\/13703\/revisions"}],"wp:featuredmedia":[{"embeddable":true,"href":"https:\/\/fsk-kino.peripherfilm.de\/en\/wp-json\/wp\/v2\/media\/13712"}],"wp:attachment":[{"href":"https:\/\/fsk-kino.peripherfilm.de\/en\/wp-json\/wp\/v2\/media?parent=13703"}],"wp:term":[{"taxonomy":"category","embeddable":true,"href":"https:\/\/fsk-kino.peripherfilm.de\/en\/wp-json\/wp\/v2\/categories?post=13703"},{"taxonomy":"post_tag","embeddable":true,"href":"https:\/\/fsk-kino.peripherfilm.de\/en\/wp-json\/wp\/v2\/tags?post=13703"}],"curies":[{"name":"wp","href":"https:\/\/api.w.org\/{rel}","templated":true}]}}