{"id":13409,"date":"2020-07-02T13:41:24","date_gmt":"2020-07-02T11:41:24","guid":{"rendered":"https:\/\/fsk-kino.peripherfilm.de\/?p=13409"},"modified":"2021-02-15T13:48:48","modified_gmt":"2021-02-15T12:48:48","slug":"exil","status":"publish","type":"post","link":"https:\/\/fsk-kino.peripherfilm.de\/en\/exil\/","title":{"rendered":"Exil"},"content":{"rendered":"<p>A film by Visar Morina.<\/p>\n<p style=\"text-align: right;\">[<a href=\"#credits\">Credits<\/a>] [<a href=\"https:\/\/booking.cinetixx.de\/frontend\/#\/event\/2278359999\/2273182263\">Tickets <span class=\"amp\">&amp;<\/span> Termine<\/a>] [<a href=\"#trailer\">Trailer<\/a>]<\/p>\n<p>First, there\u2019s a dead rat han\u00adging on the door of the house whe\u00adre Xhafer lives with his wife and child\u00adren. Then the emails he sends are \u2018acci\u00adden\u00adtal\u00adly\u2019 no lon\u00adger being recei\u00adved. The signs that this phar\u00admaceu\u00adti\u00adcal engi\u00adneer is being bul\u00adlied and haras\u00adsed in his work\u00adplace are incre\u00adasing. Even if neither his wife nor his col\u00adle\u00adagues seem to belie\u00adve him, this man, who is ori\u00adgi\u00adnal\u00adly from Kosovo but who has been well inte\u00adgra\u00adted for years, feels more and more out\u00adcast from his (German) com\u00admu\u00adni\u00adty. Or is he losing touch with reality?<br>\nIn his second fea\u00adture-length film, direc\u00adtor Visar Morina dis\u00adsects the psy\u00adcho\u00adlo\u00adgi\u00adcal effects of social exclu\u00adsi\u00adon and pres\u00adents them here as an inter\u00adplay bet\u00adween belon\u00adging and ali\u00aden\u00adati\u00adon. Morina com\u00adbi\u00adnes subt\u00adle images that gra\u00addu\u00adal\u00adly shift accor\u00adding to his protagonist\u2019s sta\u00adte with meti\u00adcu\u00adlous per\u00adfor\u00adman\u00adces from his ensem\u00adble, to descri\u00adbe the importance of per\u00adso\u00adna\u00adli\u00adty when it comes to inte\u00adgra\u00adting into ano\u00adther socie\u00adty, and how quick\u00adly cracks can deve\u00adlop in the sup\u00adpo\u00adsedly firm con\u00ads\u00adtruct that is identity.<\/p>\n<div id=\"gallery-2\" class=\"gallery galleryid-13409 gallery-columns-2 gallery-size-medium\"><figure class=\"gallery-item\">\n\t\t\t<div class=\"gallery-icon landscape\">\n\t\t\t\t<a href=\"https:\/\/fsk-kino.peripherfilm.de\/wp-content\/uploads\/2020\/07\/exil1.jpg\"><img loading=\"lazy\" decoding=\"async\" width=\"400\" height=\"167\" src=\"https:\/\/fsk-kino.peripherfilm.de\/wp-content\/uploads\/2020\/07\/exil1-400x167.jpg\" class=\"attachment-medium size-medium\" alt srcset=\"https:\/\/fsk-kino.peripherfilm.de\/wp-content\/uploads\/2020\/07\/exil1-400x167.jpg 400w, https:\/\/fsk-kino.peripherfilm.de\/wp-content\/uploads\/2020\/07\/exil1-300x125.jpg 300w, https:\/\/fsk-kino.peripherfilm.de\/wp-content\/uploads\/2020\/07\/exil1-600x250.jpg 600w, https:\/\/fsk-kino.peripherfilm.de\/wp-content\/uploads\/2020\/07\/exil1-1024x427.jpg 1024w, https:\/\/fsk-kino.peripherfilm.de\/wp-content\/uploads\/2020\/07\/exil1-768x321.jpg 768w, https:\/\/fsk-kino.peripherfilm.de\/wp-content\/uploads\/2020\/07\/exil1-1536x641.jpg 1536w, https:\/\/fsk-kino.peripherfilm.de\/wp-content\/uploads\/2020\/07\/exil1-624x260.jpg 624w, https:\/\/fsk-kino.peripherfilm.de\/wp-content\/uploads\/2020\/07\/exil1.jpg 1893w\" sizes=\"auto, (max-width: 400px) 100vw, 400px\"><\/a>\n\t\t\t<\/div><\/figure><figure class=\"gallery-item\">\n\t\t\t<div class=\"gallery-icon landscape\">\n\t\t\t\t<a href=\"https:\/\/fsk-kino.peripherfilm.de\/wp-content\/uploads\/2020\/07\/exil2.jpg\"><img loading=\"lazy\" decoding=\"async\" width=\"400\" height=\"167\" src=\"https:\/\/fsk-kino.peripherfilm.de\/wp-content\/uploads\/2020\/07\/exil2-400x167.jpg\" class=\"attachment-medium size-medium\" alt srcset=\"https:\/\/fsk-kino.peripherfilm.de\/wp-content\/uploads\/2020\/07\/exil2-400x167.jpg 400w, https:\/\/fsk-kino.peripherfilm.de\/wp-content\/uploads\/2020\/07\/exil2-300x125.jpg 300w, https:\/\/fsk-kino.peripherfilm.de\/wp-content\/uploads\/2020\/07\/exil2-600x250.jpg 600w, https:\/\/fsk-kino.peripherfilm.de\/wp-content\/uploads\/2020\/07\/exil2-1024x427.jpg 1024w, https:\/\/fsk-kino.peripherfilm.de\/wp-content\/uploads\/2020\/07\/exil2-768x321.jpg 768w, https:\/\/fsk-kino.peripherfilm.de\/wp-content\/uploads\/2020\/07\/exil2-1536x641.jpg 1536w, https:\/\/fsk-kino.peripherfilm.de\/wp-content\/uploads\/2020\/07\/exil2-624x260.jpg 624w, https:\/\/fsk-kino.peripherfilm.de\/wp-content\/uploads\/2020\/07\/exil2.jpg 1893w\" sizes=\"auto, (max-width: 400px) 100vw, 400px\"><\/a>\n\t\t\t<\/div><\/figure><figure class=\"gallery-item\">\n\t\t\t<div class=\"gallery-icon landscape\">\n\t\t\t\t<a href=\"https:\/\/fsk-kino.peripherfilm.de\/wp-content\/uploads\/2020\/07\/exil3.jpg\"><img loading=\"lazy\" decoding=\"async\" width=\"400\" height=\"167\" src=\"https:\/\/fsk-kino.peripherfilm.de\/wp-content\/uploads\/2020\/07\/exil3-400x167.jpg\" class=\"attachment-medium size-medium\" alt srcset=\"https:\/\/fsk-kino.peripherfilm.de\/wp-content\/uploads\/2020\/07\/exil3-400x167.jpg 400w, https:\/\/fsk-kino.peripherfilm.de\/wp-content\/uploads\/2020\/07\/exil3-300x125.jpg 300w, https:\/\/fsk-kino.peripherfilm.de\/wp-content\/uploads\/2020\/07\/exil3-600x250.jpg 600w, https:\/\/fsk-kino.peripherfilm.de\/wp-content\/uploads\/2020\/07\/exil3-1024x427.jpg 1024w, https:\/\/fsk-kino.peripherfilm.de\/wp-content\/uploads\/2020\/07\/exil3-768x321.jpg 768w, https:\/\/fsk-kino.peripherfilm.de\/wp-content\/uploads\/2020\/07\/exil3-1536x641.jpg 1536w, https:\/\/fsk-kino.peripherfilm.de\/wp-content\/uploads\/2020\/07\/exil3-624x260.jpg 624w, https:\/\/fsk-kino.peripherfilm.de\/wp-content\/uploads\/2020\/07\/exil3.jpg 1893w\" sizes=\"auto, (max-width: 400px) 100vw, 400px\"><\/a>\n\t\t\t<\/div><\/figure><figure class=\"gallery-item\">\n\t\t\t<div class=\"gallery-icon landscape\">\n\t\t\t\t<a href=\"https:\/\/fsk-kino.peripherfilm.de\/wp-content\/uploads\/2020\/07\/exil5.jpg\"><img loading=\"lazy\" decoding=\"async\" width=\"400\" height=\"167\" src=\"https:\/\/fsk-kino.peripherfilm.de\/wp-content\/uploads\/2020\/07\/exil5-400x167.jpg\" class=\"attachment-medium size-medium\" alt srcset=\"https:\/\/fsk-kino.peripherfilm.de\/wp-content\/uploads\/2020\/07\/exil5-400x167.jpg 400w, https:\/\/fsk-kino.peripherfilm.de\/wp-content\/uploads\/2020\/07\/exil5-300x125.jpg 300w, https:\/\/fsk-kino.peripherfilm.de\/wp-content\/uploads\/2020\/07\/exil5-600x250.jpg 600w, https:\/\/fsk-kino.peripherfilm.de\/wp-content\/uploads\/2020\/07\/exil5-1024x427.jpg 1024w, https:\/\/fsk-kino.peripherfilm.de\/wp-content\/uploads\/2020\/07\/exil5-768x321.jpg 768w, https:\/\/fsk-kino.peripherfilm.de\/wp-content\/uploads\/2020\/07\/exil5-1536x641.jpg 1536w, https:\/\/fsk-kino.peripherfilm.de\/wp-content\/uploads\/2020\/07\/exil5-624x260.jpg 624w, https:\/\/fsk-kino.peripherfilm.de\/wp-content\/uploads\/2020\/07\/exil5.jpg 1893w\" sizes=\"auto, (max-width: 400px) 100vw, 400px\"><\/a>\n\t\t\t<\/div><\/figure>\n\t\t<\/div>\n\n<p>[nbsp]<br>\n<strong><a name=\"credits\"><\/a>Credits:<\/strong><\/p>\n<p><em><span class=\"film-meta country\">Deutschland \/ Belgien \/ Kosovo 2020, 121 Min., deutsch, alba\u00adni\u00adsche&nbsp;Om<br>\n<\/span>Regie: Visar Morina<\/em><br>\n<em>Kamera: Matteo Cocco<\/em><br>\n<em>Montage: Laura Lauzemis, Hansj\u00f6rg Wei\u00dfbrich, Visar Morina<\/em><br>\n<em>mit Mi\u0161el Mati\u010devi\u0107, Sandra H\u00fcller, Rainer Bock, Thomas Mraz<\/em><\/p>\n<p><strong><a name=\"termine\"><\/a>Termine:<\/strong><\/p>\n\n\n\t<ul id class=\"eo-events eo-events-shortcode\"> \n\t\t<li class=\"eo-no-events\"> noch kei\u00adne oder kei\u00adne&nbsp;mehr&nbsp;<\/li>\n\t<\/ul>\n\n\n<p>[nbsp]<br>\n<strong><a name=\"trailer\"><\/a>Trailer:<\/strong><\/p>\n<div class=\"lyte-wrapper\" title=\"EXIL I Offizieller Trailer deutsch I Jetzt im Kino\" style=\"width:640px;max-width:100%;margin:5px;\"><div class=\"lyMe\" id=\"WYL_zD0NqklU_bo\" itemprop=\"video\" itemscope itemtype=\"https:\/\/schema.org\/VideoObject\"><div><meta itemprop=\"thumbnailUrl\" content=\"https:\/\/fsk-kino.peripherfilm.de\/wp-content\/plugins\/wp-youtube-lyte\/lyteCache.php?origThumbUrl=https%3A%2F%2Fi.ytimg.com%2Fvi%2FzD0NqklU_bo%2Fhqdefault.jpg\"><meta itemprop=\"embedURL\" content=\"https:\/\/www.youtube.com\/embed\/zD0NqklU_bo\"><meta itemprop=\"duration\" content=\"PT1M43S\"><meta itemprop=\"uploadDate\" content=\"2020-02-24T15:59:54Z\"><\/div><div id=\"lyte_zD0NqklU_bo\" data-src=\"https:\/\/fsk-kino.peripherfilm.de\/wp-content\/plugins\/wp-youtube-lyte\/lyteCache.php?origThumbUrl=https%3A%2F%2Fi.ytimg.com%2Fvi%2FzD0NqklU_bo%2Fhqdefault.jpg\" class=\"pL\"><div class=\"tC\"><div class=\"tT\" itemprop=\"name\"><span class=\"caps\">EXIL<\/span> I Offizieller Trailer deutsch I Jetzt im&nbsp;Kino<\/div><\/div><div class=\"play\"><\/div><div class=\"ctrl\"><div class=\"Lctrl\"><\/div><div class=\"Rctrl\"><\/div><\/div><\/div><noscript><a href=\"https:\/\/youtu.be\/zD0NqklU_bo\" rel=\"nofollow\"><img loading=\"lazy\" decoding=\"async\" src=\"https:\/\/fsk-kino.peripherfilm.de\/wp-content\/plugins\/wp-youtube-lyte\/lyteCache.php?origThumbUrl=https%3A%2F%2Fi.ytimg.com%2Fvi%2FzD0NqklU_bo%2F0.jpg\" alt=\"EXIL I Offizieller Trailer deutsch I Jetzt im Kino\" width=\"640\" height=\"340\"><br>Watch this video on YouTube<\/a><\/noscript><meta itemprop=\"description\" content=\"EXIL I Jetzt im Kino! Der im Kosovo geborene Xhafer (Mi\u0161el Maticevic) ist Pharmaingenieur, verheiratet, hat drei Kinder und lebt seit Jahren ein b\u00fcrgerliches Leben in einer mittelgro\u00dfen deutschen Stadt. Nach und nach beschleicht ihn jedoch das Gef\u00fchl, dass er an seinem Arbeitsplatz diskriminiert und schikaniert wird. Dieser Eindruck verst\u00e4rkt sich zusehends, und als er eines Tages eine tote Ratte an seinem Gartentor findet ist f\u00fcr ihn endg\u00fcltig klar: seine Kollegen haben hier ein rassistisches Statement gesetzt. Von da an wird jedes Ereignis, jedes Wort, jede Geste zu einem Anhaltspunkt, ja gar zu einem Beweis f\u00fcr seine These. Xhafers Unbehagen w\u00e4chst tagt\u00e4glich. Seine deutsche Frau Nora (Sandra H\u00fcller) hingegen ist es leid, dass ihr Mann hinter jeder Schwierigkeit Mobbing vermutet. M\u00f6gen seine Kollegen ihn wom\u00f6glich einfach nur nicht? Oder steckt doch mehr hinter den Anfeindungen? Die Vorf\u00e4lle, die Xhafers Ansichten best\u00e4tigen, h\u00e4ufen sich. Doch geschieht dies wirklich oder bildet er sich alles nur ein?EXIL von Regisseur Visar Morina (&quot;Babai&quot;) beschreibt die Chronik einer schleichend wachsenden, aber wom\u00f6glich imagin\u00e4ren Bedrohung. Xhafer begeht diese Gratwanderung als braver Familienvater und integrierter Spie\u00dfb\u00fcrger, der dennoch stets Abseits zu stehen scheint. Ein faszinierender Thriller \u00fcber Paranoia und Identit\u00e4t. Schwarz, surreal, mit Ankl\u00e4ngen ans Genrekino und gepaart mit eigenwilligem Humor. Seine Weltpremiere wird EXIL auf dem Sundance Filmfestival feiern. Die Deutschlandpremiere erfolgt im Panorama-Programm der Berlinale.\"><\/div><\/div><div class=\"lL\" style=\"max-width:100%;width:640px;margin:5px;\"><\/div>\n<p><a href=\"https:\/\/fsk-kino.peripherfilm.de\/en\/exil\/print\/\" title=\"Drucke diesen Beitrag\" rel=\"nofollow\"><img decoding=\"async\" class=\"WP-PrintIcon\" src=\"https:\/\/fsk-kino.peripherfilm.de\/wp-content\/plugins\/wp-print\/images\/printer_famfamfam.gif\" alt=\"Drucke diesen Beitrag\" title=\"Drucke diesen Beitrag\" style=\"border: 0px;\"><\/a><\/p>","protected":false},"excerpt":{"rendered":"<p>A film by Visar Morina. [Credits] [Tickets <span class=\"amp\">&amp;<\/span> Termine] [Trailer] First, there\u2019s a dead rat han\u00adging on the door of the house whe\u00adre Xhafer lives with his wife and child\u00adren. Then the emails he sends are \u2018acci\u00adden\u00adtal\u00adly\u2019 no lon\u00adger being recei\u00adved. The signs that this phar\u00admaceu\u00adti\u00adcal engi\u00adneer is being bul\u00adlied and haras\u00adsed in his workplace&nbsp;[\u2026]<\/p>\n","protected":false},"author":2,"featured_media":13412,"comment_status":"closed","ping_status":"closed","sticky":false,"template":"","format":"standard","meta":{"_crdt_document":"","wp_typography_post_enhancements_disabled":false,"slim_seo":{"title":"Exil - fsk Kino","description":"[:de] Ein Film von Visar Morina. [ Credits ] [ Tickets &amp; Termine ] [ Trailer ] Eigentlich ist Xhafer ja perfekt integriert. Er lebt und arbeitet schon lange"},"footnotes":""},"categories":[25],"tags":[],"class_list":["post-13409","post","type-post","status-publish","format-standard","has-post-thumbnail","hentry","category-archiv"],"_links":{"self":[{"href":"https:\/\/fsk-kino.peripherfilm.de\/en\/wp-json\/wp\/v2\/posts\/13409","targetHints":{"allow":["GET"]}}],"collection":[{"href":"https:\/\/fsk-kino.peripherfilm.de\/en\/wp-json\/wp\/v2\/posts"}],"about":[{"href":"https:\/\/fsk-kino.peripherfilm.de\/en\/wp-json\/wp\/v2\/types\/post"}],"author":[{"embeddable":true,"href":"https:\/\/fsk-kino.peripherfilm.de\/en\/wp-json\/wp\/v2\/users\/2"}],"replies":[{"embeddable":true,"href":"https:\/\/fsk-kino.peripherfilm.de\/en\/wp-json\/wp\/v2\/comments?post=13409"}],"version-history":[{"count":0,"href":"https:\/\/fsk-kino.peripherfilm.de\/en\/wp-json\/wp\/v2\/posts\/13409\/revisions"}],"wp:featuredmedia":[{"embeddable":true,"href":"https:\/\/fsk-kino.peripherfilm.de\/en\/wp-json\/wp\/v2\/media\/13412"}],"wp:attachment":[{"href":"https:\/\/fsk-kino.peripherfilm.de\/en\/wp-json\/wp\/v2\/media?parent=13409"}],"wp:term":[{"taxonomy":"category","embeddable":true,"href":"https:\/\/fsk-kino.peripherfilm.de\/en\/wp-json\/wp\/v2\/categories?post=13409"},{"taxonomy":"post_tag","embeddable":true,"href":"https:\/\/fsk-kino.peripherfilm.de\/en\/wp-json\/wp\/v2\/tags?post=13409"}],"curies":[{"name":"wp","href":"https:\/\/api.w.org\/{rel}","templated":true}]}}