{"id":13051,"date":"2020-02-29T19:36:27","date_gmt":"2020-02-29T18:36:27","guid":{"rendered":"https:\/\/fsk-kino.peripherfilm.de\/?p=13051"},"modified":"2021-02-15T13:49:02","modified_gmt":"2021-02-15T12:49:02","slug":"schlingensief-in-das-schweigen-hineinschreien","status":"publish","type":"post","link":"https:\/\/fsk-kino.peripherfilm.de\/en\/schlingensief-in-das-schweigen-hineinschreien\/","title":{"rendered":"Schlingensief \u2013 In das Schweigen hineinschreien"},"content":{"rendered":"<p class=\"qtranxs-available-languages-message qtranxs-available-languages-message-en\">Sorry, this ent\u00adry is only available in <a href=\"https:\/\/fsk-kino.peripherfilm.de\/de\/wp-json\/wp\/v2\/posts\/13051\" class=\"qtranxs-available-language-link qtranxs-available-language-link-de\" title=\"Deutsch\">Deutsch<\/a>.<\/p><p><\/p>\n<p style=\"text-align: left;\">Ein Film von Bettina B\u00f6hler.<\/p>\n<p style=\"text-align: right;\">[<a href=\"#credits\">Credits<\/a>] [<a href=\"https:\/\/booking.cinetixx.de\/frontend\/#\/event\/2278359999\/2231714787\">Tickets <span class=\"amp\">&amp;<\/span>Termine<\/a>] [<a href=\"#trailer\">Trailer<\/a>]<\/p>\n<p>Welch eine Freude, wie\u00adder ein\u00admal Christoph Schlingensief zuzu\u00adh\u00f6\u00adren und zuzu\u00adse\u00adhen! Die gedank\u00adli\u00adche Sch\u00e4rfe, die schel\u00admi\u00adsche Ironie und die poli\u00adti\u00adsche Klarheit, mit der er in Bettina B\u00f6hlers Film \u00fcber sich, sei\u00adne Kunst und sei\u00adne Filme spricht, las\u00adsen den Ausnahmek\u00fcnstler schmerz\u00adlich ver\u00admis\u00adsen, gleich\u00adzei\u00adtig aber auch quick\u00adle\u00adben\u00addig auf der gro\u00ad\u00dfen Leinwand auf\u00ader\u00adste\u00adhen. 2020 w\u00e4re Christoph Schlingensief 60 gewor\u00adden. Bettina B\u00f6hler ist das gro\u00ad\u00dfe Kunstst\u00fcck gelun\u00adgen, in nur zwei Stunden und aus\u00adschlie\u00df\u00adlich aus Archivmaterial ein Leben und ein Werk durch vir\u00adtuo\u00adsen Schnitt neu zu erz\u00e4h\u00adlen. Von Schlingensiefs ers\u00adten Super-8-Filmen bis zum Fluxus-Oratorium \u201eEine Kirche der Angst vor dem Fremden in mir\u201c umspannt ihr Film ein 40-j\u00e4h\u00adri\u00adges Schaffen und damit auch 40 Jahre (deutsch-)deutscher Geschichte, an der sich Schlingensief Zeit sei\u00adnes Lebens radi\u00adkal abge\u00adar\u00adbei\u00adtet hat. Meisterhaft mon\u00adtiert B\u00f6hler Filmausschnitte und Privatvideos, Theatermitschnitte und viel bis\u00adlang unver\u00ad\u00f6f\u00adfent\u00adlich\u00adtes, neu digi\u00adta\u00adli\u00adsier\u00adtes Material. Am Ende der Tour de Force bleibt die Frage: W\u00e4re Schlingensiefs Kunst heu\u00adte so noch denkbar?<\/p>\n<p>Das Filmgespr\u00e4ch mit Bettina B\u00f6hler am 23.8. kann man <a href=\"https:\/\/vimeo.com\/453258573\">hier<\/a> anschauen.<\/p>\n<div id=\"gallery-1\" class=\"gallery galleryid-13051 gallery-columns-3 gallery-size-thumbnail\"><figure class=\"gallery-item\">\n\t\t\t<div class=\"gallery-icon landscape\">\n\t\t\t\t<a href=\"https:\/\/fsk-kino.peripherfilm.de\/wp-content\/uploads\/2020\/02\/Schlingensief8.jpg\"><img loading=\"lazy\" decoding=\"async\" width=\"150\" height=\"150\" src=\"https:\/\/fsk-kino.peripherfilm.de\/wp-content\/uploads\/2020\/02\/Schlingensief8-150x150.jpg\" class=\"attachment-thumbnail size-thumbnail\" alt srcset=\"https:\/\/fsk-kino.peripherfilm.de\/wp-content\/uploads\/2020\/02\/Schlingensief8-150x150.jpg 150w, https:\/\/fsk-kino.peripherfilm.de\/wp-content\/uploads\/2020\/02\/Schlingensief8-100x100.jpg 100w\" sizes=\"auto, (max-width: 150px) 100vw, 150px\"><\/a>\n\t\t\t<\/div><\/figure><figure class=\"gallery-item\">\n\t\t\t<div class=\"gallery-icon landscape\">\n\t\t\t\t<a href=\"https:\/\/fsk-kino.peripherfilm.de\/wp-content\/uploads\/2020\/02\/Schlingensief7.jpg\"><img loading=\"lazy\" decoding=\"async\" width=\"150\" height=\"150\" src=\"https:\/\/fsk-kino.peripherfilm.de\/wp-content\/uploads\/2020\/02\/Schlingensief7-150x150.jpg\" class=\"attachment-thumbnail size-thumbnail\" alt srcset=\"https:\/\/fsk-kino.peripherfilm.de\/wp-content\/uploads\/2020\/02\/Schlingensief7-150x150.jpg 150w, https:\/\/fsk-kino.peripherfilm.de\/wp-content\/uploads\/2020\/02\/Schlingensief7-100x100.jpg 100w\" sizes=\"auto, (max-width: 150px) 100vw, 150px\"><\/a>\n\t\t\t<\/div><\/figure><figure class=\"gallery-item\">\n\t\t\t<div class=\"gallery-icon landscape\">\n\t\t\t\t<a href=\"https:\/\/fsk-kino.peripherfilm.de\/wp-content\/uploads\/2020\/02\/Schlingensief6.jpg\"><img loading=\"lazy\" decoding=\"async\" width=\"150\" height=\"150\" src=\"https:\/\/fsk-kino.peripherfilm.de\/wp-content\/uploads\/2020\/02\/Schlingensief6-150x150.jpg\" class=\"attachment-thumbnail size-thumbnail\" alt srcset=\"https:\/\/fsk-kino.peripherfilm.de\/wp-content\/uploads\/2020\/02\/Schlingensief6-150x150.jpg 150w, https:\/\/fsk-kino.peripherfilm.de\/wp-content\/uploads\/2020\/02\/Schlingensief6-100x100.jpg 100w\" sizes=\"auto, (max-width: 150px) 100vw, 150px\"><\/a>\n\t\t\t<\/div><\/figure><figure class=\"gallery-item\">\n\t\t\t<div class=\"gallery-icon landscape\">\n\t\t\t\t<a href=\"https:\/\/fsk-kino.peripherfilm.de\/wp-content\/uploads\/2020\/02\/Schlingensief5.jpg\"><img loading=\"lazy\" decoding=\"async\" width=\"150\" height=\"150\" src=\"https:\/\/fsk-kino.peripherfilm.de\/wp-content\/uploads\/2020\/02\/Schlingensief5-150x150.jpg\" class=\"attachment-thumbnail size-thumbnail\" alt srcset=\"https:\/\/fsk-kino.peripherfilm.de\/wp-content\/uploads\/2020\/02\/Schlingensief5-150x150.jpg 150w, https:\/\/fsk-kino.peripherfilm.de\/wp-content\/uploads\/2020\/02\/Schlingensief5-100x100.jpg 100w\" sizes=\"auto, (max-width: 150px) 100vw, 150px\"><\/a>\n\t\t\t<\/div><\/figure><figure class=\"gallery-item\">\n\t\t\t<div class=\"gallery-icon landscape\">\n\t\t\t\t<a href=\"https:\/\/fsk-kino.peripherfilm.de\/wp-content\/uploads\/2020\/02\/Schlingensief3.jpg\"><img loading=\"lazy\" decoding=\"async\" width=\"150\" height=\"150\" src=\"https:\/\/fsk-kino.peripherfilm.de\/wp-content\/uploads\/2020\/02\/Schlingensief3-150x150.jpg\" class=\"attachment-thumbnail size-thumbnail\" alt srcset=\"https:\/\/fsk-kino.peripherfilm.de\/wp-content\/uploads\/2020\/02\/Schlingensief3-150x150.jpg 150w, https:\/\/fsk-kino.peripherfilm.de\/wp-content\/uploads\/2020\/02\/Schlingensief3-100x100.jpg 100w\" sizes=\"auto, (max-width: 150px) 100vw, 150px\"><\/a>\n\t\t\t<\/div><\/figure><figure class=\"gallery-item\">\n\t\t\t<div class=\"gallery-icon landscape\">\n\t\t\t\t<a href=\"https:\/\/fsk-kino.peripherfilm.de\/wp-content\/uploads\/2020\/02\/Schlingensief2.jpg\"><img loading=\"lazy\" decoding=\"async\" width=\"150\" height=\"150\" src=\"https:\/\/fsk-kino.peripherfilm.de\/wp-content\/uploads\/2020\/02\/Schlingensief2-150x150.jpg\" class=\"attachment-thumbnail size-thumbnail\" alt srcset=\"https:\/\/fsk-kino.peripherfilm.de\/wp-content\/uploads\/2020\/02\/Schlingensief2-150x150.jpg 150w, https:\/\/fsk-kino.peripherfilm.de\/wp-content\/uploads\/2020\/02\/Schlingensief2-100x100.jpg 100w\" sizes=\"auto, (max-width: 150px) 100vw, 150px\"><\/a>\n\t\t\t<\/div><\/figure><figure class=\"gallery-item\">\n\t\t\t<div class=\"gallery-icon landscape\">\n\t\t\t\t<a href=\"https:\/\/fsk-kino.peripherfilm.de\/wp-content\/uploads\/2020\/02\/Schlingensief1.jpg\"><img loading=\"lazy\" decoding=\"async\" width=\"150\" height=\"150\" src=\"https:\/\/fsk-kino.peripherfilm.de\/wp-content\/uploads\/2020\/02\/Schlingensief1-150x150.jpg\" class=\"attachment-thumbnail size-thumbnail\" alt srcset=\"https:\/\/fsk-kino.peripherfilm.de\/wp-content\/uploads\/2020\/02\/Schlingensief1-150x150.jpg 150w, https:\/\/fsk-kino.peripherfilm.de\/wp-content\/uploads\/2020\/02\/Schlingensief1-100x100.jpg 100w\" sizes=\"auto, (max-width: 150px) 100vw, 150px\"><\/a>\n\t\t\t<\/div><\/figure>\n\t\t<\/div>\n\n<p>[nbsp]<br>\n<strong><a name=\"credits\"><\/a>Credits:<\/strong><\/p>\n<p><em><span class=\"caps\">DE<\/span> 2020, 124&nbsp;Min.,&nbsp;<\/em><br>\n<em>Regie, Buch, Schnitt: <a href=\"https:\/\/de.wikipedia.org\/wiki\/Bettina_B%C3%B6hler\">Bettina B\u00f6hler<\/a> <\/em><br>\n<em><span class=\"film-meta staff\">mit Christoph Schlingensief, Margit Carstensen, Irm Hermann, Alfred Edel, Udo&nbsp;Kier<\/span><\/em><\/p>\n<p><strong><a name=\"termine\"><\/a><\/strong><\/p>\n<p>[nbsp]<br>\n<strong><a name=\"trailer\"><\/a>Trailer:<\/strong><\/p>\n<div class=\"lyte-wrapper\" title=\"Schlingensief - In das Schweigen hineinschreien | Offizieller Trailer HD | Jetzt im Kino\" style=\"width:640px;max-width:100%;margin:5px;\"><div class=\"lyMe\" id=\"WYL_BL4joSuJT6Q\" itemprop=\"video\" itemscope itemtype=\"https:\/\/schema.org\/VideoObject\"><div><meta itemprop=\"thumbnailUrl\" content=\"https:\/\/fsk-kino.peripherfilm.de\/wp-content\/plugins\/wp-youtube-lyte\/lyteCache.php?origThumbUrl=https%3A%2F%2Fi.ytimg.com%2Fvi%2FBL4joSuJT6Q%2Fhqdefault.jpg\"><meta itemprop=\"embedURL\" content=\"https:\/\/www.youtube.com\/embed\/BL4joSuJT6Q\"><meta itemprop=\"duration\" content=\"PT1M58S\"><meta itemprop=\"uploadDate\" content=\"2020-02-21T09:55:06Z\"><\/div><div id=\"lyte_BL4joSuJT6Q\" data-src=\"https:\/\/fsk-kino.peripherfilm.de\/wp-content\/plugins\/wp-youtube-lyte\/lyteCache.php?origThumbUrl=https%3A%2F%2Fi.ytimg.com%2Fvi%2FBL4joSuJT6Q%2Fhqdefault.jpg\" class=\"pL\"><div class=\"tC\"><div class=\"tT\" itemprop=\"name\">Schlingensief \u2013 In das Schweigen hin\u00adein\u00adschrei\u00aden | Offizieller Trailer <span class=\"caps\">HD<\/span> | Jetzt im&nbsp;Kino<\/div><\/div><div class=\"play\"><\/div><div class=\"ctrl\"><div class=\"Lctrl\"><\/div><div class=\"Rctrl\"><\/div><\/div><\/div><noscript><a href=\"https:\/\/youtu.be\/BL4joSuJT6Q\" rel=\"nofollow\"><img loading=\"lazy\" decoding=\"async\" src=\"https:\/\/fsk-kino.peripherfilm.de\/wp-content\/plugins\/wp-youtube-lyte\/lyteCache.php?origThumbUrl=https%3A%2F%2Fi.ytimg.com%2Fvi%2FBL4joSuJT6Q%2F0.jpg\" alt=\"Schlingensief - In das Schweigen hineinschreien | Offizieller Trailer HD | Jetzt im Kino\" width=\"640\" height=\"340\"><br>Watch this video on YouTube<\/a><\/noscript><meta itemprop=\"description\" content=\"https:\/\/www.facebook.com\/Schlingensief.DerFilm \u201eWelch eine Freude, wieder einmal Christoph Schlingensief zuzuh\u00f6ren und zuzusehen! Die gedankliche Sch\u00e4rfe, die schelmische Ironie und die politische Klarheit, mit der er in Bettina B\u00f6hlers Film \u00fcber sich, seine Kunst und seine Filme spricht, lassen den Ausnahmek\u00fcnstler schmerzlich vermissen, gleichzeitig aber auch quicklebendig auf der gro\u00dfen Leinwand auferstehen.\u201c Berlinale Mit seinen \u201eHeimatfilmen\u201c, seinen Aktionen und Interventionen in Theater, Fernsehen, Oper und Kunst hat der Regisseur Christoph Schlingensief \u00fcber zwei Jahrzehnte den kulturellen und politischen Diskurs in Deutschland mitgepr\u00e4gt. Bettina B\u00f6hler unternimmt in ihrem virtuos montierten und ungemein unterhaltsamen Regiedeb\u00fct den Versuch, den Ausnahmek\u00fcnstler in seiner ganzen Bandbreite zu zeigen. Der Film durchlebt die ganze Entwicklung Schlingensiefs: vom quasi pubertierenden Filmemacher im Kunstblutrausch, \u00fcber den B\u00fchnenrevoluzzer von Berlin und Bayreuth bis hin zum Bestsellerautor, der kurz vor seinem Tod die Einladung erh\u00e4lt, den Deutschen Pavillon in Venedig zu gestalten. Dabei \u00fcbertr\u00e4gt sich die ungeb\u00e4ndigte Energie des Portr\u00e4tierten unwillk\u00fcrlich auf die Zuschauer.\"><\/div><\/div><div class=\"lL\" style=\"max-width:100%;width:640px;margin:5px;\"><\/div> film by Bettina B\u00f6hler. In German with English subtitles.\n<p style=\"text-align: right;\">[<a href=\"#credits\">Credits<\/a>] [<a href=\"https:\/\/booking.cinetixx.de\/frontend\/#\/event\/2278359999\/2231714787\">Tickets <span class=\"amp\">&amp;<\/span>Termine<\/a>] [<a href=\"#trailer\">Trailer<\/a>]<\/p>\n<p>What a joy it is to lis\u00adten to and watch Christoph Schlingensief once more! His razor-sharp mind, mischie\u00advous iro\u00adny and the poli\u00adti\u00adcal cla\u00adri\u00adty with which he talks about hims\u00adelf, his art and his films in Bettina B\u00f6hler\u2019s docu\u00admen\u00adta\u00adry make us keen\u00adly feel the loss of this excep\u00adtio\u00adnal artist. But at the same time, here he is, brought back to life on the big screen. In 2020, Christoph Schlingensief would have tur\u00adned 60. Bettina B\u00f6hler\u2019s bril\u00adli\u00adant\u00adly edi\u00adted work pulls off the con\u00adsidera\u00adble feat of retel\u00adling his life and oeu\u00advre exclu\u00adsi\u00adve\u00adly from archi\u00adve foo\u00adta\u00adge in just two hours. From Schlingensief\u2019s first Super 8mm films to his Fluxus Oratorio \u201cA Church of Fear vs. The Alien Within\u201d, her film spans for\u00adty years of crea\u00adti\u00advi\u00adty that also reflects for\u00adty years of (German-)German histo\u00adry, with which Schlingensief radi\u00adcal\u00adly enga\u00adged throug\u00adhout his life. B\u00f6hler mas\u00adterful\u00adly assem\u00adbles film clips and pri\u00adva\u00adte vide\u00ados, recor\u00addings of theat\u00adre per\u00adfor\u00adman\u00adces and copious hither\u00adto unpu\u00adblished and new\u00adly digi\u00adta\u00adli\u00adsed mate\u00adri\u00adal. At the end of this tour de force we are left with the ques\u00adti\u00adon: Would Schlingensief\u2019s art be con\u00adceiva\u00adble in this form&nbsp;today?<\/p>\n<div id=\"gallery-2\" class=\"gallery galleryid-13051 gallery-columns-3 gallery-size-thumbnail\"><figure class=\"gallery-item\">\n\t\t\t<div class=\"gallery-icon landscape\">\n\t\t\t\t<a href=\"https:\/\/fsk-kino.peripherfilm.de\/wp-content\/uploads\/2020\/02\/Schlingensief8.jpg\"><img loading=\"lazy\" decoding=\"async\" width=\"150\" height=\"150\" src=\"https:\/\/fsk-kino.peripherfilm.de\/wp-content\/uploads\/2020\/02\/Schlingensief8-150x150.jpg\" class=\"attachment-thumbnail size-thumbnail\" alt srcset=\"https:\/\/fsk-kino.peripherfilm.de\/wp-content\/uploads\/2020\/02\/Schlingensief8-150x150.jpg 150w, https:\/\/fsk-kino.peripherfilm.de\/wp-content\/uploads\/2020\/02\/Schlingensief8-100x100.jpg 100w\" sizes=\"auto, (max-width: 150px) 100vw, 150px\"><\/a>\n\t\t\t<\/div><\/figure><figure class=\"gallery-item\">\n\t\t\t<div class=\"gallery-icon landscape\">\n\t\t\t\t<a href=\"https:\/\/fsk-kino.peripherfilm.de\/wp-content\/uploads\/2020\/02\/Schlingensief7.jpg\"><img loading=\"lazy\" decoding=\"async\" width=\"150\" height=\"150\" src=\"https:\/\/fsk-kino.peripherfilm.de\/wp-content\/uploads\/2020\/02\/Schlingensief7-150x150.jpg\" class=\"attachment-thumbnail size-thumbnail\" alt srcset=\"https:\/\/fsk-kino.peripherfilm.de\/wp-content\/uploads\/2020\/02\/Schlingensief7-150x150.jpg 150w, https:\/\/fsk-kino.peripherfilm.de\/wp-content\/uploads\/2020\/02\/Schlingensief7-100x100.jpg 100w\" sizes=\"auto, (max-width: 150px) 100vw, 150px\"><\/a>\n\t\t\t<\/div><\/figure><figure class=\"gallery-item\">\n\t\t\t<div class=\"gallery-icon landscape\">\n\t\t\t\t<a href=\"https:\/\/fsk-kino.peripherfilm.de\/wp-content\/uploads\/2020\/02\/Schlingensief6.jpg\"><img loading=\"lazy\" decoding=\"async\" width=\"150\" height=\"150\" src=\"https:\/\/fsk-kino.peripherfilm.de\/wp-content\/uploads\/2020\/02\/Schlingensief6-150x150.jpg\" class=\"attachment-thumbnail size-thumbnail\" alt srcset=\"https:\/\/fsk-kino.peripherfilm.de\/wp-content\/uploads\/2020\/02\/Schlingensief6-150x150.jpg 150w, https:\/\/fsk-kino.peripherfilm.de\/wp-content\/uploads\/2020\/02\/Schlingensief6-100x100.jpg 100w\" sizes=\"auto, (max-width: 150px) 100vw, 150px\"><\/a>\n\t\t\t<\/div><\/figure><figure class=\"gallery-item\">\n\t\t\t<div class=\"gallery-icon landscape\">\n\t\t\t\t<a href=\"https:\/\/fsk-kino.peripherfilm.de\/wp-content\/uploads\/2020\/02\/Schlingensief5.jpg\"><img loading=\"lazy\" decoding=\"async\" width=\"150\" height=\"150\" src=\"https:\/\/fsk-kino.peripherfilm.de\/wp-content\/uploads\/2020\/02\/Schlingensief5-150x150.jpg\" class=\"attachment-thumbnail size-thumbnail\" alt srcset=\"https:\/\/fsk-kino.peripherfilm.de\/wp-content\/uploads\/2020\/02\/Schlingensief5-150x150.jpg 150w, https:\/\/fsk-kino.peripherfilm.de\/wp-content\/uploads\/2020\/02\/Schlingensief5-100x100.jpg 100w\" sizes=\"auto, (max-width: 150px) 100vw, 150px\"><\/a>\n\t\t\t<\/div><\/figure><figure class=\"gallery-item\">\n\t\t\t<div class=\"gallery-icon landscape\">\n\t\t\t\t<a href=\"https:\/\/fsk-kino.peripherfilm.de\/wp-content\/uploads\/2020\/02\/Schlingensief3.jpg\"><img loading=\"lazy\" decoding=\"async\" width=\"150\" height=\"150\" src=\"https:\/\/fsk-kino.peripherfilm.de\/wp-content\/uploads\/2020\/02\/Schlingensief3-150x150.jpg\" class=\"attachment-thumbnail size-thumbnail\" alt srcset=\"https:\/\/fsk-kino.peripherfilm.de\/wp-content\/uploads\/2020\/02\/Schlingensief3-150x150.jpg 150w, https:\/\/fsk-kino.peripherfilm.de\/wp-content\/uploads\/2020\/02\/Schlingensief3-100x100.jpg 100w\" sizes=\"auto, (max-width: 150px) 100vw, 150px\"><\/a>\n\t\t\t<\/div><\/figure><figure class=\"gallery-item\">\n\t\t\t<div class=\"gallery-icon landscape\">\n\t\t\t\t<a href=\"https:\/\/fsk-kino.peripherfilm.de\/wp-content\/uploads\/2020\/02\/Schlingensief2.jpg\"><img loading=\"lazy\" decoding=\"async\" width=\"150\" height=\"150\" src=\"https:\/\/fsk-kino.peripherfilm.de\/wp-content\/uploads\/2020\/02\/Schlingensief2-150x150.jpg\" class=\"attachment-thumbnail size-thumbnail\" alt srcset=\"https:\/\/fsk-kino.peripherfilm.de\/wp-content\/uploads\/2020\/02\/Schlingensief2-150x150.jpg 150w, https:\/\/fsk-kino.peripherfilm.de\/wp-content\/uploads\/2020\/02\/Schlingensief2-100x100.jpg 100w\" sizes=\"auto, (max-width: 150px) 100vw, 150px\"><\/a>\n\t\t\t<\/div><\/figure><figure class=\"gallery-item\">\n\t\t\t<div class=\"gallery-icon landscape\">\n\t\t\t\t<a href=\"https:\/\/fsk-kino.peripherfilm.de\/wp-content\/uploads\/2020\/02\/Schlingensief1.jpg\"><img loading=\"lazy\" decoding=\"async\" width=\"150\" height=\"150\" src=\"https:\/\/fsk-kino.peripherfilm.de\/wp-content\/uploads\/2020\/02\/Schlingensief1-150x150.jpg\" class=\"attachment-thumbnail size-thumbnail\" alt srcset=\"https:\/\/fsk-kino.peripherfilm.de\/wp-content\/uploads\/2020\/02\/Schlingensief1-150x150.jpg 150w, https:\/\/fsk-kino.peripherfilm.de\/wp-content\/uploads\/2020\/02\/Schlingensief1-100x100.jpg 100w\" sizes=\"auto, (max-width: 150px) 100vw, 150px\"><\/a>\n\t\t\t<\/div><\/figure>\n\t\t<\/div>\n\n<p>[nbsp]<br>\n<strong><a name=\"credits\"><\/a>Credits:<\/strong><\/p>\n<p><em><span class=\"caps\">DE<\/span> 2020, 124&nbsp;Min.,&nbsp;<\/em><br>\n<em>Regie, Buch, Schnitt: <a href=\"https:\/\/de.wikipedia.org\/wiki\/Bettina_B%C3%B6hler\">Bettina B\u00f6hler<\/a> <\/em><br>\n<em><span class=\"film-meta staff\">mit Christoph Schlingensief, Margit Carstensen, Irm Hermann, Alfred Edel, Udo&nbsp;Kier<\/span><\/em><\/p>\n<p><strong><a name=\"termine\"><\/a><\/strong>[nbsp]<br>\n<strong><a name=\"trailer\"><\/a>Trailer:<\/strong><\/p>\n<div class=\"lyte-wrapper\" title=\"Schlingensief - In das Schweigen hineinschreien | Offizieller Trailer HD | Jetzt im Kino\" style=\"width:640px;max-width:100%;margin:5px;\"><div class=\"lyMe\" id=\"WYL_BL4joSuJT6Q\" itemprop=\"video\" itemscope itemtype=\"https:\/\/schema.org\/VideoObject\"><div><meta itemprop=\"thumbnailUrl\" content=\"https:\/\/fsk-kino.peripherfilm.de\/wp-content\/plugins\/wp-youtube-lyte\/lyteCache.php?origThumbUrl=https%3A%2F%2Fi.ytimg.com%2Fvi%2FBL4joSuJT6Q%2Fhqdefault.jpg\"><meta itemprop=\"embedURL\" content=\"https:\/\/www.youtube.com\/embed\/BL4joSuJT6Q\"><meta itemprop=\"duration\" content=\"PT1M58S\"><meta itemprop=\"uploadDate\" content=\"2020-02-21T09:55:06Z\"><\/div><div id=\"lyte_BL4joSuJT6Q\" data-src=\"https:\/\/fsk-kino.peripherfilm.de\/wp-content\/plugins\/wp-youtube-lyte\/lyteCache.php?origThumbUrl=https%3A%2F%2Fi.ytimg.com%2Fvi%2FBL4joSuJT6Q%2Fhqdefault.jpg\" class=\"pL\"><div class=\"tC\"><div class=\"tT\" itemprop=\"name\">Schlingensief \u2013 In das Schweigen hin\u00adein\u00adschrei\u00aden | Offizieller Trailer <span class=\"caps\">HD<\/span> | Jetzt im&nbsp;Kino<\/div><\/div><div class=\"play\"><\/div><div class=\"ctrl\"><div class=\"Lctrl\"><\/div><div class=\"Rctrl\"><\/div><\/div><\/div><noscript><a href=\"https:\/\/youtu.be\/BL4joSuJT6Q\" rel=\"nofollow\"><img loading=\"lazy\" decoding=\"async\" src=\"https:\/\/fsk-kino.peripherfilm.de\/wp-content\/plugins\/wp-youtube-lyte\/lyteCache.php?origThumbUrl=https%3A%2F%2Fi.ytimg.com%2Fvi%2FBL4joSuJT6Q%2F0.jpg\" alt=\"Schlingensief - In das Schweigen hineinschreien | Offizieller Trailer HD | Jetzt im Kino\" width=\"640\" height=\"340\"><br>Watch this video on YouTube<\/a><\/noscript><meta itemprop=\"description\" content=\"https:\/\/www.facebook.com\/Schlingensief.DerFilm \u201eWelch eine Freude, wieder einmal Christoph Schlingensief zuzuh\u00f6ren und zuzusehen! Die gedankliche Sch\u00e4rfe, die schelmische Ironie und die politische Klarheit, mit der er in Bettina B\u00f6hlers Film \u00fcber sich, seine Kunst und seine Filme spricht, lassen den Ausnahmek\u00fcnstler schmerzlich vermissen, gleichzeitig aber auch quicklebendig auf der gro\u00dfen Leinwand auferstehen.\u201c Berlinale Mit seinen \u201eHeimatfilmen\u201c, seinen Aktionen und Interventionen in Theater, Fernsehen, Oper und Kunst hat der Regisseur Christoph Schlingensief \u00fcber zwei Jahrzehnte den kulturellen und politischen Diskurs in Deutschland mitgepr\u00e4gt. Bettina B\u00f6hler unternimmt in ihrem virtuos montierten und ungemein unterhaltsamen Regiedeb\u00fct den Versuch, den Ausnahmek\u00fcnstler in seiner ganzen Bandbreite zu zeigen. Der Film durchlebt die ganze Entwicklung Schlingensiefs: vom quasi pubertierenden Filmemacher im Kunstblutrausch, \u00fcber den B\u00fchnenrevoluzzer von Berlin und Bayreuth bis hin zum Bestsellerautor, der kurz vor seinem Tod die Einladung erh\u00e4lt, den Deutschen Pavillon in Venedig zu gestalten. Dabei \u00fcbertr\u00e4gt sich die ungeb\u00e4ndigte Energie des Portr\u00e4tierten unwillk\u00fcrlich auf die Zuschauer.\"><\/div><\/div><div class=\"lL\" style=\"max-width:100%;width:640px;margin:5px;\"><\/div>","protected":false},"excerpt":{"rendered":"<p>Sorry, this ent\u00adry is only available in Deutsch. Ein Film von Bettina B\u00f6hler. [Credits] [Tickets <span class=\"amp\">&amp;<\/span>Termine] [Trailer] Welch eine Freude, wie\u00adder ein\u00admal Christoph Schlingensief zuzu\u00adh\u00f6\u00adren und zuzu\u00adse\u00adhen! Die gedank\u00adli\u00adche Sch\u00e4rfe, die schel\u00admi\u00adsche Ironie und die poli\u00adti\u00adsche Klarheit, mit der er in Bettina B\u00f6hlers Film \u00fcber sich, sei\u00adne Kunst und sei\u00adne Filme spricht, las\u00adsen den Ausnahmek\u00fcnstler&nbsp;[\u2026]<\/p>\n","protected":false},"author":2,"featured_media":13057,"comment_status":"closed","ping_status":"closed","sticky":false,"template":"","format":"standard","meta":{"_crdt_document":"","wp_typography_post_enhancements_disabled":false,"slim_seo":{"title":"Schlingensief \u2013 In das Schweigen hineinschreien - fsk Kino","description":"[:de] Ein Film von Bettina B\u00f6hler. [ Credits ] [ Tickets &amp;Termine ] [ Trailer ] Welch eine Freude, wieder einmal Christoph Schlingensief zuzuh\u00f6ren und zuzus"},"footnotes":""},"categories":[25],"tags":[],"class_list":["post-13051","post","type-post","status-publish","format-standard","has-post-thumbnail","hentry","category-archiv"],"_links":{"self":[{"href":"https:\/\/fsk-kino.peripherfilm.de\/en\/wp-json\/wp\/v2\/posts\/13051","targetHints":{"allow":["GET"]}}],"collection":[{"href":"https:\/\/fsk-kino.peripherfilm.de\/en\/wp-json\/wp\/v2\/posts"}],"about":[{"href":"https:\/\/fsk-kino.peripherfilm.de\/en\/wp-json\/wp\/v2\/types\/post"}],"author":[{"embeddable":true,"href":"https:\/\/fsk-kino.peripherfilm.de\/en\/wp-json\/wp\/v2\/users\/2"}],"replies":[{"embeddable":true,"href":"https:\/\/fsk-kino.peripherfilm.de\/en\/wp-json\/wp\/v2\/comments?post=13051"}],"version-history":[{"count":0,"href":"https:\/\/fsk-kino.peripherfilm.de\/en\/wp-json\/wp\/v2\/posts\/13051\/revisions"}],"wp:featuredmedia":[{"embeddable":true,"href":"https:\/\/fsk-kino.peripherfilm.de\/en\/wp-json\/wp\/v2\/media\/13057"}],"wp:attachment":[{"href":"https:\/\/fsk-kino.peripherfilm.de\/en\/wp-json\/wp\/v2\/media?parent=13051"}],"wp:term":[{"taxonomy":"category","embeddable":true,"href":"https:\/\/fsk-kino.peripherfilm.de\/en\/wp-json\/wp\/v2\/categories?post=13051"},{"taxonomy":"post_tag","embeddable":true,"href":"https:\/\/fsk-kino.peripherfilm.de\/en\/wp-json\/wp\/v2\/tags?post=13051"}],"curies":[{"name":"wp","href":"https:\/\/api.w.org\/{rel}","templated":true}]}}