{"id":11865,"date":"2019-08-28T20:41:30","date_gmt":"2019-08-28T18:41:30","guid":{"rendered":"https:\/\/fsk-kino.peripherfilm.de\/?p=11865"},"modified":"2021-08-31T11:42:44","modified_gmt":"2021-08-31T09:42:44","slug":"portraet-einer-jungen-frau-in-flammen","status":"publish","type":"post","link":"https:\/\/fsk-kino.peripherfilm.de\/en\/portraet-einer-jungen-frau-in-flammen\/","title":{"rendered":"Portr\u00e4t einer jungen Frau in Flammen"},"content":{"rendered":"<p class=\"qtranxs-available-languages-message qtranxs-available-languages-message-en\">Sorry, this ent\u00adry is only available in <a href=\"https:\/\/fsk-kino.peripherfilm.de\/de\/wp-json\/wp\/v2\/posts\/11865\" class=\"qtranxs-available-language-link qtranxs-available-language-link-de\" title=\"Deutsch\">Deutsch<\/a>.<\/p><p><\/p>\n<p style=\"text-align: left;\">Ein Film von C\u00e9line Sciamma.<\/p>\n<p style=\"text-align: right;\">[<a href=\"#credits\">Credits<\/a>] [<a href=\"#termine\">Termine<\/a>] [<a href=\"#trailer\">Trailer<\/a>]<\/p>\n<p>Nach ihren drei aktu\u00adel\u00adlen Coming-of-Age-Filmen <a href=\"http:\/\/peripherfilm.de\/fsk-kino\/archiv\/Water%20Lilies.html\"><em>Water Lillies<\/em><\/a>, <a href=\"http:\/\/peripherfilm.de\/fsk-kino\/archiv\/Tomboy.html\"><em>Tomboy<\/em><\/a> und <a href=\"https:\/\/fsk-kino.peripherfilm.de\/bande-de-filles-omu\/\"><em>Bande de fil\u00adles<\/em><\/a> wagt sich Celine Sciamma mit <em>Portr\u00e4t einer jun\u00adgen Frau in Flammen<\/em> an einen \u201ewun\u00adder\u00adbar unkos\u00adt\u00fc\u00admiert wir\u00adken\u00adden\u201c (Die Zeit) Kost\u00fcmfilm \u2013 und gewinnt. Im Wettbewerb der Filmfestspiele von Cannes bekam sie nicht nur eupho\u00adri\u00adsche Reaktionen von Presse und Publikum, son\u00addern auch den Preis f\u00fcr das bes\u00adte Drehbuch, obwohl die S\u00fcddeutsche Zeitung schrieb: \u201eihr Film war so durch und durch unge\u00adw\u00f6hn\u00adlich und gro\u00df\u00adar\u00adtig, dass er auch jeden ande\u00adren Preis ver\u00addient&nbsp;h\u00e4tte.\u201c<\/p>\n<p><span class=\"dquo\">\u201e<\/span>Ende des 18. Jahrhunderts, auf einer abge\u00adle\u00adge\u00adnen Insel in der Bretagne: Die gesch\u00e4fts\u00adt\u00fcch\u00adti\u00adge Malerin Marianne (No\u00e9mie Merlant) soll ein Hochzeitsportr\u00e4t der ade\u00adli\u00adgen H\u00e9lo\u00efse (Adenel Haenel) anfer\u00adti\u00adgen. Das muss aller\u00addings heim\u00adlich gesche\u00adhen, denn H\u00e9lo\u00efse will gar nicht hei\u00adra\u00adten und wei\u00adgert sich zu posie\u00adren. Also gibt sich Marianne als Gesellschafterin aus. Sie&nbsp;beob\u00adach\u00adtet ihr Sujet bei lan\u00adgen gemein\u00adsa\u00admen Spazierg\u00e4ngen und malt H\u00e9lo\u00efse sp\u00e4\u00adter aus dem Ged\u00e4chtnis. Dabei kom\u00admen die bei\u00adden Frauen ein\u00adan\u00adder n\u00e4her. Als das Portr\u00e4t fer\u00adtig ist, gesteht Marianne den eigent\u00adli\u00adchen Inhalt ihres Auftrags. H\u00e9lo\u00efse aber ist mit dem Bild unzu\u00adfrie\u00adden und for\u00addert die K\u00fcnstlerin her\u00adaus, es noch ein zwei\u00adtes Mal zu versuchen.<\/p>\n<p>Die fran\u00adz\u00f6\u00adsi\u00adsche Regisseurin C\u00e9line Sciamma hat mit ihrem Film die gro\u00ad\u00dfen Themen der Moderne \u2013 indi\u00advi\u00addu\u00adel\u00adles Begehren, weib\u00adli\u00adche Emanzipation, b\u00fcr\u00adger\u00adli\u00adche Gleichheit \u2013 im Rahmen einer ber\u00fch\u00adren\u00adden Liebesgeschichte in Szene gesetzt. Ein per\u00adfek\u00adtes Drehbuch und bril\u00adlan\u00adte Hauptdarstellerinnen machen den Film selbst zu einem beweg\u00adten Gem\u00e4lde, bei dem Form und Inhalt zusam\u00admen\u00adkom\u00admen: Blicke pr\u00e4\u00adgen die Beziehungen, und Beziehungen pr\u00e4\u00adgen die Blicke.<\/p>\n<p>In der kur\u00adzen Zeit, die Marianne und H\u00e9lo\u00efse gemein\u00adsam haben, ver\u00adwirk\u00adli\u00adchen sie eine Art Utopia, in dem Subjekt und Objekt ein\u00adan\u00adder als Gleiche begeg\u00adnen und Klassenunterschiede vor\u00ad\u00fcber\u00adge\u00adhend auf\u00adge\u00adho\u00adben sind \u2013 auch das Dienstm\u00e4dchen Sophie ist ein Teil die\u00adser neu\u00aden Gesellschaft. Und auch wenn es f\u00fcr die Protagonistinnen in ihrer Zeit kein \u00bbHappy End\u00ab im kon\u00adven\u00adtio\u00adnel\u00adlen Sinn geben kann, so sind sie am Ende doch nicht an einer unm\u00f6g\u00adli\u00adchen Liebe zer\u00adbro\u00adchen, son\u00addern um die Erfahrung einer m\u00f6g\u00adli\u00adchen Liebe reicher.\u201c<br>\nFilm des Monats Oktober der evang. Filmarbeit<\/p>\n<p>&nbsp;<\/p>\n<div id=\"gallery-1\" class=\"gallery galleryid-11865 gallery-columns-3 gallery-size-thumbnail\"><figure class=\"gallery-item\">\n\t\t\t<div class=\"gallery-icon landscape\">\n\t\t\t\t<a href=\"https:\/\/fsk-kino.peripherfilm.de\/wp-content\/uploads\/2019\/08\/portaiteinerjungenfrauinflammen7.jpg\"><img loading=\"lazy\" decoding=\"async\" width=\"150\" height=\"150\" src=\"https:\/\/fsk-kino.peripherfilm.de\/wp-content\/uploads\/2019\/08\/portaiteinerjungenfrauinflammen7-150x150.jpg\" class=\"attachment-thumbnail size-thumbnail\" alt srcset=\"https:\/\/fsk-kino.peripherfilm.de\/wp-content\/uploads\/2019\/08\/portaiteinerjungenfrauinflammen7-150x150.jpg 150w, https:\/\/fsk-kino.peripherfilm.de\/wp-content\/uploads\/2019\/08\/portaiteinerjungenfrauinflammen7-100x100.jpg 100w\" sizes=\"auto, (max-width: 150px) 100vw, 150px\"><\/a>\n\t\t\t<\/div><\/figure><figure class=\"gallery-item\">\n\t\t\t<div class=\"gallery-icon landscape\">\n\t\t\t\t<a href=\"https:\/\/fsk-kino.peripherfilm.de\/wp-content\/uploads\/2019\/08\/portaiteinerjungenfrauinflammen1.jpg\"><img loading=\"lazy\" decoding=\"async\" width=\"150\" height=\"150\" src=\"https:\/\/fsk-kino.peripherfilm.de\/wp-content\/uploads\/2019\/08\/portaiteinerjungenfrauinflammen1-150x150.jpg\" class=\"attachment-thumbnail size-thumbnail\" alt srcset=\"https:\/\/fsk-kino.peripherfilm.de\/wp-content\/uploads\/2019\/08\/portaiteinerjungenfrauinflammen1-150x150.jpg 150w, https:\/\/fsk-kino.peripherfilm.de\/wp-content\/uploads\/2019\/08\/portaiteinerjungenfrauinflammen1-100x100.jpg 100w\" sizes=\"auto, (max-width: 150px) 100vw, 150px\"><\/a>\n\t\t\t<\/div><\/figure><figure class=\"gallery-item\">\n\t\t\t<div class=\"gallery-icon landscape\">\n\t\t\t\t<a href=\"https:\/\/fsk-kino.peripherfilm.de\/wp-content\/uploads\/2019\/08\/portaiteinerjungenfrauinflammen5.jpg\"><img loading=\"lazy\" decoding=\"async\" width=\"150\" height=\"150\" src=\"https:\/\/fsk-kino.peripherfilm.de\/wp-content\/uploads\/2019\/08\/portaiteinerjungenfrauinflammen5-150x150.jpg\" class=\"attachment-thumbnail size-thumbnail\" alt srcset=\"https:\/\/fsk-kino.peripherfilm.de\/wp-content\/uploads\/2019\/08\/portaiteinerjungenfrauinflammen5-150x150.jpg 150w, https:\/\/fsk-kino.peripherfilm.de\/wp-content\/uploads\/2019\/08\/portaiteinerjungenfrauinflammen5-100x100.jpg 100w\" sizes=\"auto, (max-width: 150px) 100vw, 150px\"><\/a>\n\t\t\t<\/div><\/figure><figure class=\"gallery-item\">\n\t\t\t<div class=\"gallery-icon landscape\">\n\t\t\t\t<a href=\"https:\/\/fsk-kino.peripherfilm.de\/wp-content\/uploads\/2019\/08\/portaiteinerjungenfrauinflammen4.jpg\"><img loading=\"lazy\" decoding=\"async\" width=\"150\" height=\"150\" src=\"https:\/\/fsk-kino.peripherfilm.de\/wp-content\/uploads\/2019\/08\/portaiteinerjungenfrauinflammen4-150x150.jpg\" class=\"attachment-thumbnail size-thumbnail\" alt srcset=\"https:\/\/fsk-kino.peripherfilm.de\/wp-content\/uploads\/2019\/08\/portaiteinerjungenfrauinflammen4-150x150.jpg 150w, https:\/\/fsk-kino.peripherfilm.de\/wp-content\/uploads\/2019\/08\/portaiteinerjungenfrauinflammen4-100x100.jpg 100w\" sizes=\"auto, (max-width: 150px) 100vw, 150px\"><\/a>\n\t\t\t<\/div><\/figure><figure class=\"gallery-item\">\n\t\t\t<div class=\"gallery-icon landscape\">\n\t\t\t\t<a href=\"https:\/\/fsk-kino.peripherfilm.de\/wp-content\/uploads\/2019\/08\/portaiteinerjungenfrauinflammen2.jpg\"><img loading=\"lazy\" decoding=\"async\" width=\"150\" height=\"150\" src=\"https:\/\/fsk-kino.peripherfilm.de\/wp-content\/uploads\/2019\/08\/portaiteinerjungenfrauinflammen2-150x150.jpg\" class=\"attachment-thumbnail size-thumbnail\" alt srcset=\"https:\/\/fsk-kino.peripherfilm.de\/wp-content\/uploads\/2019\/08\/portaiteinerjungenfrauinflammen2-150x150.jpg 150w, https:\/\/fsk-kino.peripherfilm.de\/wp-content\/uploads\/2019\/08\/portaiteinerjungenfrauinflammen2-100x100.jpg 100w\" sizes=\"auto, (max-width: 150px) 100vw, 150px\"><\/a>\n\t\t\t<\/div><\/figure><figure class=\"gallery-item\">\n\t\t\t<div class=\"gallery-icon landscape\">\n\t\t\t\t<a href=\"https:\/\/fsk-kino.peripherfilm.de\/wp-content\/uploads\/2019\/08\/portaiteinerjungenfrauinflammen6.jpg\"><img loading=\"lazy\" decoding=\"async\" width=\"150\" height=\"150\" src=\"https:\/\/fsk-kino.peripherfilm.de\/wp-content\/uploads\/2019\/08\/portaiteinerjungenfrauinflammen6-150x150.jpg\" class=\"attachment-thumbnail size-thumbnail\" alt srcset=\"https:\/\/fsk-kino.peripherfilm.de\/wp-content\/uploads\/2019\/08\/portaiteinerjungenfrauinflammen6-150x150.jpg 150w, https:\/\/fsk-kino.peripherfilm.de\/wp-content\/uploads\/2019\/08\/portaiteinerjungenfrauinflammen6-100x100.jpg 100w\" sizes=\"auto, (max-width: 150px) 100vw, 150px\"><\/a>\n\t\t\t<\/div><\/figure>\n\t\t<\/div>\n\n<p>[nbsp]<\/p>\n<p><strong><a name=\"credits\"><\/a>Credits:<\/strong><\/p>\n<p><em>Portrait de la jeu\u00adne fil\u00adle en&nbsp;feu<\/em><br>\n<em><span class=\"caps\">FR<\/span> 2019, 113 Min., frz.&nbsp;OmU<\/em><br>\n<em>Regie <span class=\"amp\">&amp;<\/span> Buch: <a href=\"https:\/\/de.wikipedia.org\/wiki\/C%C3%A9line_Sciamma\">C\u00e9line Sciamma<\/a><\/em><br>\n<em>Kamera: Claire Mathon<\/em><br>\n<em>Schnitt: Julien Lacheray<\/em><br>\n<em>mit: No\u00e9mie Merlant, Ad\u00e8le Haenel, Valeria Golino<\/em><\/p>\n<p><strong><a name=\"termine\"><\/a>Termine:<\/strong><\/p>\n\n\n\t<ul id class=\"eo-events eo-events-shortcode\"> \n\t\t<li class=\"eo-no-events\"> noch kei\u00adne oder kei\u00adne&nbsp;mehr&nbsp;<\/li>\n\t<\/ul>\n\n\n<p>[nbsp]<br>\n<strong><a name=\"trailer\"><\/a>Trailer:<\/strong><\/p>\n<div class=\"lyte-wrapper\" title=\"Trailer \u00abPortrait de la jeune fille en feu\u00bb von C\u00e9line Sciamma (OV mit deutschen Untertiteln)\" style=\"width:640px;max-width:100%;margin:5px;\"><div class=\"lyMe\" id=\"WYL_0TlJt31Bj00\" itemprop=\"video\" itemscope itemtype=\"https:\/\/schema.org\/VideoObject\"><div><meta itemprop=\"thumbnailUrl\" content=\"https:\/\/fsk-kino.peripherfilm.de\/wp-content\/plugins\/wp-youtube-lyte\/lyteCache.php?origThumbUrl=https%3A%2F%2Fi.ytimg.com%2Fvi%2F0TlJt31Bj00%2Fhqdefault.jpg\"><meta itemprop=\"embedURL\" content=\"https:\/\/www.youtube.com\/embed\/0TlJt31Bj00\"><meta itemprop=\"duration\" content=\"PT1M58S\"><meta itemprop=\"uploadDate\" content=\"2019-08-22T13:41:05Z\"><\/div><div id=\"lyte_0TlJt31Bj00\" data-src=\"https:\/\/fsk-kino.peripherfilm.de\/wp-content\/plugins\/wp-youtube-lyte\/lyteCache.php?origThumbUrl=https%3A%2F%2Fi.ytimg.com%2Fvi%2F0TlJt31Bj00%2Fhqdefault.jpg\" class=\"pL\"><div class=\"tC\"><div class=\"tT\" itemprop=\"name\">Trailer \u00abPortrait de la jeu\u00adne fil\u00adle en feu\u00bb von C\u00e9line Sciamma (<span class=\"caps\">OV<\/span> mit deut\u00adschen Untertiteln)<\/div><\/div><div class=\"play\"><\/div><div class=\"ctrl\"><div class=\"Lctrl\"><\/div><div class=\"Rctrl\"><\/div><\/div><\/div><noscript><a href=\"https:\/\/youtu.be\/0TlJt31Bj00\" rel=\"nofollow\"><img loading=\"lazy\" decoding=\"async\" src=\"https:\/\/fsk-kino.peripherfilm.de\/wp-content\/plugins\/wp-youtube-lyte\/lyteCache.php?origThumbUrl=https%3A%2F%2Fi.ytimg.com%2Fvi%2F0TlJt31Bj00%2F0.jpg\" alt=\"Trailer \u00abPortrait de la jeune fille en feu\u00bb von C\u00e9line Sciamma (OV mit deutschen Untertiteln)\" width=\"640\" height=\"340\"><br>Watch this video on YouTube<\/a><\/noscript><meta itemprop=\"description\" content=\"Bretagne, 1770. Die Malerin Marianne wird beauftragt, die adelige Braut H\u00e9lo\u00efse zu portr\u00e4tieren. Diese verwehrt sich jedoch dem Erstellen eines Hochzeitsportr\u00e4ts und damit indirekt der Hochzeit selbst. So muss Marianne einen Weg finden, die rebellische H\u00e9lo\u00efse im Geheimen zu malen. Nach \u00abTomboy\u00bb und \u00abBande de filles\u00bb hat C\u00e9line Sciamma eine malerische Liebesgeschichte geschaffen, die im diesj\u00e4hrigen Cannes-Wettbewerb nicht unbemerkt blieb. Die Regisseurin und Drehbuchautorin, unter anderem bekannt f\u00fcr ihre Arbeit im Animationshit \u00abMa vie de Courgette\u00bb, erhielt f\u00fcr \u00abPortrait de la jeune fille en feu\u00bb die Palme f\u00fcr das Beste Drehbuch. Viel Lob erhielten auch die beiden Hauptdarstellerinnen Ad\u00e8le Haenel und No\u00e9mie Merlant. Ab dem 24. Oktober in den Schweizer Kinos.\"><\/div><\/div><div class=\"lL\" style=\"max-width:100%;width:640px;margin:5px;\"><\/div> film by C\u00e9line Sciamma.&nbsp; In French with German subtitles\n<p style=\"text-align: right;\">[<a href=\"#credits\">Credits<\/a>] [<a href=\"#termine\">Termine<\/a>] [<a href=\"#trailer\">Trailer<\/a>]<\/p>\n<p>France, 1770. Marianne, a pain\u00adter, is com\u00admis\u00adsio\u00adned to do the wed\u00adding por\u00adtrait of H\u00e9lo\u00efse, a young woman who has just left the con\u00advent. H\u00e9lo\u00efse is a reluc\u00adtant bri\u00adde to be and Marianne must paint her wit\u00adhout her kno\u00adwing. She obser\u00adves her by day, to paint her secretly.<\/p>\n<div id=\"gallery-2\" class=\"gallery galleryid-11865 gallery-columns-3 gallery-size-thumbnail\"><figure class=\"gallery-item\">\n\t\t\t<div class=\"gallery-icon landscape\">\n\t\t\t\t<a href=\"https:\/\/fsk-kino.peripherfilm.de\/wp-content\/uploads\/2019\/08\/portaiteinerjungenfrauinflammen7.jpg\"><img loading=\"lazy\" decoding=\"async\" width=\"150\" height=\"150\" src=\"https:\/\/fsk-kino.peripherfilm.de\/wp-content\/uploads\/2019\/08\/portaiteinerjungenfrauinflammen7-150x150.jpg\" class=\"attachment-thumbnail size-thumbnail\" alt srcset=\"https:\/\/fsk-kino.peripherfilm.de\/wp-content\/uploads\/2019\/08\/portaiteinerjungenfrauinflammen7-150x150.jpg 150w, https:\/\/fsk-kino.peripherfilm.de\/wp-content\/uploads\/2019\/08\/portaiteinerjungenfrauinflammen7-100x100.jpg 100w\" sizes=\"auto, (max-width: 150px) 100vw, 150px\"><\/a>\n\t\t\t<\/div><\/figure><figure class=\"gallery-item\">\n\t\t\t<div class=\"gallery-icon landscape\">\n\t\t\t\t<a href=\"https:\/\/fsk-kino.peripherfilm.de\/wp-content\/uploads\/2019\/08\/portaiteinerjungenfrauinflammen1.jpg\"><img loading=\"lazy\" decoding=\"async\" width=\"150\" height=\"150\" src=\"https:\/\/fsk-kino.peripherfilm.de\/wp-content\/uploads\/2019\/08\/portaiteinerjungenfrauinflammen1-150x150.jpg\" class=\"attachment-thumbnail size-thumbnail\" alt srcset=\"https:\/\/fsk-kino.peripherfilm.de\/wp-content\/uploads\/2019\/08\/portaiteinerjungenfrauinflammen1-150x150.jpg 150w, https:\/\/fsk-kino.peripherfilm.de\/wp-content\/uploads\/2019\/08\/portaiteinerjungenfrauinflammen1-100x100.jpg 100w\" sizes=\"auto, (max-width: 150px) 100vw, 150px\"><\/a>\n\t\t\t<\/div><\/figure><figure class=\"gallery-item\">\n\t\t\t<div class=\"gallery-icon landscape\">\n\t\t\t\t<a href=\"https:\/\/fsk-kino.peripherfilm.de\/wp-content\/uploads\/2019\/08\/portaiteinerjungenfrauinflammen5.jpg\"><img loading=\"lazy\" decoding=\"async\" width=\"150\" height=\"150\" src=\"https:\/\/fsk-kino.peripherfilm.de\/wp-content\/uploads\/2019\/08\/portaiteinerjungenfrauinflammen5-150x150.jpg\" class=\"attachment-thumbnail size-thumbnail\" alt srcset=\"https:\/\/fsk-kino.peripherfilm.de\/wp-content\/uploads\/2019\/08\/portaiteinerjungenfrauinflammen5-150x150.jpg 150w, https:\/\/fsk-kino.peripherfilm.de\/wp-content\/uploads\/2019\/08\/portaiteinerjungenfrauinflammen5-100x100.jpg 100w\" sizes=\"auto, (max-width: 150px) 100vw, 150px\"><\/a>\n\t\t\t<\/div><\/figure><figure class=\"gallery-item\">\n\t\t\t<div class=\"gallery-icon landscape\">\n\t\t\t\t<a href=\"https:\/\/fsk-kino.peripherfilm.de\/wp-content\/uploads\/2019\/08\/portaiteinerjungenfrauinflammen4.jpg\"><img loading=\"lazy\" decoding=\"async\" width=\"150\" height=\"150\" src=\"https:\/\/fsk-kino.peripherfilm.de\/wp-content\/uploads\/2019\/08\/portaiteinerjungenfrauinflammen4-150x150.jpg\" class=\"attachment-thumbnail size-thumbnail\" alt srcset=\"https:\/\/fsk-kino.peripherfilm.de\/wp-content\/uploads\/2019\/08\/portaiteinerjungenfrauinflammen4-150x150.jpg 150w, https:\/\/fsk-kino.peripherfilm.de\/wp-content\/uploads\/2019\/08\/portaiteinerjungenfrauinflammen4-100x100.jpg 100w\" sizes=\"auto, (max-width: 150px) 100vw, 150px\"><\/a>\n\t\t\t<\/div><\/figure><figure class=\"gallery-item\">\n\t\t\t<div class=\"gallery-icon landscape\">\n\t\t\t\t<a href=\"https:\/\/fsk-kino.peripherfilm.de\/wp-content\/uploads\/2019\/08\/portaiteinerjungenfrauinflammen2.jpg\"><img loading=\"lazy\" decoding=\"async\" width=\"150\" height=\"150\" src=\"https:\/\/fsk-kino.peripherfilm.de\/wp-content\/uploads\/2019\/08\/portaiteinerjungenfrauinflammen2-150x150.jpg\" class=\"attachment-thumbnail size-thumbnail\" alt srcset=\"https:\/\/fsk-kino.peripherfilm.de\/wp-content\/uploads\/2019\/08\/portaiteinerjungenfrauinflammen2-150x150.jpg 150w, https:\/\/fsk-kino.peripherfilm.de\/wp-content\/uploads\/2019\/08\/portaiteinerjungenfrauinflammen2-100x100.jpg 100w\" sizes=\"auto, (max-width: 150px) 100vw, 150px\"><\/a>\n\t\t\t<\/div><\/figure><figure class=\"gallery-item\">\n\t\t\t<div class=\"gallery-icon landscape\">\n\t\t\t\t<a href=\"https:\/\/fsk-kino.peripherfilm.de\/wp-content\/uploads\/2019\/08\/portaiteinerjungenfrauinflammen6.jpg\"><img loading=\"lazy\" decoding=\"async\" width=\"150\" height=\"150\" src=\"https:\/\/fsk-kino.peripherfilm.de\/wp-content\/uploads\/2019\/08\/portaiteinerjungenfrauinflammen6-150x150.jpg\" class=\"attachment-thumbnail size-thumbnail\" alt srcset=\"https:\/\/fsk-kino.peripherfilm.de\/wp-content\/uploads\/2019\/08\/portaiteinerjungenfrauinflammen6-150x150.jpg 150w, https:\/\/fsk-kino.peripherfilm.de\/wp-content\/uploads\/2019\/08\/portaiteinerjungenfrauinflammen6-100x100.jpg 100w\" sizes=\"auto, (max-width: 150px) 100vw, 150px\"><\/a>\n\t\t\t<\/div><\/figure>\n\t\t<\/div>\n\n<p>[nbsp]<br>\n<strong><a name=\"credits\"><\/a>Credits:<\/strong><\/p>\n<p><em>Portrait de la jeu\u00adne fil\u00adle en&nbsp;feu<\/em><br>\n<em><span class=\"caps\">FR<\/span> 2019, 113 Min., frz.&nbsp;OmU<\/em><br>\n<em>Regie <span class=\"amp\">&amp;<\/span> Buch: <a href=\"https:\/\/de.wikipedia.org\/wiki\/C%C3%A9line_Sciamma\">C\u00e9line Sciamma<\/a><\/em><br>\n<em>Kamera: Claire Mathon<\/em><br>\n<em>Schnitt: Julien Lacheray<\/em><br>\n<em>mit: No\u00e9mie Merlant, Ad\u00e8le Haenel, Valeria Golino<\/em><\/p>\n<p><strong><a name=\"termine\"><\/a>Termine:<\/strong><\/p>\n\n\n\t<ul id class=\"eo-events eo-events-shortcode\"> \n\t\t<li class=\"eo-no-events\"> noch kei\u00adne oder kei\u00adne&nbsp;mehr&nbsp;<\/li>\n\t<\/ul>\n\n\n<p>[nbsp]<br>\n<strong><a name=\"trailer\"><\/a>Trailer:<\/strong><\/p>\n<div class=\"lyte-wrapper\" title=\"Trailer \u00abPortrait de la jeune fille en feu\u00bb von C\u00e9line Sciamma (OV mit deutschen Untertiteln)\" style=\"width:640px;max-width:100%;margin:5px;\"><div class=\"lyMe\" id=\"WYL_0TlJt31Bj00\" itemprop=\"video\" itemscope itemtype=\"https:\/\/schema.org\/VideoObject\"><div><meta itemprop=\"thumbnailUrl\" content=\"https:\/\/fsk-kino.peripherfilm.de\/wp-content\/plugins\/wp-youtube-lyte\/lyteCache.php?origThumbUrl=https%3A%2F%2Fi.ytimg.com%2Fvi%2F0TlJt31Bj00%2Fhqdefault.jpg\"><meta itemprop=\"embedURL\" content=\"https:\/\/www.youtube.com\/embed\/0TlJt31Bj00\"><meta itemprop=\"duration\" content=\"PT1M58S\"><meta itemprop=\"uploadDate\" content=\"2019-08-22T13:41:05Z\"><\/div><div id=\"lyte_0TlJt31Bj00\" data-src=\"https:\/\/fsk-kino.peripherfilm.de\/wp-content\/plugins\/wp-youtube-lyte\/lyteCache.php?origThumbUrl=https%3A%2F%2Fi.ytimg.com%2Fvi%2F0TlJt31Bj00%2Fhqdefault.jpg\" class=\"pL\"><div class=\"tC\"><div class=\"tT\" itemprop=\"name\">Trailer \u00abPortrait de la jeu\u00adne fil\u00adle en feu\u00bb von C\u00e9line Sciamma (<span class=\"caps\">OV<\/span> mit deut\u00adschen Untertiteln)<\/div><\/div><div class=\"play\"><\/div><div class=\"ctrl\"><div class=\"Lctrl\"><\/div><div class=\"Rctrl\"><\/div><\/div><\/div><noscript><a href=\"https:\/\/youtu.be\/0TlJt31Bj00\" rel=\"nofollow\"><img loading=\"lazy\" decoding=\"async\" src=\"https:\/\/fsk-kino.peripherfilm.de\/wp-content\/plugins\/wp-youtube-lyte\/lyteCache.php?origThumbUrl=https%3A%2F%2Fi.ytimg.com%2Fvi%2F0TlJt31Bj00%2F0.jpg\" alt=\"Trailer \u00abPortrait de la jeune fille en feu\u00bb von C\u00e9line Sciamma (OV mit deutschen Untertiteln)\" width=\"640\" height=\"340\"><br>Watch this video on YouTube<\/a><\/noscript><meta itemprop=\"description\" content=\"Bretagne, 1770. Die Malerin Marianne wird beauftragt, die adelige Braut H\u00e9lo\u00efse zu portr\u00e4tieren. Diese verwehrt sich jedoch dem Erstellen eines Hochzeitsportr\u00e4ts und damit indirekt der Hochzeit selbst. So muss Marianne einen Weg finden, die rebellische H\u00e9lo\u00efse im Geheimen zu malen. Nach \u00abTomboy\u00bb und \u00abBande de filles\u00bb hat C\u00e9line Sciamma eine malerische Liebesgeschichte geschaffen, die im diesj\u00e4hrigen Cannes-Wettbewerb nicht unbemerkt blieb. Die Regisseurin und Drehbuchautorin, unter anderem bekannt f\u00fcr ihre Arbeit im Animationshit \u00abMa vie de Courgette\u00bb, erhielt f\u00fcr \u00abPortrait de la jeune fille en feu\u00bb die Palme f\u00fcr das Beste Drehbuch. Viel Lob erhielten auch die beiden Hauptdarstellerinnen Ad\u00e8le Haenel und No\u00e9mie Merlant. Ab dem 24. Oktober in den Schweizer Kinos.\"><\/div><\/div><div class=\"lL\" style=\"max-width:100%;width:640px;margin:5px;\"><\/div>","protected":false},"excerpt":{"rendered":"<p>Sorry, this ent\u00adry is only available in Deutsch. Ein Film von C\u00e9line Sciamma. [Credits] [Termine] [Trailer] Nach ihren drei aktu\u00adel\u00adlen Coming-of-Age-Filmen Water Lillies, Tomboy und Bande de fil\u00adles wagt sich Celine Sciamma mit Portr\u00e4t einer jun\u00adgen Frau in Flammen an einen \u201ewun\u00adder\u00adbar unkos\u00adt\u00fc\u00admiert wir\u00adken\u00adden\u201c (Die Zeit) Kost\u00fcmfilm \u2013 und gewinnt. Im Wettbewerb der Filmfestspiele von&nbsp;[\u2026]<\/p>\n","protected":false},"author":2,"featured_media":11872,"comment_status":"closed","ping_status":"closed","sticky":false,"template":"","format":"standard","meta":{"_crdt_document":"","wp_typography_post_enhancements_disabled":false,"slim_seo":{"title":"Portr\u00e4t einer jungen Frau in Flammen - fsk Kino","description":"[:de] Ein Film von C\u00e9line Sciamma. [ Credits ] [ Termine ] [ Trailer ] Nach ihren drei aktuellen Coming-of-Age-Filmen Water Lillies , Tomboy und Bande de filles"},"footnotes":""},"categories":[25],"tags":[],"class_list":["post-11865","post","type-post","status-publish","format-standard","has-post-thumbnail","hentry","category-archiv"],"_links":{"self":[{"href":"https:\/\/fsk-kino.peripherfilm.de\/en\/wp-json\/wp\/v2\/posts\/11865","targetHints":{"allow":["GET"]}}],"collection":[{"href":"https:\/\/fsk-kino.peripherfilm.de\/en\/wp-json\/wp\/v2\/posts"}],"about":[{"href":"https:\/\/fsk-kino.peripherfilm.de\/en\/wp-json\/wp\/v2\/types\/post"}],"author":[{"embeddable":true,"href":"https:\/\/fsk-kino.peripherfilm.de\/en\/wp-json\/wp\/v2\/users\/2"}],"replies":[{"embeddable":true,"href":"https:\/\/fsk-kino.peripherfilm.de\/en\/wp-json\/wp\/v2\/comments?post=11865"}],"version-history":[{"count":0,"href":"https:\/\/fsk-kino.peripherfilm.de\/en\/wp-json\/wp\/v2\/posts\/11865\/revisions"}],"wp:featuredmedia":[{"embeddable":true,"href":"https:\/\/fsk-kino.peripherfilm.de\/en\/wp-json\/wp\/v2\/media\/11872"}],"wp:attachment":[{"href":"https:\/\/fsk-kino.peripherfilm.de\/en\/wp-json\/wp\/v2\/media?parent=11865"}],"wp:term":[{"taxonomy":"category","embeddable":true,"href":"https:\/\/fsk-kino.peripherfilm.de\/en\/wp-json\/wp\/v2\/categories?post=11865"},{"taxonomy":"post_tag","embeddable":true,"href":"https:\/\/fsk-kino.peripherfilm.de\/en\/wp-json\/wp\/v2\/tags?post=11865"}],"curies":[{"name":"wp","href":"https:\/\/api.w.org\/{rel}","templated":true}]}}