{"id":11802,"date":"2019-08-22T13:52:38","date_gmt":"2019-08-22T11:52:38","guid":{"rendered":"https:\/\/fsk-kino.peripherfilm.de\/?p=11802"},"modified":"2021-08-31T11:42:44","modified_gmt":"2021-08-31T09:42:44","slug":"gelobt-sei-gott","status":"publish","type":"post","link":"https:\/\/fsk-kino.peripherfilm.de\/en\/gelobt-sei-gott\/","title":{"rendered":"Gelobt sei&nbsp;Gott"},"content":{"rendered":"<p class=\"qtranxs-available-languages-message qtranxs-available-languages-message-en\">Sorry, this ent\u00adry is only available in <a href=\"https:\/\/fsk-kino.peripherfilm.de\/de\/wp-json\/wp\/v2\/posts\/11802\" class=\"qtranxs-available-language-link qtranxs-available-language-link-de\" title=\"Deutsch\">Deutsch<\/a>.<\/p><p><\/p>\n<p style=\"text-align: left;\">Ein Film von Fran\u00e7ois Ozon.<\/p>\n<p style=\"text-align: right;\">[<a href=\"#credits\">Credits<\/a>] [<a href=\"#termine\">Termine<\/a>] [<a href=\"#trailer\">Trailer<\/a>]<\/p>\n<p class=\"western\">Die katho\u00adli\u00adsche Kirche inter\u00ades\u00adsiert sich seit eini\u00adger Zeit gezwun\u00adge\u00adner\u00adma\u00ad\u00dfen f\u00fcr die Aufarbeitung ihrer Missbrauchsgeschichte, die weit zur\u00fcck\u00adreicht. Schon 400 <span class=\"caps\">AD<\/span> wur\u00adde Priestern die Drittehe verboten,1139 war dann kom\u00adplett Schlu\u00df mit Frauen. Danach impro\u00advi\u00adsier\u00adte man, z.B. mit dem Konkubinat (zu hohe Geldstrafen). Gerne aber auch im Bereich der P\u00e4dophilie, denn es han\u00addelt sich bei der K.K. schlie\u00df\u00adlich bis heu\u00adte um eine rei\u00adne M\u00e4nnerbastion. Das Thema erle\u00addig\u00adte sich dann die\u00adses Jahr wie von selbst. Ex Papst Benedikt von Bayern konn\u00adte die 68er als die Schuldigen ent\u00adlar\u00adven. Scheiterhaufen wur\u00adden errich\u00adtet, bis jemand vor\u00adsich\u00adtig dar\u00adauf hin\u00adwies, dass 68er Bashing l\u00e4ngst ille\u00adgal&nbsp;ist.<\/p>\n<p class=\"western\">Trotz der Br\u00e4sigkeit und Starrheit der K.K., die des\u00adhalb eigent\u00adlich wenig guten Stoff bie\u00adtet, hat <em>Fran\u00e7ois Ozon<\/em> einen enorm reflek\u00adtier\u00adten, intel\u00adli\u00adgen\u00adten Film gemacht, weil er einen gl\u00e4u\u00adbi\u00adgen Christen katho\u00adli\u00adscher Konfession in den Mittelpunkt von \u201eGr\u00e2ce \u00e0 Dieu\u201c stellt, mit Melvil Poupaud per\u00adfekt besetzt. Ozon \u00fcber\u00adtr\u00e4gt eine tat\u00ads\u00e4ch\u00adli\u00adche Geschichte in einen Spielfilm, nicht um sich abzu\u00adsi\u00adchern (nach einer wah\u00adren Geschichte), son\u00addern weil eine wei\u00adte\u00adre Dramatisierung weder m\u00f6g\u00adlich noch n\u00f6tig ist. Dadurch gewinnt der schmerz\u00adhaf\u00adte Gang durch die Katakomben der Kirche auf der Suche nach nur einem W\u00fcrdentr\u00e4ger, der W\u00fcrde besitzt und das Versprechen, f\u00fcr Aufkl\u00e4rung und Gerechtigkeit zu sor\u00adgen, ein\u00adl\u00f6st, eine Allgemeing\u00fcltigkeit. So funk\u00adtio\u00adnie\u00adren Machtapparate immer und \u00fcber\u00adall, egal in wel\u00adcher Gr\u00f6\u00dfe oder Farbe. Verweigern, Verharren, Vertuschen, bis ins h\u00f6chs\u00adte Amt. Ozon hat trotz\u00addem eine opti\u00admis\u00adti\u00adsche Geschichte geschrie\u00adben, die den Widerstand von unten gegen die Missst\u00e4nde von oben aus\u00adlo\u00adtet. Die erz\u00e4hlt, wie eini\u00adge Menschen den Mut auf\u00adbrin\u00adgen, durch einen eiser\u00adnen Vorhang gehen zu wol\u00adlen und ihr Beispiel ande\u00adre \u00fcber\u00adzeugt, eben\u00adfalls die Grenzen zu ignorieren.<\/p>\n<p class=\"western\"><span class=\"dquo\">\u201e<\/span>La majo\u00adri\u00adt\u00e9 des faits, <em>gr\u00e2ce \u00e0 Dieu<\/em>, sont pre\u00adscrits, mais cer\u00adta\u00adins peut-\u00eatre pas\u201d<\/p>\n<p class=\"western\"><span class=\"dquo\">\u201e<\/span><span style=\"font-size: small;\">E<\/span><span style=\"font-size: small;\">in Gro\u00dfteil der Taten ist, Gott sei Dank, ver\u00adj\u00e4hrt, aber<\/span> <span style=\"font-size: small;\">man\u00adche viel\u00adleicht nicht.\u201c<\/span><\/p>\n<p class=\"western\">(Kardinal Philippe Barbarin anno&nbsp;2016)<\/p>\n<p class=\"western\"><span class=\"dquo\">\u201e<\/span>Stained glass win\u00addows keep the cold outside<br>\nWhile the hypo\u00adcri\u00adtes hide inside<br>\nWith the lies of sta\u00adtu\u00ades in their&nbsp;minds<br>\nWhere the Christian reli\u00adgi\u00adon made them&nbsp;blind<br>\nWhere they&nbsp;hide<br>\nAnd prey to the God of a bitch spel\u00adled back\u00adwards is&nbsp;dog\u201c<\/p>\n<p class=\"western\">(<span class=\"caps\">PIL<\/span>, Religion <span class=\"caps\">II<\/span>)<\/p>\n<div id=\"gallery-1\" class=\"gallery galleryid-11802 gallery-columns-2 gallery-size-medium\"><figure class=\"gallery-item\">\n\t\t\t<div class=\"gallery-icon landscape\">\n\t\t\t\t<a href=\"https:\/\/fsk-kino.peripherfilm.de\/wp-content\/uploads\/2019\/08\/gelobtseigott4.jpg\"><img loading=\"lazy\" decoding=\"async\" width=\"400\" height=\"266\" src=\"https:\/\/fsk-kino.peripherfilm.de\/wp-content\/uploads\/2019\/08\/gelobtseigott4-400x266.jpg\" class=\"attachment-medium size-medium\" alt srcset=\"https:\/\/fsk-kino.peripherfilm.de\/wp-content\/uploads\/2019\/08\/gelobtseigott4-400x266.jpg 400w, https:\/\/fsk-kino.peripherfilm.de\/wp-content\/uploads\/2019\/08\/gelobtseigott4-300x200.jpg 300w, https:\/\/fsk-kino.peripherfilm.de\/wp-content\/uploads\/2019\/08\/gelobtseigott4-600x399.jpg 600w, https:\/\/fsk-kino.peripherfilm.de\/wp-content\/uploads\/2019\/08\/gelobtseigott4-768x511.jpg 768w, https:\/\/fsk-kino.peripherfilm.de\/wp-content\/uploads\/2019\/08\/gelobtseigott4-1024x681.jpg 1024w, https:\/\/fsk-kino.peripherfilm.de\/wp-content\/uploads\/2019\/08\/gelobtseigott4-624x415.jpg 624w, https:\/\/fsk-kino.peripherfilm.de\/wp-content\/uploads\/2019\/08\/gelobtseigott4.jpg 1429w\" sizes=\"auto, (max-width: 400px) 100vw, 400px\"><\/a>\n\t\t\t<\/div><\/figure><figure class=\"gallery-item\">\n\t\t\t<div class=\"gallery-icon landscape\">\n\t\t\t\t<a href=\"https:\/\/fsk-kino.peripherfilm.de\/wp-content\/uploads\/2019\/08\/gelobtseigott3.jpg\"><img loading=\"lazy\" decoding=\"async\" width=\"400\" height=\"266\" src=\"https:\/\/fsk-kino.peripherfilm.de\/wp-content\/uploads\/2019\/08\/gelobtseigott3-400x266.jpg\" class=\"attachment-medium size-medium\" alt srcset=\"https:\/\/fsk-kino.peripherfilm.de\/wp-content\/uploads\/2019\/08\/gelobtseigott3-400x266.jpg 400w, https:\/\/fsk-kino.peripherfilm.de\/wp-content\/uploads\/2019\/08\/gelobtseigott3-300x200.jpg 300w, https:\/\/fsk-kino.peripherfilm.de\/wp-content\/uploads\/2019\/08\/gelobtseigott3-600x399.jpg 600w, https:\/\/fsk-kino.peripherfilm.de\/wp-content\/uploads\/2019\/08\/gelobtseigott3-768x511.jpg 768w, https:\/\/fsk-kino.peripherfilm.de\/wp-content\/uploads\/2019\/08\/gelobtseigott3-1024x681.jpg 1024w, https:\/\/fsk-kino.peripherfilm.de\/wp-content\/uploads\/2019\/08\/gelobtseigott3-624x415.jpg 624w, https:\/\/fsk-kino.peripherfilm.de\/wp-content\/uploads\/2019\/08\/gelobtseigott3.jpg 1429w\" sizes=\"auto, (max-width: 400px) 100vw, 400px\"><\/a>\n\t\t\t<\/div><\/figure><figure class=\"gallery-item\">\n\t\t\t<div class=\"gallery-icon landscape\">\n\t\t\t\t<a href=\"https:\/\/fsk-kino.peripherfilm.de\/wp-content\/uploads\/2019\/08\/gelobtseigott2.jpg\"><img loading=\"lazy\" decoding=\"async\" width=\"400\" height=\"266\" src=\"https:\/\/fsk-kino.peripherfilm.de\/wp-content\/uploads\/2019\/08\/gelobtseigott2-400x266.jpg\" class=\"attachment-medium size-medium\" alt srcset=\"https:\/\/fsk-kino.peripherfilm.de\/wp-content\/uploads\/2019\/08\/gelobtseigott2-400x266.jpg 400w, https:\/\/fsk-kino.peripherfilm.de\/wp-content\/uploads\/2019\/08\/gelobtseigott2-300x200.jpg 300w, https:\/\/fsk-kino.peripherfilm.de\/wp-content\/uploads\/2019\/08\/gelobtseigott2-600x399.jpg 600w, https:\/\/fsk-kino.peripherfilm.de\/wp-content\/uploads\/2019\/08\/gelobtseigott2-768x511.jpg 768w, https:\/\/fsk-kino.peripherfilm.de\/wp-content\/uploads\/2019\/08\/gelobtseigott2-1024x681.jpg 1024w, https:\/\/fsk-kino.peripherfilm.de\/wp-content\/uploads\/2019\/08\/gelobtseigott2-624x415.jpg 624w, https:\/\/fsk-kino.peripherfilm.de\/wp-content\/uploads\/2019\/08\/gelobtseigott2.jpg 1429w\" sizes=\"auto, (max-width: 400px) 100vw, 400px\"><\/a>\n\t\t\t<\/div><\/figure><figure class=\"gallery-item\">\n\t\t\t<div class=\"gallery-icon landscape\">\n\t\t\t\t<a href=\"https:\/\/fsk-kino.peripherfilm.de\/wp-content\/uploads\/2019\/08\/gelobtseigott1.jpg\"><img loading=\"lazy\" decoding=\"async\" width=\"400\" height=\"266\" src=\"https:\/\/fsk-kino.peripherfilm.de\/wp-content\/uploads\/2019\/08\/gelobtseigott1-400x266.jpg\" class=\"attachment-medium size-medium\" alt srcset=\"https:\/\/fsk-kino.peripherfilm.de\/wp-content\/uploads\/2019\/08\/gelobtseigott1-400x266.jpg 400w, https:\/\/fsk-kino.peripherfilm.de\/wp-content\/uploads\/2019\/08\/gelobtseigott1-300x200.jpg 300w, https:\/\/fsk-kino.peripherfilm.de\/wp-content\/uploads\/2019\/08\/gelobtseigott1-600x399.jpg 600w, https:\/\/fsk-kino.peripherfilm.de\/wp-content\/uploads\/2019\/08\/gelobtseigott1-768x511.jpg 768w, https:\/\/fsk-kino.peripherfilm.de\/wp-content\/uploads\/2019\/08\/gelobtseigott1-1024x681.jpg 1024w, https:\/\/fsk-kino.peripherfilm.de\/wp-content\/uploads\/2019\/08\/gelobtseigott1-624x415.jpg 624w, https:\/\/fsk-kino.peripherfilm.de\/wp-content\/uploads\/2019\/08\/gelobtseigott1.jpg 1429w\" sizes=\"auto, (max-width: 400px) 100vw, 400px\"><\/a>\n\t\t\t<\/div><\/figure>\n\t\t<\/div>\n\n<p>[nbsp]<br>\n<strong><a name=\"credits\"><\/a>Credits:<\/strong><\/p>\n<p><em>Gr\u00e2ce \u00e0&nbsp;Dieu<br>\n<span class=\"caps\">FR<\/span> 2019, 137 Min., frz.&nbsp;OmU<\/em><br>\n<em>Regie, Buch: <a href=\"https:\/\/de.wikipedia.org\/wiki\/Fran%C3%A7ois_Ozon\">Fran\u00e7ois Ozon<\/a><\/em><br>\n<em>Kamera: Manu Dacosse<\/em><br>\n<em>Schnitt: Laure Gardette<\/em><br>\n<em>mit: Melvil Poupaud, Denis M\u00e9nochet, Swann Arlaud, \u00c9ric Caravaca, Fran\u00e7ois Marthouret, Bernard Verley, Martine Erhel&nbsp;<\/em><\/p>\n<p>&nbsp;<\/p>\n<p><strong><a name=\"termine\"><\/a>Termine:<\/strong><\/p>\n\n\n\t<ul id class=\"eo-events eo-events-shortcode\"> \n\t\t<li class=\"eo-no-events\"> noch kei\u00adne oder kei\u00adne&nbsp;mehr&nbsp;<\/li>\n\t<\/ul>\n\n\n<p>[nbsp]<br>\n<strong><a name=\"trailer\"><\/a>Trailer:<\/strong><\/p>\n<div class=\"lyte-wrapper\" title=\"GRACE A DIEU (Official Trailer, Franz\u00f6sisch\/deutsch)\" style=\"width:640px;max-width:100%;margin:5px;\"><div class=\"lyMe\" id=\"WYL_TyCuvrxdy0A\" itemprop=\"video\" itemscope itemtype=\"https:\/\/schema.org\/VideoObject\"><div><meta itemprop=\"thumbnailUrl\" content=\"https:\/\/fsk-kino.peripherfilm.de\/wp-content\/plugins\/wp-youtube-lyte\/lyteCache.php?origThumbUrl=https%3A%2F%2Fi.ytimg.com%2Fvi%2FTyCuvrxdy0A%2Fhqdefault.jpg\"><meta itemprop=\"embedURL\" content=\"https:\/\/www.youtube.com\/embed\/TyCuvrxdy0A\"><meta itemprop=\"duration\" content=\"PT2M34S\"><meta itemprop=\"uploadDate\" content=\"2019-07-12T09:26:27Z\"><\/div><div id=\"lyte_TyCuvrxdy0A\" data-src=\"https:\/\/fsk-kino.peripherfilm.de\/wp-content\/plugins\/wp-youtube-lyte\/lyteCache.php?origThumbUrl=https%3A%2F%2Fi.ytimg.com%2Fvi%2FTyCuvrxdy0A%2Fhqdefault.jpg\" class=\"pL\"><div class=\"tC\"><div class=\"tT\" itemprop=\"name\"><span class=\"caps\">GRACE<\/span> A <span class=\"caps\">DIEU<\/span> (Official Trailer, Franz\u00f6sisch\/deutsch)<\/div><\/div><div class=\"play\"><\/div><div class=\"ctrl\"><div class=\"Lctrl\"><\/div><div class=\"Rctrl\"><\/div><\/div><\/div><noscript><a href=\"https:\/\/youtu.be\/TyCuvrxdy0A\" rel=\"nofollow\"><img loading=\"lazy\" decoding=\"async\" src=\"https:\/\/fsk-kino.peripherfilm.de\/wp-content\/plugins\/wp-youtube-lyte\/lyteCache.php?origThumbUrl=https%3A%2F%2Fi.ytimg.com%2Fvi%2FTyCuvrxdy0A%2F0.jpg\" alt=\"GRACE A DIEU (Official Trailer, Franz\u00f6sisch\/deutsch)\" width=\"640\" height=\"340\"><br>Watch this video on YouTube<\/a><\/noscript><meta itemprop=\"description\" content=\"Ein Film\/Un film de Fran\u00e7ois Ozon Mit\/Avec Melvil Poupaud, Swann Arlaud, Denis M\u00e9nochet, Josiane Balsako, Aur\u00e9lia Petit - - - Berlinale 2019: Grosser Preis der Jury - - - Sie sind mutig, klug und k\u00e4mpfen mit Energie und Fantasie f\u00fcr ihr Anliegen. Der beruflich erfolgreiche Familienvater Alexander ist einer von ihnen. Per Zufall hat er entdeckt, dass der Priester, der ihn einst missbraucht hatte, nach wie vor im Amt ist. Doch was Alexandre auch unternimmt, um die Kirche zu veranlassen, den fehlbaren Priester seiner \u00c4mter zu entheben: Er erreicht nichts. Erst als sich immer mehr andere Betroffene mit Alexandre zusammentun, sie das Tabu des Schweigens brechen und ihre Aktionen gemeinsam planen, beginnt sich das Blatt zu wenden\u2026 - Ils sont courageux, intelligents et se battent avec beaucoup de d\u00e9termination et d\u2019imagination pour leur cause. Parmi eux, Alexandre qui conjugue vie de famille \u00e9panouie et r\u00e9ussite professionnelle. Un jour, il d\u00e9couvre par hasard que le pr\u00eatre qui a abus\u00e9 de lui quand il \u00e9tait petit gar\u00e7on officie toujours aupr\u00e8s d\u2019enfants. Toutes ses d\u00e9marches pour le d\u00e9mettre de ses fonctions restent vaines : l\u2019Eglise ne fera rien. C\u2019est seulement quand d\u2019autres personnes touch\u00e9es rejoignent Alexandre, brisent le sceau du silence et se concertent pour planifier leur action que le vent commence \u00e0 tourner\u2026 - - - Mehr Informationen\/Plus d\u2019informations https:\/\/www.filmcoopi.ch https:\/\/www.fb.com\/filmcoopi http:\/\/www.fb.com\/filmcoopidistribution\"><\/div><\/div><div class=\"lL\" style=\"max-width:100%;width:640px;margin:5px;\"><\/div> film by Fran\u00e7ois Ozon. In French with German subtitles.\n<p style=\"text-align: right;\">[<a href=\"#credits\">Credits<\/a>] [<a href=\"#termine\">Termine<\/a>] [<a href=\"#trailer\">Trailer<\/a>]<\/p>\n<p>Alexandre lives with his wife and child\u00adren in Lyon. One day he dis\u00adco\u00advers by chan\u00adce that the priest who abu\u00adsed him when he was a boy scout is still working with young peo\u00adp\u00adle. Long repres\u00adsed memo\u00adries awa\u00adken. Distraught, Alexandre final\u00adly finds the cou\u00adra\u00adge to take action against the man. His search for fur\u00adther vic\u00adtims of the cler\u00adgy\u00adman, who is high\u00adly respec\u00adted in his office, leads Alexandre to Fran\u00e7ois and Emmanuel. Each of the\u00adse three men is strugg\u00adling with hims\u00adelf in a dif\u00adfe\u00adrent way. And each of them will have to do batt\u00adle with the shadows of their past in order to cope with the far-rea\u00adching con\u00adse\u00adquen\u00adces of this pro\u00adcess. The crea\u00adti\u00adon of the self-help orga\u00adni\u00adsa\u00adti\u00adon \u2018La Parole Lib\u00e9r\u00e9e\u2019 (The Liberated Word) is just the first&nbsp;step.<br>\nBased on the real case of Father Bernard Preynat who in 2016 was char\u00adged with sexu\u00adal\u00adly assaul\u00adting around 70 boys in Lyon, Fran\u00e7ois Ozon por\u00adtrays the vic\u00adtims as adult men and reve\u00adals the lifel\u00adong wounds they have sus\u00adtained. At the same time, the film cri\u00adti\u00adci\u00ads\u00ades the church\u2019s silence on pae\u00addo\u00adphi\u00adlia and asks about its com\u00adpli\u00adci\u00adty. As of January 2019, Cardinal Philippe Barbarin is stan\u00adding tri\u00adal for \u2018non-den\u00adun\u00adcia\u00adti\u00adon of sexu\u00adal aggression\u2019.<\/p>\n<div id=\"gallery-2\" class=\"gallery galleryid-11802 gallery-columns-2 gallery-size-medium\"><figure class=\"gallery-item\">\n\t\t\t<div class=\"gallery-icon landscape\">\n\t\t\t\t<a href=\"https:\/\/fsk-kino.peripherfilm.de\/wp-content\/uploads\/2019\/08\/gelobtseigott4.jpg\"><img loading=\"lazy\" decoding=\"async\" width=\"400\" height=\"266\" src=\"https:\/\/fsk-kino.peripherfilm.de\/wp-content\/uploads\/2019\/08\/gelobtseigott4-400x266.jpg\" class=\"attachment-medium size-medium\" alt srcset=\"https:\/\/fsk-kino.peripherfilm.de\/wp-content\/uploads\/2019\/08\/gelobtseigott4-400x266.jpg 400w, https:\/\/fsk-kino.peripherfilm.de\/wp-content\/uploads\/2019\/08\/gelobtseigott4-300x200.jpg 300w, https:\/\/fsk-kino.peripherfilm.de\/wp-content\/uploads\/2019\/08\/gelobtseigott4-600x399.jpg 600w, https:\/\/fsk-kino.peripherfilm.de\/wp-content\/uploads\/2019\/08\/gelobtseigott4-768x511.jpg 768w, https:\/\/fsk-kino.peripherfilm.de\/wp-content\/uploads\/2019\/08\/gelobtseigott4-1024x681.jpg 1024w, https:\/\/fsk-kino.peripherfilm.de\/wp-content\/uploads\/2019\/08\/gelobtseigott4-624x415.jpg 624w, https:\/\/fsk-kino.peripherfilm.de\/wp-content\/uploads\/2019\/08\/gelobtseigott4.jpg 1429w\" sizes=\"auto, (max-width: 400px) 100vw, 400px\"><\/a>\n\t\t\t<\/div><\/figure><figure class=\"gallery-item\">\n\t\t\t<div class=\"gallery-icon landscape\">\n\t\t\t\t<a href=\"https:\/\/fsk-kino.peripherfilm.de\/wp-content\/uploads\/2019\/08\/gelobtseigott3.jpg\"><img loading=\"lazy\" decoding=\"async\" width=\"400\" height=\"266\" src=\"https:\/\/fsk-kino.peripherfilm.de\/wp-content\/uploads\/2019\/08\/gelobtseigott3-400x266.jpg\" class=\"attachment-medium size-medium\" alt srcset=\"https:\/\/fsk-kino.peripherfilm.de\/wp-content\/uploads\/2019\/08\/gelobtseigott3-400x266.jpg 400w, https:\/\/fsk-kino.peripherfilm.de\/wp-content\/uploads\/2019\/08\/gelobtseigott3-300x200.jpg 300w, https:\/\/fsk-kino.peripherfilm.de\/wp-content\/uploads\/2019\/08\/gelobtseigott3-600x399.jpg 600w, https:\/\/fsk-kino.peripherfilm.de\/wp-content\/uploads\/2019\/08\/gelobtseigott3-768x511.jpg 768w, https:\/\/fsk-kino.peripherfilm.de\/wp-content\/uploads\/2019\/08\/gelobtseigott3-1024x681.jpg 1024w, https:\/\/fsk-kino.peripherfilm.de\/wp-content\/uploads\/2019\/08\/gelobtseigott3-624x415.jpg 624w, https:\/\/fsk-kino.peripherfilm.de\/wp-content\/uploads\/2019\/08\/gelobtseigott3.jpg 1429w\" sizes=\"auto, (max-width: 400px) 100vw, 400px\"><\/a>\n\t\t\t<\/div><\/figure><figure class=\"gallery-item\">\n\t\t\t<div class=\"gallery-icon landscape\">\n\t\t\t\t<a href=\"https:\/\/fsk-kino.peripherfilm.de\/wp-content\/uploads\/2019\/08\/gelobtseigott2.jpg\"><img loading=\"lazy\" decoding=\"async\" width=\"400\" height=\"266\" src=\"https:\/\/fsk-kino.peripherfilm.de\/wp-content\/uploads\/2019\/08\/gelobtseigott2-400x266.jpg\" class=\"attachment-medium size-medium\" alt srcset=\"https:\/\/fsk-kino.peripherfilm.de\/wp-content\/uploads\/2019\/08\/gelobtseigott2-400x266.jpg 400w, https:\/\/fsk-kino.peripherfilm.de\/wp-content\/uploads\/2019\/08\/gelobtseigott2-300x200.jpg 300w, https:\/\/fsk-kino.peripherfilm.de\/wp-content\/uploads\/2019\/08\/gelobtseigott2-600x399.jpg 600w, https:\/\/fsk-kino.peripherfilm.de\/wp-content\/uploads\/2019\/08\/gelobtseigott2-768x511.jpg 768w, https:\/\/fsk-kino.peripherfilm.de\/wp-content\/uploads\/2019\/08\/gelobtseigott2-1024x681.jpg 1024w, https:\/\/fsk-kino.peripherfilm.de\/wp-content\/uploads\/2019\/08\/gelobtseigott2-624x415.jpg 624w, https:\/\/fsk-kino.peripherfilm.de\/wp-content\/uploads\/2019\/08\/gelobtseigott2.jpg 1429w\" sizes=\"auto, (max-width: 400px) 100vw, 400px\"><\/a>\n\t\t\t<\/div><\/figure><figure class=\"gallery-item\">\n\t\t\t<div class=\"gallery-icon landscape\">\n\t\t\t\t<a href=\"https:\/\/fsk-kino.peripherfilm.de\/wp-content\/uploads\/2019\/08\/gelobtseigott1.jpg\"><img loading=\"lazy\" decoding=\"async\" width=\"400\" height=\"266\" src=\"https:\/\/fsk-kino.peripherfilm.de\/wp-content\/uploads\/2019\/08\/gelobtseigott1-400x266.jpg\" class=\"attachment-medium size-medium\" alt srcset=\"https:\/\/fsk-kino.peripherfilm.de\/wp-content\/uploads\/2019\/08\/gelobtseigott1-400x266.jpg 400w, https:\/\/fsk-kino.peripherfilm.de\/wp-content\/uploads\/2019\/08\/gelobtseigott1-300x200.jpg 300w, https:\/\/fsk-kino.peripherfilm.de\/wp-content\/uploads\/2019\/08\/gelobtseigott1-600x399.jpg 600w, https:\/\/fsk-kino.peripherfilm.de\/wp-content\/uploads\/2019\/08\/gelobtseigott1-768x511.jpg 768w, https:\/\/fsk-kino.peripherfilm.de\/wp-content\/uploads\/2019\/08\/gelobtseigott1-1024x681.jpg 1024w, https:\/\/fsk-kino.peripherfilm.de\/wp-content\/uploads\/2019\/08\/gelobtseigott1-624x415.jpg 624w, https:\/\/fsk-kino.peripherfilm.de\/wp-content\/uploads\/2019\/08\/gelobtseigott1.jpg 1429w\" sizes=\"auto, (max-width: 400px) 100vw, 400px\"><\/a>\n\t\t\t<\/div><\/figure>\n\t\t<\/div>\n\n<p>[nbsp]<br>\n<strong><a name=\"credits\"><\/a>Credits:<\/strong><\/p>\n<p><em>Gr\u00e2ce \u00e0&nbsp;Dieu<br>\n<span class=\"caps\">FR<\/span> 2019, 137 Min., frz.&nbsp;OmU<\/em><br>\n<em>Regie, Buch: <a href=\"https:\/\/en.wikipedia.org\/wiki\/Fran%C3%A7ois_Ozon\">Fran\u00e7ois Ozon<\/a><\/em><br>\n<em>Kamera: Manu Dacosse<\/em><br>\n<em>Schnitt: Laure Gardette<\/em><br>\n<em>mit: Melvil Poupaud, Denis M\u00e9nochet, Swann Arlaud, \u00c9ric Caravaca, Fran\u00e7ois Marthouret, Bernard Verley, Martine Erhel&nbsp;<\/em><\/p>\n<p><strong><a name=\"termine\"><\/a>Termine:<\/strong><\/p>\n\n\n\t<ul id class=\"eo-events eo-events-shortcode\"> \n\t\t<li class=\"eo-no-events\"> noch kei\u00adne oder kei\u00adne&nbsp;mehr&nbsp;<\/li>\n\t<\/ul>\n\n\n<p>[nbsp]<br>\n<strong><a name=\"trailer\"><\/a>Trailer:<\/strong><\/p>\n<div class=\"lyte-wrapper\" title=\"GRACE A DIEU (Official Trailer, Franz\u00f6sisch\/deutsch)\" style=\"width:640px;max-width:100%;margin:5px;\"><div class=\"lyMe\" id=\"WYL_TyCuvrxdy0A\" itemprop=\"video\" itemscope itemtype=\"https:\/\/schema.org\/VideoObject\"><div><meta itemprop=\"thumbnailUrl\" content=\"https:\/\/fsk-kino.peripherfilm.de\/wp-content\/plugins\/wp-youtube-lyte\/lyteCache.php?origThumbUrl=https%3A%2F%2Fi.ytimg.com%2Fvi%2FTyCuvrxdy0A%2Fhqdefault.jpg\"><meta itemprop=\"embedURL\" content=\"https:\/\/www.youtube.com\/embed\/TyCuvrxdy0A\"><meta itemprop=\"duration\" content=\"PT2M34S\"><meta itemprop=\"uploadDate\" content=\"2019-07-12T09:26:27Z\"><\/div><div id=\"lyte_TyCuvrxdy0A\" data-src=\"https:\/\/fsk-kino.peripherfilm.de\/wp-content\/plugins\/wp-youtube-lyte\/lyteCache.php?origThumbUrl=https%3A%2F%2Fi.ytimg.com%2Fvi%2FTyCuvrxdy0A%2Fhqdefault.jpg\" class=\"pL\"><div class=\"tC\"><div class=\"tT\" itemprop=\"name\"><span class=\"caps\">GRACE<\/span> A <span class=\"caps\">DIEU<\/span> (Official Trailer, Franz\u00f6sisch\/deutsch)<\/div><\/div><div class=\"play\"><\/div><div class=\"ctrl\"><div class=\"Lctrl\"><\/div><div class=\"Rctrl\"><\/div><\/div><\/div><noscript><a href=\"https:\/\/youtu.be\/TyCuvrxdy0A\" rel=\"nofollow\"><img loading=\"lazy\" decoding=\"async\" src=\"https:\/\/fsk-kino.peripherfilm.de\/wp-content\/plugins\/wp-youtube-lyte\/lyteCache.php?origThumbUrl=https%3A%2F%2Fi.ytimg.com%2Fvi%2FTyCuvrxdy0A%2F0.jpg\" alt=\"GRACE A DIEU (Official Trailer, Franz\u00f6sisch\/deutsch)\" width=\"640\" height=\"340\"><br>Watch this video on YouTube<\/a><\/noscript><meta itemprop=\"description\" content=\"Ein Film\/Un film de Fran\u00e7ois Ozon Mit\/Avec Melvil Poupaud, Swann Arlaud, Denis M\u00e9nochet, Josiane Balsako, Aur\u00e9lia Petit - - - Berlinale 2019: Grosser Preis der Jury - - - Sie sind mutig, klug und k\u00e4mpfen mit Energie und Fantasie f\u00fcr ihr Anliegen. Der beruflich erfolgreiche Familienvater Alexander ist einer von ihnen. Per Zufall hat er entdeckt, dass der Priester, der ihn einst missbraucht hatte, nach wie vor im Amt ist. Doch was Alexandre auch unternimmt, um die Kirche zu veranlassen, den fehlbaren Priester seiner \u00c4mter zu entheben: Er erreicht nichts. Erst als sich immer mehr andere Betroffene mit Alexandre zusammentun, sie das Tabu des Schweigens brechen und ihre Aktionen gemeinsam planen, beginnt sich das Blatt zu wenden\u2026 - Ils sont courageux, intelligents et se battent avec beaucoup de d\u00e9termination et d\u2019imagination pour leur cause. Parmi eux, Alexandre qui conjugue vie de famille \u00e9panouie et r\u00e9ussite professionnelle. Un jour, il d\u00e9couvre par hasard que le pr\u00eatre qui a abus\u00e9 de lui quand il \u00e9tait petit gar\u00e7on officie toujours aupr\u00e8s d\u2019enfants. Toutes ses d\u00e9marches pour le d\u00e9mettre de ses fonctions restent vaines : l\u2019Eglise ne fera rien. C\u2019est seulement quand d\u2019autres personnes touch\u00e9es rejoignent Alexandre, brisent le sceau du silence et se concertent pour planifier leur action que le vent commence \u00e0 tourner\u2026 - - - Mehr Informationen\/Plus d\u2019informations https:\/\/www.filmcoopi.ch https:\/\/www.fb.com\/filmcoopi http:\/\/www.fb.com\/filmcoopidistribution\"><\/div><\/div><div class=\"lL\" style=\"max-width:100%;width:640px;margin:5px;\"><\/div>","protected":false},"excerpt":{"rendered":"<p>Sorry, this ent\u00adry is only available in Deutsch. Ein Film von Fran\u00e7ois Ozon. [Credits] [Termine] [Trailer] Die katho\u00adli\u00adsche Kirche inter\u00ades\u00adsiert sich seit eini\u00adger Zeit gezwun\u00adge\u00adner\u00adma\u00ad\u00dfen f\u00fcr die Aufarbeitung ihrer Missbrauchsgeschichte, die weit zur\u00fcck\u00adreicht. Schon 400 <span class=\"caps\">AD<\/span> wur\u00adde Priestern die Drittehe verboten,1139 war dann kom\u00adplett Schlu\u00df mit Frauen. Danach impro\u00advi\u00adsier\u00adte man, z.B. mit dem Konkubinat (zu [\u2026]<\/p>\n","protected":false},"author":2,"featured_media":11803,"comment_status":"closed","ping_status":"closed","sticky":false,"template":"","format":"standard","meta":{"_crdt_document":"","wp_typography_post_enhancements_disabled":false,"slim_seo":{"title":"Gelobt sei Gott - fsk Kino","description":"[:de] Ein Film von Fran\u00e7ois Ozon. [ Credits ] [ Termine ] [ Trailer ] Die katholische Kirche interessiert sich seit einiger Zeit gezwungenerma\u00dfen f\u00fcr die Aufarb"},"footnotes":""},"categories":[25],"tags":[],"class_list":["post-11802","post","type-post","status-publish","format-standard","has-post-thumbnail","hentry","category-archiv"],"_links":{"self":[{"href":"https:\/\/fsk-kino.peripherfilm.de\/en\/wp-json\/wp\/v2\/posts\/11802","targetHints":{"allow":["GET"]}}],"collection":[{"href":"https:\/\/fsk-kino.peripherfilm.de\/en\/wp-json\/wp\/v2\/posts"}],"about":[{"href":"https:\/\/fsk-kino.peripherfilm.de\/en\/wp-json\/wp\/v2\/types\/post"}],"author":[{"embeddable":true,"href":"https:\/\/fsk-kino.peripherfilm.de\/en\/wp-json\/wp\/v2\/users\/2"}],"replies":[{"embeddable":true,"href":"https:\/\/fsk-kino.peripherfilm.de\/en\/wp-json\/wp\/v2\/comments?post=11802"}],"version-history":[{"count":0,"href":"https:\/\/fsk-kino.peripherfilm.de\/en\/wp-json\/wp\/v2\/posts\/11802\/revisions"}],"wp:featuredmedia":[{"embeddable":true,"href":"https:\/\/fsk-kino.peripherfilm.de\/en\/wp-json\/wp\/v2\/media\/11803"}],"wp:attachment":[{"href":"https:\/\/fsk-kino.peripherfilm.de\/en\/wp-json\/wp\/v2\/media?parent=11802"}],"wp:term":[{"taxonomy":"category","embeddable":true,"href":"https:\/\/fsk-kino.peripherfilm.de\/en\/wp-json\/wp\/v2\/categories?post=11802"},{"taxonomy":"post_tag","embeddable":true,"href":"https:\/\/fsk-kino.peripherfilm.de\/en\/wp-json\/wp\/v2\/tags?post=11802"}],"curies":[{"name":"wp","href":"https:\/\/api.w.org\/{rel}","templated":true}]}}