{"id":11182,"date":"2019-05-12T20:40:15","date_gmt":"2019-05-12T18:40:15","guid":{"rendered":"https:\/\/fsk-kino.peripherfilm.de\/?p=11182"},"modified":"2021-08-31T11:43:24","modified_gmt":"2021-08-31T09:43:24","slug":"diamantino","status":"publish","type":"post","link":"https:\/\/fsk-kino.peripherfilm.de\/en\/diamantino\/","title":{"rendered":"Diamantino"},"content":{"rendered":"<p class=\"qtranxs-available-languages-message qtranxs-available-languages-message-en\">Sorry, this ent\u00adry is only available in <a href=\"https:\/\/fsk-kino.peripherfilm.de\/de\/wp-json\/wp\/v2\/posts\/11182\" class=\"qtranxs-available-language-link qtranxs-available-language-link-de\" title=\"Deutsch\">Deutsch<\/a>.<\/p><p><\/p>\n<p style=\"text-align: left;\">Ein Film von <em>Gabriel Abrantes + Daniel Schmidt.<br>\n<\/em><\/p>\n<p style=\"text-align: right;\">[<a href=\"#credits\">Credits<\/a>] [<a href=\"#termine\">Termine<\/a>] [<a href=\"#trailer\">Trailer<\/a>]<\/p>\n<p>Der por\u00adtu\u00adgie\u00adsi\u00adsche Fu\u00dfballstar Diamantino \u2013 der Michelangelo des Fu\u00dfballs \u2013 ist in einer Krise, er sieht kei\u00adne rosa Wolken und kei\u00adne rie\u00adsi\u00adgen H\u00fcndchen mehr auf dem Spielfeld, die Magie ist weg und damit auch sei\u00adne Fu\u00dfballkraft. Was ist pas\u00adsiert? Als er beim Sonnen auf der Yacht ein Fl\u00fcchtlingsboot ent\u00addeckt, beschlie\u00dft er, etwas Gutes zu tun und einen jun\u00adgen Mann aus Mosambik zu adop\u00adtie\u00adren. Doch was Diamantino nicht wei\u00df: der neue Freund ist eigent\u00adlich eine Steuerfahnderin, die under\u00adco\u00adver Daten sam\u00admelt, um ihn der Geldw\u00e4sche und Steuerflucht zu \u00fcber\u00adf\u00fch\u00adren. Aber auch davon wei\u00df Diamantino nichts, denn \u00fcber das vie\u00adle Geld und wo es hin\u00adflie\u00dft ent\u00adschei\u00adden sei\u00adne Zwillingsschwestern, f\u00fcr die der Fu\u00dfballstar nur Kapital ist, das sie gewinn\u00adbrin\u00adgend ein\u00adset\u00adzen. \u2013 Das mit den rosa Wolken und rie\u00adsi\u00adgen H\u00fcndchen klingt viel\u00adleicht etwas schr\u00e4g, alle ande\u00adren Motive des Films: Fu\u00dfball und Startum, Steuerflucht, Rechtspopulismus, Wirtschaftskrise sind der Wirklichkeit abgeguckt.<\/p>\n<p><span class=\"dquo\">\u201e<\/span>Ein Film, so ver\u00adr\u00fcckt wie die Gegenwart.\u201c (critic.de)<\/p>\n<p><span class=\"dquo\">\u201e<\/span>Obgleich mit all sei\u00adnen Themen und Andeutung ganz und gar zeit\u00adge\u00adm\u00e4\u00df, atmet der Film den fr\u00f6h\u00adli\u00adchen und warm\u00adher\u00adzi\u00adgen Geist der Anarchie der 1960er und 1970er Jahre, wie er einem im Gegenwartskino heu\u00adte nur noch sel\u00adten bis nie begegnet.\u201c<br>\nJoachim Kurz, kino-zeit.de<\/p>\n<div id=\"gallery-1\" class=\"gallery galleryid-11182 gallery-columns-3 gallery-size-thumbnail\"><figure class=\"gallery-item\">\n\t\t\t<div class=\"gallery-icon landscape\">\n\t\t\t\t<a href=\"https:\/\/fsk-kino.peripherfilm.de\/wp-content\/uploads\/2019\/05\/diamantino2.jpg\"><img loading=\"lazy\" decoding=\"async\" width=\"150\" height=\"150\" src=\"https:\/\/fsk-kino.peripherfilm.de\/wp-content\/uploads\/2019\/05\/diamantino2-e1557686088797-150x150.jpg\" class=\"attachment-thumbnail size-thumbnail\" alt><\/a>\n\t\t\t<\/div><\/figure><figure class=\"gallery-item\">\n\t\t\t<div class=\"gallery-icon landscape\">\n\t\t\t\t<a href=\"https:\/\/fsk-kino.peripherfilm.de\/wp-content\/uploads\/2019\/05\/diamantino4.jpg\"><img loading=\"lazy\" decoding=\"async\" width=\"150\" height=\"150\" src=\"https:\/\/fsk-kino.peripherfilm.de\/wp-content\/uploads\/2019\/05\/diamantino4-150x150.jpg\" class=\"attachment-thumbnail size-thumbnail\" alt srcset=\"https:\/\/fsk-kino.peripherfilm.de\/wp-content\/uploads\/2019\/05\/diamantino4-150x150.jpg 150w, https:\/\/fsk-kino.peripherfilm.de\/wp-content\/uploads\/2019\/05\/diamantino4-100x100.jpg 100w\" sizes=\"auto, (max-width: 150px) 100vw, 150px\"><\/a>\n\t\t\t<\/div><\/figure><figure class=\"gallery-item\">\n\t\t\t<div class=\"gallery-icon landscape\">\n\t\t\t\t<a href=\"https:\/\/fsk-kino.peripherfilm.de\/wp-content\/uploads\/2019\/05\/diamantino3.jpg\"><img loading=\"lazy\" decoding=\"async\" width=\"150\" height=\"150\" src=\"https:\/\/fsk-kino.peripherfilm.de\/wp-content\/uploads\/2019\/05\/diamantino3-150x150.jpg\" class=\"attachment-thumbnail size-thumbnail\" alt srcset=\"https:\/\/fsk-kino.peripherfilm.de\/wp-content\/uploads\/2019\/05\/diamantino3-150x150.jpg 150w, https:\/\/fsk-kino.peripherfilm.de\/wp-content\/uploads\/2019\/05\/diamantino3-100x100.jpg 100w\" sizes=\"auto, (max-width: 150px) 100vw, 150px\"><\/a>\n\t\t\t<\/div><\/figure>\n\t\t<\/div>\n\n<p>[nbsp]<br>\n<strong><a name=\"credits\"><\/a>Credits:<\/strong><\/p>\n<p><em>Portugal, Frankreich, Brasilien 2018, 92 Minuten, port.&nbsp;OmU<\/em><br>\n<em>Regie: Gabriel Abrantes, Daniel Schmidt<\/em><br>\n<em>Drehbuch: Gabriel Abrantes, Daniel Schmidt<\/em><br>\n<em>mit: Carla Maciel, Carloto Cotta, Anabela Moreira, Filipe Vargas, Margarida Moreira, Cleo Tavares, V\u00edtor de Almeida, Joana Barrios, Ab\u00edlio Bejinha, Chico Chapas, Hugo Santos Silva<\/em><\/p>\n<p><strong><a name=\"termine\"><\/a>Termine:<\/strong><\/p>\n\n\n\t<ul id class=\"eo-events eo-events-shortcode\"> \n\t\t<li class=\"eo-no-events\"> noch kei\u00adne oder kei\u00adne&nbsp;mehr&nbsp;<\/li>\n\t<\/ul>\n\n\n<p>[nbsp]<br>\n<strong><a name=\"trailer\"><\/a>Trailer:<\/strong><\/p>\n<div class=\"lyte-wrapper\" title=\"DIAMANTINO - Trailer\" style=\"width:640px;max-width:100%;margin:5px;\"><div class=\"lyMe\" id=\"WYL_SYODfRbptIA\" itemprop=\"video\" itemscope itemtype=\"https:\/\/schema.org\/VideoObject\"><div><meta itemprop=\"thumbnailUrl\" content=\"https:\/\/fsk-kino.peripherfilm.de\/wp-content\/plugins\/wp-youtube-lyte\/lyteCache.php?origThumbUrl=https%3A%2F%2Fi.ytimg.com%2Fvi%2FSYODfRbptIA%2Fhqdefault.jpg\"><meta itemprop=\"embedURL\" content=\"https:\/\/www.youtube.com\/embed\/SYODfRbptIA\"><meta itemprop=\"duration\" content=\"PT1M56S\"><meta itemprop=\"uploadDate\" content=\"2019-01-11T10:15:21Z\"><\/div><div id=\"lyte_SYODfRbptIA\" data-src=\"https:\/\/fsk-kino.peripherfilm.de\/wp-content\/plugins\/wp-youtube-lyte\/lyteCache.php?origThumbUrl=https%3A%2F%2Fi.ytimg.com%2Fvi%2FSYODfRbptIA%2Fhqdefault.jpg\" class=\"pL\"><div class=\"tC\"><div class=\"tT\" itemprop=\"name\"><span class=\"caps\">DIAMANTINO<\/span> \u2013 Trailer<\/div><\/div><div class=\"play\"><\/div><div class=\"ctrl\"><div class=\"Lctrl\"><\/div><div class=\"Rctrl\"><\/div><\/div><\/div><noscript><a href=\"https:\/\/youtu.be\/SYODfRbptIA\" rel=\"nofollow\"><img loading=\"lazy\" decoding=\"async\" src=\"https:\/\/fsk-kino.peripherfilm.de\/wp-content\/plugins\/wp-youtube-lyte\/lyteCache.php?origThumbUrl=https%3A%2F%2Fi.ytimg.com%2Fvi%2FSYODfRbptIA%2F0.jpg\" alt=\"DIAMANTINO - Trailer\" width=\"640\" height=\"340\"><br>Watch this video on YouTube<\/a><\/noscript><meta itemprop=\"description\" content=\"Ein Film so verr\u00fcckt wie unsere Gegenwart - DIAMANTINO! Ein Film von Gabriel Abrantes, Daniel Schmidt Brasilien, Frankreich, Portugal 2018 92 Minuten &quot;Eine absurd lustige und trashige Satire, die keine Ber\u00fchrungs\u00e4ngste in Bezug auf polarisierende Themen wie die Fl\u00fcchtlingskrise hat und dezidiert nicht harmlos sein will - bestens gelungen.&quot; (DerStandard) Mit ihren Kurzfilmen feiern Gabriel Abrantes und Daniel Schmidt bereits seit Jahren internationale Festivalerfolge (u. a. bei den Filmfestivals von Locarno, Venedig oder Bukarest). Nachdem ihr Spielfilmdebut DIAMANTINO bei den Filmfestspielen in Cannes seine Premiere feierte und mit dem GRAND PRIZE der Semaine de La Critique ausgezeichnet wurde, folgten noch weitere Festivaleinladungen, etwa zur Viennale, Sarajevo Film Festival, MIFF \u2013 Melbourne International Film Festival, NIFFF \u2013 Neuch\u00e2tel International Fantastic Film Festival oder zum Karlovy Vary International Film Festival.\"><\/div><\/div><div class=\"lL\" style=\"max-width:100%;width:640px;margin:5px;\"><\/div> film by <em>Gabriel Abrantes + Daniel Schmidt. In Portuguese with ger\u00adman subtitles.<br>\n<\/em>\n<p style=\"text-align: right;\">[<a href=\"#credits\">Credits<\/a>] [<a href=\"#termine\">Termine<\/a>] [<a href=\"#trailer\">Trailer<\/a>]<\/p>\n<p>Diamantino, the world\u2019s pre\u00admie\u00adre soc\u00adcer star loses his spe\u00adcial touch and ends his care\u00ader in dis\u00adgrace. Searching for a new pur\u00adpo\u00adse, the inter\u00adna\u00adtio\u00adnal icon sets on a deli\u00adrious odys\u00adsey whe\u00adre he con\u00adfronts neo-fascism, the refu\u00adgee cri\u00adsis, gene\u00adtic modi\u00adfi\u00adca\u00adti\u00adon, and the hunt for the source of genius.<\/p>\n<div id=\"gallery-2\" class=\"gallery galleryid-11182 gallery-columns-3 gallery-size-thumbnail\"><figure class=\"gallery-item\">\n\t\t\t<div class=\"gallery-icon landscape\">\n\t\t\t\t<a href=\"https:\/\/fsk-kino.peripherfilm.de\/wp-content\/uploads\/2019\/05\/diamantino2.jpg\"><img loading=\"lazy\" decoding=\"async\" width=\"150\" height=\"150\" src=\"https:\/\/fsk-kino.peripherfilm.de\/wp-content\/uploads\/2019\/05\/diamantino2-e1557686088797-150x150.jpg\" class=\"attachment-thumbnail size-thumbnail\" alt><\/a>\n\t\t\t<\/div><\/figure><figure class=\"gallery-item\">\n\t\t\t<div class=\"gallery-icon landscape\">\n\t\t\t\t<a href=\"https:\/\/fsk-kino.peripherfilm.de\/wp-content\/uploads\/2019\/05\/diamantino4.jpg\"><img loading=\"lazy\" decoding=\"async\" width=\"150\" height=\"150\" src=\"https:\/\/fsk-kino.peripherfilm.de\/wp-content\/uploads\/2019\/05\/diamantino4-150x150.jpg\" class=\"attachment-thumbnail size-thumbnail\" alt srcset=\"https:\/\/fsk-kino.peripherfilm.de\/wp-content\/uploads\/2019\/05\/diamantino4-150x150.jpg 150w, https:\/\/fsk-kino.peripherfilm.de\/wp-content\/uploads\/2019\/05\/diamantino4-100x100.jpg 100w\" sizes=\"auto, (max-width: 150px) 100vw, 150px\"><\/a>\n\t\t\t<\/div><\/figure><figure class=\"gallery-item\">\n\t\t\t<div class=\"gallery-icon landscape\">\n\t\t\t\t<a href=\"https:\/\/fsk-kino.peripherfilm.de\/wp-content\/uploads\/2019\/05\/diamantino3.jpg\"><img loading=\"lazy\" decoding=\"async\" width=\"150\" height=\"150\" src=\"https:\/\/fsk-kino.peripherfilm.de\/wp-content\/uploads\/2019\/05\/diamantino3-150x150.jpg\" class=\"attachment-thumbnail size-thumbnail\" alt srcset=\"https:\/\/fsk-kino.peripherfilm.de\/wp-content\/uploads\/2019\/05\/diamantino3-150x150.jpg 150w, https:\/\/fsk-kino.peripherfilm.de\/wp-content\/uploads\/2019\/05\/diamantino3-100x100.jpg 100w\" sizes=\"auto, (max-width: 150px) 100vw, 150px\"><\/a>\n\t\t\t<\/div><\/figure>\n\t\t<\/div>\n\n<p>[nbsp]<br>\n<strong><a name=\"credits\"><\/a>Credits:<\/strong><\/p>\n<p><em>Portugal, Frankreich, Brasilien 2018, 92 Minuten<\/em><br>\n<em>Regie: Gabriel Abrantes, Daniel Schmidt<\/em><br>\n<em>Drehbuch: Gabriel Abrantes, Daniel Schmidt<\/em><br>\n<em>mit: Carla Maciel, Carloto Cotta, Anabela Moreira, Filipe Vargas, Margarida Moreira, Cleo Tavares, V\u00edtor de Almeida, Joana Barrios, Ab\u00edlio Bejinha, Chico Chapas, Hugo Santos Silva<\/em><\/p>\n<p><strong><a name=\"termine\"><\/a>Termine:<\/strong><\/p>\n\n\n\t<ul id class=\"eo-events eo-events-shortcode\"> \n\t\t<li class=\"eo-no-events\"> noch kei\u00adne oder kei\u00adne&nbsp;mehr&nbsp;<\/li>\n\t<\/ul>\n\n\n<p>[nbsp]<br>\n<strong><a name=\"trailer\"><\/a>Trailer:<\/strong><\/p>\n<div class=\"lyte-wrapper\" title=\"DIAMANTINO - Trailer\" style=\"width:640px;max-width:100%;margin:5px;\"><div class=\"lyMe\" id=\"WYL_SYODfRbptIA\" itemprop=\"video\" itemscope itemtype=\"https:\/\/schema.org\/VideoObject\"><div><meta itemprop=\"thumbnailUrl\" content=\"https:\/\/fsk-kino.peripherfilm.de\/wp-content\/plugins\/wp-youtube-lyte\/lyteCache.php?origThumbUrl=https%3A%2F%2Fi.ytimg.com%2Fvi%2FSYODfRbptIA%2Fhqdefault.jpg\"><meta itemprop=\"embedURL\" content=\"https:\/\/www.youtube.com\/embed\/SYODfRbptIA\"><meta itemprop=\"duration\" content=\"PT1M56S\"><meta itemprop=\"uploadDate\" content=\"2019-01-11T10:15:21Z\"><\/div><div id=\"lyte_SYODfRbptIA\" data-src=\"https:\/\/fsk-kino.peripherfilm.de\/wp-content\/plugins\/wp-youtube-lyte\/lyteCache.php?origThumbUrl=https%3A%2F%2Fi.ytimg.com%2Fvi%2FSYODfRbptIA%2Fhqdefault.jpg\" class=\"pL\"><div class=\"tC\"><div class=\"tT\" itemprop=\"name\"><span class=\"caps\">DIAMANTINO<\/span> \u2013 Trailer<\/div><\/div><div class=\"play\"><\/div><div class=\"ctrl\"><div class=\"Lctrl\"><\/div><div class=\"Rctrl\"><\/div><\/div><\/div><noscript><a href=\"https:\/\/youtu.be\/SYODfRbptIA\" rel=\"nofollow\"><img loading=\"lazy\" decoding=\"async\" src=\"https:\/\/fsk-kino.peripherfilm.de\/wp-content\/plugins\/wp-youtube-lyte\/lyteCache.php?origThumbUrl=https%3A%2F%2Fi.ytimg.com%2Fvi%2FSYODfRbptIA%2F0.jpg\" alt=\"DIAMANTINO - Trailer\" width=\"640\" height=\"340\"><br>Watch this video on YouTube<\/a><\/noscript><meta itemprop=\"description\" content=\"Ein Film so verr\u00fcckt wie unsere Gegenwart - DIAMANTINO! Ein Film von Gabriel Abrantes, Daniel Schmidt Brasilien, Frankreich, Portugal 2018 92 Minuten &quot;Eine absurd lustige und trashige Satire, die keine Ber\u00fchrungs\u00e4ngste in Bezug auf polarisierende Themen wie die Fl\u00fcchtlingskrise hat und dezidiert nicht harmlos sein will - bestens gelungen.&quot; (DerStandard) Mit ihren Kurzfilmen feiern Gabriel Abrantes und Daniel Schmidt bereits seit Jahren internationale Festivalerfolge (u. a. bei den Filmfestivals von Locarno, Venedig oder Bukarest). Nachdem ihr Spielfilmdebut DIAMANTINO bei den Filmfestspielen in Cannes seine Premiere feierte und mit dem GRAND PRIZE der Semaine de La Critique ausgezeichnet wurde, folgten noch weitere Festivaleinladungen, etwa zur Viennale, Sarajevo Film Festival, MIFF \u2013 Melbourne International Film Festival, NIFFF \u2013 Neuch\u00e2tel International Fantastic Film Festival oder zum Karlovy Vary International Film Festival.\"><\/div><\/div><div class=\"lL\" style=\"max-width:100%;width:640px;margin:5px;\"><\/div>","protected":false},"excerpt":{"rendered":"<p>Sorry, this ent\u00adry is only available in Deutsch. Ein Film von Gabriel Abrantes + Daniel Schmidt. [Credits] [Termine] [Trailer] Der por\u00adtu\u00adgie\u00adsi\u00adsche Fu\u00dfballstar Diamantino \u2013 der Michelangelo des Fu\u00dfballs \u2013 ist in einer Krise, er sieht kei\u00adne rosa Wolken und kei\u00adne rie\u00adsi\u00adgen H\u00fcndchen mehr auf dem Spielfeld, die Magie ist weg und damit auch sei\u00adne Fu\u00dfballkraft.&nbsp;[\u2026]<\/p>\n","protected":false},"author":2,"featured_media":11186,"comment_status":"closed","ping_status":"closed","sticky":false,"template":"","format":"standard","meta":{"_crdt_document":"","wp_typography_post_enhancements_disabled":false,"slim_seo":{"title":"Diamantino - fsk Kino","description":"[:de] Ein Film von Gabriel Abrantes + Daniel Schmidt. [ Credits ] [ Termine ] [ Trailer ] Der portugiesische Fu\u00dfballstar Diamantino \u2013 der Michelangelo des Fu\u00dfba"},"footnotes":""},"categories":[25],"tags":[],"class_list":["post-11182","post","type-post","status-publish","format-standard","has-post-thumbnail","hentry","category-archiv"],"_links":{"self":[{"href":"https:\/\/fsk-kino.peripherfilm.de\/en\/wp-json\/wp\/v2\/posts\/11182","targetHints":{"allow":["GET"]}}],"collection":[{"href":"https:\/\/fsk-kino.peripherfilm.de\/en\/wp-json\/wp\/v2\/posts"}],"about":[{"href":"https:\/\/fsk-kino.peripherfilm.de\/en\/wp-json\/wp\/v2\/types\/post"}],"author":[{"embeddable":true,"href":"https:\/\/fsk-kino.peripherfilm.de\/en\/wp-json\/wp\/v2\/users\/2"}],"replies":[{"embeddable":true,"href":"https:\/\/fsk-kino.peripherfilm.de\/en\/wp-json\/wp\/v2\/comments?post=11182"}],"version-history":[{"count":0,"href":"https:\/\/fsk-kino.peripherfilm.de\/en\/wp-json\/wp\/v2\/posts\/11182\/revisions"}],"wp:featuredmedia":[{"embeddable":true,"href":"https:\/\/fsk-kino.peripherfilm.de\/en\/wp-json\/wp\/v2\/media\/11186"}],"wp:attachment":[{"href":"https:\/\/fsk-kino.peripherfilm.de\/en\/wp-json\/wp\/v2\/media?parent=11182"}],"wp:term":[{"taxonomy":"category","embeddable":true,"href":"https:\/\/fsk-kino.peripherfilm.de\/en\/wp-json\/wp\/v2\/categories?post=11182"},{"taxonomy":"post_tag","embeddable":true,"href":"https:\/\/fsk-kino.peripherfilm.de\/en\/wp-json\/wp\/v2\/tags?post=11182"}],"curies":[{"name":"wp","href":"https:\/\/api.w.org\/{rel}","templated":true}]}}