{"id":11130,"date":"2019-05-06T13:32:42","date_gmt":"2019-05-06T11:32:42","guid":{"rendered":"https:\/\/fsk-kino.peripherfilm.de\/?p=11130"},"modified":"2021-09-08T09:08:27","modified_gmt":"2021-09-08T07:08:27","slug":"mir-ist-es-egal-wenn-wir-als-barbaren-in-die-geschichte-eingehen","status":"publish","type":"post","link":"https:\/\/fsk-kino.peripherfilm.de\/en\/mir-ist-es-egal-wenn-wir-als-barbaren-in-die-geschichte-eingehen\/","title":{"rendered":"Mir ist es egal, wenn wir als Barbaren in die Geschichte eingehen"},"content":{"rendered":"<p>A film by Radu Jude. In Romanian with German subtitles.<em><br>\n<\/em><\/p>\n<p style=\"text-align: right;\">[<a href=\"#credits\">Credits<\/a>] [<a href=\"https:\/\/indiekino-club.cinemalovers.de\/de\/movies\/13fb1f60-b817-43eb-bb37-7217dfb858e7\">Indiekino Club<\/a>] [<a href=\"#trailer\">Trailer<\/a>]<\/p>\n<p>Romania took an acti\u00adve part in the Holocaust \u2013 today the coun\u00adtry is in com\u00adple\u00adte deni\u00adal. An absurd mora\u00adli\u00adty tale about sel\u00adec\u00adti\u00adve memo\u00adry in today\u2019s Europe. Under General Antonescu, the mas\u00adsi\u00adve anti-Semitism pre\u00adsent in Romanian socie\u00adty was made offi\u00adci\u00adal govern\u00adment poli\u00adcy, yet his role and that of his govern\u00adment in World War <span class=\"caps\">II<\/span> are glo\u00adri\u00adfied to this day. A young direc\u00adtor wants to clear up the\u00adse natio\u00adnal myths and to this end plans a theat\u00adre pro\u00adduc\u00adtion. What with unwil\u00adling extras, patro\u00adni\u00adzing patrons and the cha\u00ados in the direc\u00adtor\u2019s own life, the per\u00adfor\u00admance desi\u00adgned as a wake-up call muta\u00adtes step by step to a&nbsp;farce.<\/p>\n<div id=\"gallery-2\" class=\"gallery galleryid-11130 gallery-columns-2 gallery-size-medium\"><figure class=\"gallery-item\">\n\t\t\t<div class=\"gallery-icon landscape\">\n\t\t\t\t<a href=\"https:\/\/fsk-kino.peripherfilm.de\/wp-content\/uploads\/2019\/05\/barbaren6.jpg\"><img loading=\"lazy\" decoding=\"async\" width=\"400\" height=\"266\" src=\"https:\/\/fsk-kino.peripherfilm.de\/wp-content\/uploads\/2019\/05\/barbaren6-400x266.jpg\" class=\"attachment-medium size-medium\" alt srcset=\"https:\/\/fsk-kino.peripherfilm.de\/wp-content\/uploads\/2019\/05\/barbaren6-400x266.jpg 400w, https:\/\/fsk-kino.peripherfilm.de\/wp-content\/uploads\/2019\/05\/barbaren6-300x200.jpg 300w, https:\/\/fsk-kino.peripherfilm.de\/wp-content\/uploads\/2019\/05\/barbaren6-600x400.jpg 600w, https:\/\/fsk-kino.peripherfilm.de\/wp-content\/uploads\/2019\/05\/barbaren6-768x512.jpg 768w, https:\/\/fsk-kino.peripherfilm.de\/wp-content\/uploads\/2019\/05\/barbaren6-1024x682.jpg 1024w, https:\/\/fsk-kino.peripherfilm.de\/wp-content\/uploads\/2019\/05\/barbaren6-624x416.jpg 624w, https:\/\/fsk-kino.peripherfilm.de\/wp-content\/uploads\/2019\/05\/barbaren6.jpg 1429w\" sizes=\"auto, (max-width: 400px) 100vw, 400px\"><\/a>\n\t\t\t<\/div><\/figure><figure class=\"gallery-item\">\n\t\t\t<div class=\"gallery-icon landscape\">\n\t\t\t\t<a href=\"https:\/\/fsk-kino.peripherfilm.de\/wp-content\/uploads\/2019\/05\/barbaren4.jpg\"><img loading=\"lazy\" decoding=\"async\" width=\"400\" height=\"266\" src=\"https:\/\/fsk-kino.peripherfilm.de\/wp-content\/uploads\/2019\/05\/barbaren4-400x266.jpg\" class=\"attachment-medium size-medium\" alt srcset=\"https:\/\/fsk-kino.peripherfilm.de\/wp-content\/uploads\/2019\/05\/barbaren4-400x266.jpg 400w, https:\/\/fsk-kino.peripherfilm.de\/wp-content\/uploads\/2019\/05\/barbaren4-300x200.jpg 300w, https:\/\/fsk-kino.peripherfilm.de\/wp-content\/uploads\/2019\/05\/barbaren4-600x400.jpg 600w, https:\/\/fsk-kino.peripherfilm.de\/wp-content\/uploads\/2019\/05\/barbaren4-768x512.jpg 768w, https:\/\/fsk-kino.peripherfilm.de\/wp-content\/uploads\/2019\/05\/barbaren4-1024x682.jpg 1024w, https:\/\/fsk-kino.peripherfilm.de\/wp-content\/uploads\/2019\/05\/barbaren4-624x416.jpg 624w, https:\/\/fsk-kino.peripherfilm.de\/wp-content\/uploads\/2019\/05\/barbaren4.jpg 1429w\" sizes=\"auto, (max-width: 400px) 100vw, 400px\"><\/a>\n\t\t\t<\/div><\/figure><figure class=\"gallery-item\">\n\t\t\t<div class=\"gallery-icon landscape\">\n\t\t\t\t<a href=\"https:\/\/fsk-kino.peripherfilm.de\/wp-content\/uploads\/2019\/05\/barbaren3.jpg\"><img loading=\"lazy\" decoding=\"async\" width=\"400\" height=\"267\" src=\"https:\/\/fsk-kino.peripherfilm.de\/wp-content\/uploads\/2019\/05\/barbaren3-400x267.jpg\" class=\"attachment-medium size-medium\" alt srcset=\"https:\/\/fsk-kino.peripherfilm.de\/wp-content\/uploads\/2019\/05\/barbaren3-400x267.jpg 400w, https:\/\/fsk-kino.peripherfilm.de\/wp-content\/uploads\/2019\/05\/barbaren3-300x200.jpg 300w, https:\/\/fsk-kino.peripherfilm.de\/wp-content\/uploads\/2019\/05\/barbaren3-600x400.jpg 600w, https:\/\/fsk-kino.peripherfilm.de\/wp-content\/uploads\/2019\/05\/barbaren3-768x512.jpg 768w, https:\/\/fsk-kino.peripherfilm.de\/wp-content\/uploads\/2019\/05\/barbaren3-1024x683.jpg 1024w, https:\/\/fsk-kino.peripherfilm.de\/wp-content\/uploads\/2019\/05\/barbaren3-624x416.jpg 624w, https:\/\/fsk-kino.peripherfilm.de\/wp-content\/uploads\/2019\/05\/barbaren3.jpg 1438w\" sizes=\"auto, (max-width: 400px) 100vw, 400px\"><\/a>\n\t\t\t<\/div><\/figure><figure class=\"gallery-item\">\n\t\t\t<div class=\"gallery-icon landscape\">\n\t\t\t\t<a href=\"https:\/\/fsk-kino.peripherfilm.de\/wp-content\/uploads\/2019\/05\/barbaren1.jpg\"><img loading=\"lazy\" decoding=\"async\" width=\"400\" height=\"267\" src=\"https:\/\/fsk-kino.peripherfilm.de\/wp-content\/uploads\/2019\/05\/barbaren1-400x267.jpg\" class=\"attachment-medium size-medium\" alt srcset=\"https:\/\/fsk-kino.peripherfilm.de\/wp-content\/uploads\/2019\/05\/barbaren1-400x267.jpg 400w, https:\/\/fsk-kino.peripherfilm.de\/wp-content\/uploads\/2019\/05\/barbaren1-300x200.jpg 300w, https:\/\/fsk-kino.peripherfilm.de\/wp-content\/uploads\/2019\/05\/barbaren1-600x400.jpg 600w, https:\/\/fsk-kino.peripherfilm.de\/wp-content\/uploads\/2019\/05\/barbaren1-768x512.jpg 768w, https:\/\/fsk-kino.peripherfilm.de\/wp-content\/uploads\/2019\/05\/barbaren1-1024x683.jpg 1024w, https:\/\/fsk-kino.peripherfilm.de\/wp-content\/uploads\/2019\/05\/barbaren1-624x416.jpg 624w, https:\/\/fsk-kino.peripherfilm.de\/wp-content\/uploads\/2019\/05\/barbaren1.jpg 1438w\" sizes=\"auto, (max-width: 400px) 100vw, 400px\"><\/a>\n\t\t\t<\/div><\/figure>\n\t\t<\/div>\n\n<p>[nbsp]<\/p>\n<p><strong><a name=\"credits\"><\/a>Credits:<\/strong><\/p>\n<p><em><span class=\"caps\">RO<\/span>, <span class=\"caps\">BG<\/span>, <span class=\"caps\">DE<\/span>, <span class=\"caps\">FR<\/span> 2018, 140&nbsp;Min.,<\/em><br>\n<em>rum.OmU<\/em><br>\n<em>Regie, Buch: Radu&nbsp;Jude<\/em><br>\n<em>Kamera: Marius Panduru<\/em><br>\n<em>Schnitt: C\u0103t\u0103lin Cristu\u0163iu<\/em><br>\n<em>mit: Ioana Iacob, Alexandru Dabija, Alex Bogdan<\/em><\/p>\n<p><strong><a name=\"termine\"><\/a>Termine:<\/strong><\/p>\n\n\n\t<ul id class=\"eo-events eo-events-shortcode\"> \n\t\t<li class=\"eo-no-events\"> noch kei\u00adne oder kei\u00adne&nbsp;mehr&nbsp;<\/li>\n\t<\/ul>\n\n\n<p>[nbsp]<br>\n<strong><a name=\"trailer\"><\/a>Trailer:<\/strong><\/p>\n<p><iframe loading=\"lazy\" title=\"vimeo-player\" src=\"https:\/\/player.vimeo.com\/video\/332750842\" width=\"640\" height=\"345\" frameborder=\"0\" allowfullscreen=\"allowfullscreen\" data-mce-fragment=\"1\"><\/iframe><\/p>","protected":false},"excerpt":{"rendered":"<p>A film by Radu Jude. In Romanian with German sub\u00adtit\u00adles. [Credits] [Indiekino Club] [Trailer] Romania took an acti\u00adve part in the Holocaust \u2013 today the coun\u00adtry is in com\u00adple\u00adte deni\u00adal. An absurd mora\u00adli\u00adty tale about sel\u00adec\u00adti\u00adve memo\u00adry in today\u2019s Europe. Under General Antonescu, the mas\u00adsi\u00adve anti-Semitism pre\u00adsent in Romanian socie\u00adty was made offi\u00adci\u00adal govern\u00adment policy,&nbsp;[\u2026]<\/p>\n","protected":false},"author":2,"featured_media":11132,"comment_status":"closed","ping_status":"closed","sticky":false,"template":"","format":"standard","meta":{"_crdt_document":"","wp_typography_post_enhancements_disabled":false,"slim_seo":{"title":"Mir ist es egal, wenn wir als Barbaren in die Geschichte eingehen - fsk Kino","description":"[:de] Ein Film von Radu Jude. [ Credits ] [ Indiekino Club ] [ Trailer ] Das selbstbewusste Zitat stammt von Mihai Antonescu, der zuerst als Justiz- und Propaga"},"footnotes":""},"categories":[25],"tags":[],"class_list":["post-11130","post","type-post","status-publish","format-standard","has-post-thumbnail","hentry","category-archiv"],"_links":{"self":[{"href":"https:\/\/fsk-kino.peripherfilm.de\/en\/wp-json\/wp\/v2\/posts\/11130","targetHints":{"allow":["GET"]}}],"collection":[{"href":"https:\/\/fsk-kino.peripherfilm.de\/en\/wp-json\/wp\/v2\/posts"}],"about":[{"href":"https:\/\/fsk-kino.peripherfilm.de\/en\/wp-json\/wp\/v2\/types\/post"}],"author":[{"embeddable":true,"href":"https:\/\/fsk-kino.peripherfilm.de\/en\/wp-json\/wp\/v2\/users\/2"}],"replies":[{"embeddable":true,"href":"https:\/\/fsk-kino.peripherfilm.de\/en\/wp-json\/wp\/v2\/comments?post=11130"}],"version-history":[{"count":0,"href":"https:\/\/fsk-kino.peripherfilm.de\/en\/wp-json\/wp\/v2\/posts\/11130\/revisions"}],"wp:featuredmedia":[{"embeddable":true,"href":"https:\/\/fsk-kino.peripherfilm.de\/en\/wp-json\/wp\/v2\/media\/11132"}],"wp:attachment":[{"href":"https:\/\/fsk-kino.peripherfilm.de\/en\/wp-json\/wp\/v2\/media?parent=11130"}],"wp:term":[{"taxonomy":"category","embeddable":true,"href":"https:\/\/fsk-kino.peripherfilm.de\/en\/wp-json\/wp\/v2\/categories?post=11130"},{"taxonomy":"post_tag","embeddable":true,"href":"https:\/\/fsk-kino.peripherfilm.de\/en\/wp-json\/wp\/v2\/tags?post=11130"}],"curies":[{"name":"wp","href":"https:\/\/api.w.org\/{rel}","templated":true}]}}