{"id":1036,"date":"2015-06-29T10:36:57","date_gmt":"2015-06-29T08:36:57","guid":{"rendered":"http:\/\/fsk-kino.peripherfilm.de\/?p=1036"},"modified":"2021-08-31T11:44:13","modified_gmt":"2021-08-31T09:44:13","slug":"mollath-und-ploetzlich-bist-du-verrueckt","status":"publish","type":"post","link":"https:\/\/fsk-kino.peripherfilm.de\/en\/mollath-und-ploetzlich-bist-du-verrueckt\/","title":{"rendered":"Mollath \u2013 und pl\u00f6tzlich bist du verr\u00fcckt"},"content":{"rendered":"<p>Mit dem Namen Gustl Mollath ver\u00adbin\u00addet sich einer der gr\u00f6\u00df\u00adten Justizskandale der deut\u00adschen Nachkriegsgeschichte. Siebeneinhalb Jahre wur\u00adde Mollath unrecht\u00adm\u00e4\u00ad\u00dfig in der geschlos\u00adse\u00adnen Psychiatrie fest\u00adge\u00adhal\u00adten. Er wur\u00adde f\u00fcr para\u00adno\u00adid und gemein\u00adge\u00adf\u00e4hr\u00adlich erkl\u00e4rt, soll Autoreifen zer\u00adsto\u00adchen, sei\u00adne Frau ange\u00adgrif\u00adfen und wir\u00adre Vorw\u00fcrfe<!--more--> \u00fcber Schwarzgeldgesch\u00e4fte bei der Hypovereinsbank gemacht haben. Die Regisseurinnen&nbsp; haben Gustl Mollath \u00fcber die Jahre des Prozesses hin\u00adweg beglei\u00adtet und ein inten\u00adsi\u00adves und dif\u00adfe\u00adren\u00adzier\u00adtes Portr\u00e4t \u00fcber einen Mann erschaf\u00adfen, der bis heu\u00adte f\u00fcr sei\u00adne Gerechtigkeit und Rehabilitation k\u00e4mpft.<\/p>\n<figure id=\"attachment_1039\" aria-describedby=\"caption-attachment-1039\" style=\"width: 400px\" class=\"wp-caption alignnone\"><a href=\"http:\/\/fsk-kino.peripherfilm.de\/wp-content\/uploads\/2015\/06\/mollath.jpg\" data-lbwps-width=\"1024\" data-lbwps-height=\"576\" data-lbwps-srcsmall=\"https:\/\/fsk-kino.peripherfilm.de\/wp-content\/uploads\/2015\/06\/mollath-400x225.jpg\" data-lbwps-caption=\"Mollath - und pl\u00f6tzlich bist du verr\u00fcckt\"><img loading=\"lazy\" decoding=\"async\" class=\"size-medium wp-image-1039\" src=\"http:\/\/fsk-kino.peripherfilm.de\/wp-content\/uploads\/2015\/06\/mollath-400x225.jpg\" alt=\"Mollath - und pl\u00f6tzlich bist du verr\u00fcckt\" width=\"400\" height=\"225\" srcset=\"https:\/\/fsk-kino.peripherfilm.de\/wp-content\/uploads\/2015\/06\/mollath-400x225.jpg 400w, https:\/\/fsk-kino.peripherfilm.de\/wp-content\/uploads\/2015\/06\/mollath-300x169.jpg 300w, https:\/\/fsk-kino.peripherfilm.de\/wp-content\/uploads\/2015\/06\/mollath-600x338.jpg 600w, https:\/\/fsk-kino.peripherfilm.de\/wp-content\/uploads\/2015\/06\/mollath.jpg 1024w, https:\/\/fsk-kino.peripherfilm.de\/wp-content\/uploads\/2015\/06\/mollath-624x351.jpg 624w\" sizes=\"auto, (max-width: 400px) 100vw, 400px\"><\/a><figcaption id=\"caption-attachment-1039\" class=\"wp-caption-text\">Mollath \u2013 und pl\u00f6tz\u00adlich bist du verr\u00fcckt<\/figcaption><\/figure>\n<p><em>D 2014, 92&nbsp;Min.<\/em><br>\n<em>Regie: Annika Blendl, Leonie Stade<\/em><br>\n<em>Kamera: Eugen Gritschneder<\/em><br>\n<em>Schnitt.: Nina Ergang<\/em><\/p>\n<p>aktu\u00adel\u00adle Presseberichte:<br>\n<span class=\"caps\">SZ<\/span> 26.06.15:&nbsp;<a href=\"http:\/\/www.sueddeutsche.de\/muenchen\/dokumentarfilm-ueber-gustl-mollath-und-ploetzlich-bist-du-verrueckt-1.2537851\" target=\"_blank\" rel=\"noopener\">hier<\/a><br>\n<span class=\"caps\">ARD<\/span> Mediathek 25.06.15:&nbsp;<a href=\"http:\/\/www.tagesschau.de\/multimedia\/sendung\/ts-8857.html\">hier <\/a><br>\nTagesschau 25.06.15 (ab 13:17 Min.):&nbsp;<a href=\"http:\/\/www.tagesschau.de\/multimedia\/sendung\/ts-8857.html\" target=\"_blank\" rel=\"noopener\">hier<\/a><br>\nFokus 25.06.15:&nbsp;<a href=\"http:\/\/www.focus.de\/kultur\/kino_tv\/film-doku-ueber-mollath-hat-premiere-eim-filmfest-muenchen_id_4775257.html\" target=\"_blank\" rel=\"noopener\">hier<\/a><\/p>\n\n\n<p>&nbsp;<\/p>\n<p><iframe loading=\"lazy\" src=\"https:\/\/player.vimeo.com\/video\/129548119\" width=\"500\" height=\"281\" frameborder=\"0\" allowfullscreen=\"allowfullscreen\"><\/iframe><\/p>\n<p><a href=\"https:\/\/vimeo.com\/129548119\">Trailer Mollath- und pl\u00f6tz\u00adlich bist du ver\u00adr\u00fcckt..<\/a> from <a href=\"https:\/\/vimeo.com\/user10222330\">Zorro Film<\/a> on <a href=\"https:\/\/vimeo.com\">Vimeo<\/a>.<\/p>\n","protected":false},"excerpt":{"rendered":"<p>Mit dem Namen Gustl Mollath ver\u00adbin\u00addet sich einer der gr\u00f6\u00df\u00adten Justizskandale der deut\u00adschen Nachkriegsgeschichte. Siebeneinhalb Jahre wur\u00adde Mollath unrecht\u00adm\u00e4\u00ad\u00dfig in der geschlos\u00adse\u00adnen Psychiatrie fest\u00adge\u00adhal\u00adten. Er wur\u00adde f\u00fcr para\u00adno\u00adid und gemein\u00adge\u00adf\u00e4hr\u00adlich erkl\u00e4rt, soll Autoreifen zer\u00adsto\u00adchen, sei\u00adne Frau ange\u00adgrif\u00adfen und wir\u00adre Vorw\u00fcrfe<\/p>\n","protected":false},"author":2,"featured_media":1038,"comment_status":"closed","ping_status":"open","sticky":false,"template":"","format":"standard","meta":{"_crdt_document":"","wp_typography_post_enhancements_disabled":false,"slim_seo":{"title":"Mollath - und pl\u00f6tzlich bist du verr\u00fcckt - fsk Kino","description":"Mit dem Namen Gustl Mollath verbindet sich einer der gr\u00f6\u00dften Justizskandale der deutschen Nachkriegsgeschichte. Siebeneinhalb Jahre wurde Mollath unrechtm\u00e4\u00dfig i"},"footnotes":""},"categories":[25],"tags":[198],"class_list":["post-1036","post","type-post","status-publish","format-standard","has-post-thumbnail","hentry","category-archiv","tag-nocache"],"_links":{"self":[{"href":"https:\/\/fsk-kino.peripherfilm.de\/en\/wp-json\/wp\/v2\/posts\/1036","targetHints":{"allow":["GET"]}}],"collection":[{"href":"https:\/\/fsk-kino.peripherfilm.de\/en\/wp-json\/wp\/v2\/posts"}],"about":[{"href":"https:\/\/fsk-kino.peripherfilm.de\/en\/wp-json\/wp\/v2\/types\/post"}],"author":[{"embeddable":true,"href":"https:\/\/fsk-kino.peripherfilm.de\/en\/wp-json\/wp\/v2\/users\/2"}],"replies":[{"embeddable":true,"href":"https:\/\/fsk-kino.peripherfilm.de\/en\/wp-json\/wp\/v2\/comments?post=1036"}],"version-history":[{"count":0,"href":"https:\/\/fsk-kino.peripherfilm.de\/en\/wp-json\/wp\/v2\/posts\/1036\/revisions"}],"wp:featuredmedia":[{"embeddable":true,"href":"https:\/\/fsk-kino.peripherfilm.de\/en\/wp-json\/wp\/v2\/media\/1038"}],"wp:attachment":[{"href":"https:\/\/fsk-kino.peripherfilm.de\/en\/wp-json\/wp\/v2\/media?parent=1036"}],"wp:term":[{"taxonomy":"category","embeddable":true,"href":"https:\/\/fsk-kino.peripherfilm.de\/en\/wp-json\/wp\/v2\/categories?post=1036"},{"taxonomy":"post_tag","embeddable":true,"href":"https:\/\/fsk-kino.peripherfilm.de\/en\/wp-json\/wp\/v2\/tags?post=1036"}],"curies":[{"name":"wp","href":"https:\/\/api.w.org\/{rel}","templated":true}]}}